{"id":5563,"date":"2021-06-29T12:00:53","date_gmt":"2021-06-29T12:00:53","guid":{"rendered":"https:\/\/bizalmikor.hu\/blog\/?p=5563"},"modified":"2021-06-30T13:59:25","modified_gmt":"2021-06-30T13:59:25","slug":"jobb-klimat-koltseghatekonyan-ugyfelkozpontu-szemlelettel","status":"publish","type":"post","link":"https:\/\/bizalmikor.hu\/blog\/2021\/06\/29\/jobb-klimat-koltseghatekonyan-ugyfelkozpontu-szemlelettel\/","title":{"rendered":"Jobb kl\u00edm\u00e1t k\u00f6lts\u00e9ghat\u00e9konyan, \u00fcgyf\u00e9lk\u00f6zpont\u00fa szeml\u00e9lettel"},"content":{"rendered":"\n<p><strong>Medgyesi Tam\u00e1s<\/strong> szem\u00e9ly\u00e9ben nemcsak a <strong><a href=\"https:\/\/coolklima.hu\/\">Cool Airconditional Kft.<\/a><\/strong> \u00fcgyvezet\u0151j\u00e9t, hanem egy komplett c\u00e9gcsoportban vezet\u0151 szerepet bet\u00f6lt\u0151 \u00faj tagot k\u00f6sz\u00f6nthet\u00fcnk a Bizalmi K\u00f6r\u00f6n bel\u00fcl. Az al\u00e1bbiakban a vele k\u00e9sz\u00edtett szok\u00e1sos bemutatkoz\u00f3 interj\u00fa r\u00e9szleteit olvashatj\u00e1tok:<\/p>\n\n\n\n<p>\u201eA n\u00e9gy c\u00e9gb\u0151l \u00e1ll\u00f3 c\u00e9gcsoportunk tulajdonosi jogainak gyakorl\u00f3ja egy csal\u00e1di vagyonkezel\u0151. Az operat\u00edv c\u00e9gek a Cool Airconditional Kft., a m\u00e1rka specifikus disztrib\u00faci\u00f3s v\u00e1llalkoz\u00e1snak sz\u00e1m\u00edt\u00f3 M-Kl\u00edma Magyarorsz\u00e1g Kft., illetve egy pilot projektk\u00e9nt m\u0171k\u00f6d\u0151 szerbiai le\u00e1nyv\u00e1llalat.<\/p>\n\n\n\n<p>A Cool Airconditional Kft-n bel\u00fcl alapvet\u0151en k\u00e9t \u00fczlet\u00e1g m\u0171k\u00f6dik, egy c\u00e9gben k\u00e9t k\u00fcl\u00f6n\u00e1ll\u00f3 v\u00e1llalkoz\u00e1st form\u00e1lva. Egyr\u00e9szt \u00e9p\u00fcletg\u00e9p\u00e9szeti \u00e9s projekt kivitelez\u00e9ssel foglalkozunk jellemz\u0151en ott, ahol a h\u0151szivatty\u00faval \u00e9s kl\u00edm\u00e1val kapcsolatos szak\u00e9rtelm\u00fcnk jelent\u0151s hozz\u00e1adott \u00e9rt\u00e9kkel b\u00edr.<\/p>\n\n\n\n<p>A m\u00e1sik \u00fczlet\u00e1gunk egy nagykereskedelmi tev\u00e9kenys\u00e9g, kl\u00edma \u00e9s h\u0151szivatty\u00fa berendez\u00e9sek \u00e9rt\u00e9kes\u00edt\u00e9s\u00e9t v\u00e9gezve kisebb c\u00e9geknek \u00e9s partnereknek, akik ut\u00e1na ezeket a fogyaszt\u00f3khoz juttatj\u00e1k.<\/p>\n\n\n\n<p>A Cool Airconditional Kft. tavalyi \u00e1rbev\u00e9tele t\u00f6bb mint 6 milli\u00e1rd forint volt, a c\u00e9gcsoport teljes bev\u00e9tele 8 milli\u00e1rd feletti. A csoport l\u00e9tsz\u00e1ma pedig 90 f\u0151 k\u00f6r\u00fcli.\u201d<\/p>\n\n\n\n<h2 class=\"wp-block-heading\"><strong>Tam\u00e1s elmond\u00e1sa alapj\u00e1n \u00e9rdekes, egyben tanuls\u00e1gos t\u00f6rt\u00e9nete volt annak is, ahogyan annak idej\u00e9n pont ezzel a ter\u00fclettel kezdett el foglalkozni:&nbsp;<\/strong><\/h2>\n\n\n\n<p>\u201eMaga a c\u00e9galap\u00edt\u00e1s az 1994-es \u00e9vre tehet\u0151. Alapvet\u0151en \u00e9p\u00fcletg\u00e9p\u00e9sz m\u00e9rn\u00f6k v\u00e9gzetts\u00e9ggel rendelkezem. Az egyetemet k\u00f6vet\u0151en mondhatni p\u00e1lyaelhagy\u00f3 lettem, ugyanis informatik\u00e1val kezdtem el foglalkozni.<\/p>\n\n\n\n<p>Egyszer magamnak szerettem volna kl\u00edm\u00e1t v\u00e1s\u00e1rolni, de a folyamat meglehet\u0151sen neh\u00e9zkesre sikeredett. Ekkor t\u00e1madt a gondolat, hogyha egy ilyesfajta ig\u00e9nyt ennyire bonyolult megoldani, akkor k\u00f6nnyen lehet, hogy \u00e9rdemes foglalkozni a k\u00e9rd\u00e9ssel.<\/p>\n\n\n\n<p>Pont ker\u00fclt a l\u00e1t\u00f3k\u00f6r\u00f6mbe egy olyan c\u00e9g, amelyik alapvet\u0151en sz\u00e1m\u00edt\u00f3g\u00e9p nagykereskedelmi importtal foglalkozott, de kl\u00edma berendez\u00e9sek importj\u00e1t is elkezdte.&nbsp; \u00cdgy m\u00e1sod\u00e1ll\u00e1s\u00fa v\u00e1llalkoz\u00e1sk\u00e9nt elind\u00edtottam a dolgot, ami azt\u00e1n sz\u00e9p organikusan a f\u0151 v\u00e1llalkoz\u00e1ss\u00e1 avanzs\u00e1lt.\u201d<\/p>\n\n\n\n<h2 class=\"wp-block-heading\"><strong>Tam\u00e1s mes\u00e9lt nek\u00fcnk a n\u00f6veked\u00e9ssel akaratlanul is egy\u00fctt j\u00e1r\u00f3 kih\u00edv\u00e1sokr\u00f3l \u00e9s m\u00e9rf\u00f6ldk\u00f6vekr\u0151l is:<\/strong><\/h2>\n\n\n\n<p>\u201eT\u00f6bbsz\u00f6r is tal\u00e1lkoztunk m\u00e1r azzal a jelens\u00e9ggel, hogy amikor kifejezetten meredek n\u00f6veked\u00e9si f\u00e1zisban vagyunk, azzal automatikusan j\u00f6nnek bizonyos kih\u00edv\u00e1sok is. Jelenleg ezeknek az \u00e1thidal\u00e1s\u00e1n dolgozunk.<\/p>\n\n\n\n<p>Ezen fel\u00fcl dolgozunk azon is, hogy egy klasszikus magyar priv\u00e1t c\u00e9g v\u00e1llalati kult\u00far\u00e1j\u00e1b\u00f3l mik\u00e9nt tudunk professzion\u00e1lis v\u00e1llalati menedzsmentet, illetve kult\u00far\u00e1t \u00e9p\u00edteni. Ez a fajta \u00e1tmenet jelent aktu\u00e1lisan kih\u00edv\u00e1sokat az \u00e9let\u00fcnkben, ez foglalkoztat mostans\u00e1g.<\/p>\n\n\n\n<h2 class=\"wp-block-heading\"><strong>V\u00e9g\u00fcl a besz\u00e9lget\u00e9s fonal\u00e1t az \u00f6nfejleszt\u00e9s, illetve a felt\u00f6lt\u0151d\u00e9st jelent\u0151 elfoglalts\u00e1gok ir\u00e1ny\u00e1ba terelt\u00fck:<\/strong><\/h2>\n\n\n\n<p>\u201eRendszeresen dolgozom tan\u00e1csad\u00f3kkal. Egyr\u00e9szt a szervezet\u00fcnk, m\u00e1sr\u00e9szt a saj\u00e1t fejl\u0151d\u00e9sem t\u00e1mogat\u00e1sa \u00e9s el\u0151seg\u00edt\u00e9se a c\u00e9l ezen kereszt\u00fcl. Ezen fel\u00fcl \u00e9vente t\u00f6bb alkalommal is igyekszem r\u00e9szt venni tanfolyamokom \u00e9s konferenci\u00e1kon, term\u00e9szetesen a rendszeres olvas\u00e1s mellett.<\/p>\n\n\n\n<p>Ami a szabadid\u0151 elt\u00f6lt\u00e9s\u00e9t illeti, van egy \u00e9lelmiszerm\u00e9rn\u00f6ki \u2013 p\u00e1linkamesteri &#8211; m\u00e1soddiplom\u00e1m. A p\u00e1link\u00e1val kapcsolatos tev\u00e9kenys\u00e9geknek csakis szerelemb\u0151l h\u00f3dolok \u00e9s kimondottan \u00f6r\u00fcl\u00f6k, hogy nem csin\u00e1ltam bel\u0151le \u00fczletet.<\/p>\n\n\n\n<p>Ezen fel\u00fcl \u00fajabban a kamaszkorom lelkesed\u00e9st \u00fajra \u00e9lesztve a zen\u00e9l\u00e9s jelent felt\u00f6lt\u0151d\u00e9st, eg\u00e9sz pontosan nagyb\u0151g\u0151n j\u00e1tszom.\u201d<\/p>\n\n\n\n<hr class=\"wp-block-separator is-style-wide\"\/>\n\n\n\n<h1 class=\"has-text-align-center wp-block-heading\">Szeretn\u00e9l megismerkedni klubtagjainkkal? K\u00e9rj egy megh\u00edv\u00f3t!<\/h1>\n\n\n\n<div class=\"wp-block-button aligncenter\"><a class=\"wp-block-button__link has-background\" href=\"https:\/\/bizalmikor.hu\/kapcsolat\/\" style=\"background-color:#14496b\" target=\"_blank\" rel=\"noreferrer noopener\"><strong>\u00c9rdekel a Bizalmi K\u00f6r klubtags\u00e1g<\/strong><\/a><\/div>\n\n\n\n<hr class=\"wp-block-separator is-style-wide\"\/>\n\n\n\n<p><\/p>\n","protected":false},"excerpt":{"rendered":"<p>Medgyesi Tam\u00e1s szem\u00e9ly\u00e9ben nemcsak a Cool Airconditional Kft. \u00fcgyvezet\u0151j\u00e9t, hanem egy komplett c\u00e9gcsoportban vezet\u0151 szerepet bet\u00f6lt\u0151 \u00faj tagot k\u00f6sz\u00f6nthet\u00fcnk a Bizalmi K\u00f6r\u00f6n bel\u00fcl. Az al\u00e1bbiakban a vele k\u00e9sz\u00edtett szok\u00e1sos bemutatkoz\u00f3 interj\u00fa r\u00e9szleteit olvashatj\u00e1tok: \u201eA n\u00e9gy c\u00e9gb\u0151l \u00e1ll\u00f3 c\u00e9gcsoportunk tulajdonosi jogainak gyakorl\u00f3ja egy csal\u00e1di vagyonkezel\u0151. Az operat\u00edv c\u00e9gek a Cool Airconditional Kft., a m\u00e1rka specifikus disztrib\u00faci\u00f3s [&hellip;]<\/p>\n","protected":false},"author":6,"featured_media":5601,"comment_status":"closed","ping_status":"open","sticky":false,"template":"","format":"standard","meta":{"footnotes":""},"categories":[23],"tags":[],"yoast_head":"<!-- This site is optimized with the Yoast SEO plugin v15.4 - https:\/\/yoast.com\/wordpress\/plugins\/seo\/ -->\n<title>Jobb kl\u00edm\u00e1t k\u00f6lts\u00e9ghat\u00e9konyan, \u00fcgyf\u00e9lk\u00f6zpont\u00fa szeml\u00e9lettel<\/title>\n<meta name=\"description\" content=\"Egyszer magamnak szerettem volna kl\u00edm\u00e1t v\u00e1s\u00e1rolni, de a folyamat meglehet\u0151sen neh\u00e9zkesre sikeredett. Ekkor t\u00e1madt a gondolat, hogyha...\" \/>\n<meta name=\"robots\" content=\"index, follow, max-snippet:-1, max-image-preview:large, max-video-preview:-1\" \/>\n<link rel=\"canonical\" href=\"https:\/\/bizalmikor.hu\/blog\/2021\/06\/29\/jobb-klimat-koltseghatekonyan-ugyfelkozpontu-szemlelettel\/\" \/>\n<meta property=\"og:locale\" content=\"hu_HU\" \/>\n<meta property=\"og:type\" content=\"article\" \/>\n<meta property=\"og:title\" content=\"Jobb kl\u00edm\u00e1t k\u00f6lts\u00e9ghat\u00e9konyan, \u00fcgyf\u00e9lk\u00f6zpont\u00fa szeml\u00e9lettel\" \/>\n<meta property=\"og:description\" content=\"Egyszer magamnak szerettem volna kl\u00edm\u00e1t v\u00e1s\u00e1rolni, de a folyamat meglehet\u0151sen neh\u00e9zkesre sikeredett. Ekkor t\u00e1madt a gondolat, hogyha...\" \/>\n<meta property=\"og:url\" content=\"https:\/\/bizalmikor.hu\/blog\/2021\/06\/29\/jobb-klimat-koltseghatekonyan-ugyfelkozpontu-szemlelettel\/\" \/>\n<meta property=\"og:site_name\" content=\"Bizalmi K\u00f6r blog\" \/>\n<meta property=\"article:publisher\" content=\"https:\/\/www.facebook.com\/bizalmikor\" \/>\n<meta property=\"article:published_time\" content=\"2021-06-29T12:00:53+00:00\" \/>\n<meta property=\"article:modified_time\" content=\"2021-06-30T13:59:25+00:00\" \/>\n<meta property=\"og:image\" content=\"https:\/\/bizalmikor.hu\/blog\/wp-content\/uploads\/2021\/06\/DSC_5305-scaled.jpg\" \/>\n\t<meta property=\"og:image:width\" content=\"2560\" \/>\n\t<meta property=\"og:image:height\" content=\"1685\" \/>\n<meta name=\"twitter:card\" content=\"summary_large_image\" \/>\n<meta name=\"twitter:label1\" content=\"Szerz\u0151:\">\n\t<meta name=\"twitter:data1\" content=\"Kov\u00e1cs D\u00e1niel\">\n\t<meta name=\"twitter:label2\" content=\"Becs\u00fclt olvas\u00e1si id\u0151\">\n\t<meta name=\"twitter:data2\" content=\"3 perc\">\n<script type=\"application\/ld+json\" class=\"yoast-schema-graph\">{\"@context\":\"https:\/\/schema.org\",\"@graph\":[{\"@type\":\"Organization\",\"@id\":\"https:\/\/bizalmikor.hu\/blog\/#organization\",\"name\":\"Bizalmi K\\u00f6r Kft.\",\"url\":\"https:\/\/bizalmikor.hu\/blog\/\",\"sameAs\":[\"https:\/\/www.facebook.com\/bizalmikor\",\"https:\/\/www.instagram.com\/bizalmikor\/\",\"https:\/\/www.linkedin.com\/company\/19165894\",\"https:\/\/www.youtube.com\/channel\/UC7fAD3QCIWeSexU5t6F3YOw?view_as=subscriber\"],\"logo\":{\"@type\":\"ImageObject\",\"@id\":\"https:\/\/bizalmikor.hu\/blog\/#logo\",\"inLanguage\":\"hu\",\"url\":\"https:\/\/bizalmikor.hu\/blog\/wp-content\/uploads\/2019\/02\/Group-2.png\",\"width\":4033,\"height\":1192,\"caption\":\"Bizalmi K\\u00f6r Kft.\"},\"image\":{\"@id\":\"https:\/\/bizalmikor.hu\/blog\/#logo\"}},{\"@type\":\"WebSite\",\"@id\":\"https:\/\/bizalmikor.hu\/blog\/#website\",\"url\":\"https:\/\/bizalmikor.hu\/blog\/\",\"name\":\"Bizalmi K\\u00f6r blog\",\"description\":\"Egynek minden neh\\u00e9z, soknak semmi sem lehetetlen.\",\"publisher\":{\"@id\":\"https:\/\/bizalmikor.hu\/blog\/#organization\"},\"potentialAction\":[{\"@type\":\"SearchAction\",\"target\":\"https:\/\/bizalmikor.hu\/blog\/?s={search_term_string}\",\"query-input\":\"required name=search_term_string\"}],\"inLanguage\":\"hu\"},{\"@type\":\"ImageObject\",\"@id\":\"https:\/\/bizalmikor.hu\/blog\/2021\/06\/29\/jobb-klimat-koltseghatekonyan-ugyfelkozpontu-szemlelettel\/#primaryimage\",\"inLanguage\":\"hu\",\"url\":\"https:\/\/bizalmikor.hu\/blog\/wp-content\/uploads\/2021\/06\/DSC_5305-scaled.jpg\",\"width\":2560,\"height\":1685},{\"@type\":\"WebPage\",\"@id\":\"https:\/\/bizalmikor.hu\/blog\/2021\/06\/29\/jobb-klimat-koltseghatekonyan-ugyfelkozpontu-szemlelettel\/#webpage\",\"url\":\"https:\/\/bizalmikor.hu\/blog\/2021\/06\/29\/jobb-klimat-koltseghatekonyan-ugyfelkozpontu-szemlelettel\/\",\"name\":\"Jobb kl\\u00edm\\u00e1t k\\u00f6lts\\u00e9ghat\\u00e9konyan, \\u00fcgyf\\u00e9lk\\u00f6zpont\\u00fa szeml\\u00e9lettel\",\"isPartOf\":{\"@id\":\"https:\/\/bizalmikor.hu\/blog\/#website\"},\"primaryImageOfPage\":{\"@id\":\"https:\/\/bizalmikor.hu\/blog\/2021\/06\/29\/jobb-klimat-koltseghatekonyan-ugyfelkozpontu-szemlelettel\/#primaryimage\"},\"datePublished\":\"2021-06-29T12:00:53+00:00\",\"dateModified\":\"2021-06-30T13:59:25+00:00\",\"description\":\"Egyszer magamnak szerettem volna kl\\u00edm\\u00e1t v\\u00e1s\\u00e1rolni, de a folyamat meglehet\\u0151sen neh\\u00e9zkesre sikeredett. Ekkor t\\u00e1madt a gondolat, hogyha...\",\"inLanguage\":\"hu\",\"potentialAction\":[{\"@type\":\"ReadAction\",\"target\":[\"https:\/\/bizalmikor.hu\/blog\/2021\/06\/29\/jobb-klimat-koltseghatekonyan-ugyfelkozpontu-szemlelettel\/\"]}]},{\"@type\":\"Article\",\"@id\":\"https:\/\/bizalmikor.hu\/blog\/2021\/06\/29\/jobb-klimat-koltseghatekonyan-ugyfelkozpontu-szemlelettel\/#article\",\"isPartOf\":{\"@id\":\"https:\/\/bizalmikor.hu\/blog\/2021\/06\/29\/jobb-klimat-koltseghatekonyan-ugyfelkozpontu-szemlelettel\/#webpage\"},\"author\":{\"@id\":\"https:\/\/bizalmikor.hu\/blog\/#\/schema\/person\/d48fd5a86cd7b719ff423ad6a892c47c\"},\"headline\":\"Jobb kl\\u00edm\\u00e1t k\\u00f6lts\\u00e9ghat\\u00e9konyan, \\u00fcgyf\\u00e9lk\\u00f6zpont\\u00fa szeml\\u00e9lettel\",\"datePublished\":\"2021-06-29T12:00:53+00:00\",\"dateModified\":\"2021-06-30T13:59:25+00:00\",\"mainEntityOfPage\":{\"@id\":\"https:\/\/bizalmikor.hu\/blog\/2021\/06\/29\/jobb-klimat-koltseghatekonyan-ugyfelkozpontu-szemlelettel\/#webpage\"},\"publisher\":{\"@id\":\"https:\/\/bizalmikor.hu\/blog\/#organization\"},\"image\":{\"@id\":\"https:\/\/bizalmikor.hu\/blog\/2021\/06\/29\/jobb-klimat-koltseghatekonyan-ugyfelkozpontu-szemlelettel\/#primaryimage\"},\"articleSection\":\"Klubtagok bemutat\\u00e1sa\",\"inLanguage\":\"hu\"},{\"@type\":\"Person\",\"@id\":\"https:\/\/bizalmikor.hu\/blog\/#\/schema\/person\/d48fd5a86cd7b719ff423ad6a892c47c\",\"name\":\"Kov\\u00e1cs D\\u00e1niel\",\"image\":{\"@type\":\"ImageObject\",\"@id\":\"https:\/\/bizalmikor.hu\/blog\/#personlogo\",\"inLanguage\":\"hu\",\"url\":\"https:\/\/secure.gravatar.com\/avatar\/47d716fe03040c0eeabaaae8b662c6b9?s=96&d=mm&r=g\",\"caption\":\"Kov\\u00e1cs D\\u00e1niel\"}}]}<\/script>\n<!-- \/ Yoast SEO plugin. -->","_links":{"self":[{"href":"https:\/\/bizalmikor.hu\/blog\/wp-json\/wp\/v2\/posts\/5563"}],"collection":[{"href":"https:\/\/bizalmikor.hu\/blog\/wp-json\/wp\/v2\/posts"}],"about":[{"href":"https:\/\/bizalmikor.hu\/blog\/wp-json\/wp\/v2\/types\/post"}],"author":[{"embeddable":true,"href":"https:\/\/bizalmikor.hu\/blog\/wp-json\/wp\/v2\/users\/6"}],"replies":[{"embeddable":true,"href":"https:\/\/bizalmikor.hu\/blog\/wp-json\/wp\/v2\/comments?post=5563"}],"version-history":[{"count":1,"href":"https:\/\/bizalmikor.hu\/blog\/wp-json\/wp\/v2\/posts\/5563\/revisions"}],"predecessor-version":[{"id":5565,"href":"https:\/\/bizalmikor.hu\/blog\/wp-json\/wp\/v2\/posts\/5563\/revisions\/5565"}],"wp:featuredmedia":[{"embeddable":true,"href":"https:\/\/bizalmikor.hu\/blog\/wp-json\/wp\/v2\/media\/5601"}],"wp:attachment":[{"href":"https:\/\/bizalmikor.hu\/blog\/wp-json\/wp\/v2\/media?parent=5563"}],"wp:term":[{"taxonomy":"category","embeddable":true,"href":"https:\/\/bizalmikor.hu\/blog\/wp-json\/wp\/v2\/categories?post=5563"},{"taxonomy":"post_tag","embeddable":true,"href":"https:\/\/bizalmikor.hu\/blog\/wp-json\/wp\/v2\/tags?post=5563"}],"curies":[{"name":"wp","href":"https:\/\/api.w.org\/{rel}","templated":true}]}}