{"id":5569,"date":"2021-07-02T07:13:24","date_gmt":"2021-07-02T07:13:24","guid":{"rendered":"https:\/\/bizalmikor.hu\/blog\/?p=5569"},"modified":"2021-07-02T08:28:59","modified_gmt":"2021-07-02T08:28:59","slug":"milyen-vezetoi-strategiat-alkalmazzunk-a-cegunk-menedzselesehez","status":"publish","type":"post","link":"https:\/\/bizalmikor.hu\/blog\/2021\/07\/02\/milyen-vezetoi-strategiat-alkalmazzunk-a-cegunk-menedzselesehez\/","title":{"rendered":"Milyen vezet\u0151i strat\u00e9gi\u00e1t alkalmazzunk a c\u00e9g\u00fcnk menedzsel\u00e9s\u00e9hez? &#8211; VIDE\u00d3"},"content":{"rendered":"\n<p>A <a href=\"https:\/\/www.youtube.com\/watch?v=lwvCuMDAr9E\"><strong>Bizalmi K\u00f6r<\/strong> <strong>Business Talks<\/strong><\/a><strong> <\/strong>Trend rovat\u00e1ban <strong>V\u00e9g Ott\u00f3val<\/strong> besz\u00e9lgett\u00fcnk, m\u00e9gpedig a 2021-ben legink\u00e1bb m\u0171k\u00f6d\u0151k\u00e9pes vezet\u0151i strat\u00e9gi\u00e1kr\u00f3l. Ott\u00f3 a <a href=\"https:\/\/3rdgen.eu\/hu\/ceg\/bemutatkozas\">3rdGEN Zrt.<\/a> egyik alap\u00edt\u00f3jak\u00e9nt napi szinten dolgozik vezet\u0151kkel, \u00fagyhogy t\u00f6k\u00e9letes r\u00e1l\u00e1t\u00e1sa van az egyes vezet\u0151i strat\u00e9gi\u00e1k eredm\u00e9nyess\u00e9g\u00e9re.<\/p>\n\n\n\n<h2 class=\"wp-block-heading\"><strong>V\u00e1ltozhatunk egy\u00e1ltal\u00e1n vezet\u0151k\u00e9nt, tudjuk m\u00f3dos\u00edtani a vezet\u0151i st\u00edlusunkat?<\/strong><\/h2>\n\n\n\n<p>L\u00e9teznek \u00fagynevezett sz\u00fcletett vezet\u0151 t\u00edpusok, \u00e9s a legt\u00f6bben mondhatni sz\u00fclettek is valamilyen vezet\u0151i st\u00edlusra. Ett\u0151l f\u00fcggetlen\u00fcl a vezet\u0151i st\u00edlus \u00e9s attit\u0171d igenis tanulhat\u00f3, a k\u00f6r\u00fclm\u00e9nyek \u00e9s helyzetek \u00e1lland\u00f3 form\u00e1l\u00f3d\u00e1sa miatt pedig musz\u00e1j v\u00e1ltoztatnunk id\u0151nk\u00e9nt.<\/p>\n\n\n\n<p>P\u00e9ld\u00e1ul a Covid-19 helyzett\u0151l f\u00fcggetlen\u00fcl is egyre kev\u00e9sb\u00e9 m\u0171k\u00f6dik ma m\u00e1r az ir\u00e1ny\u00edt\u00f3 vezet\u0151i st\u00edlus. Ink\u00e1bb a coaching, a bevon\u00f3d\u00e1s fel\u00e9 mutatnak a trendek, \u00edgy legink\u00e1bb az egy\u00fcttm\u0171k\u00f6d\u0151 hozz\u00e1\u00e1ll\u00e1s lehet a k\u00e9zenfekv\u0151 manaps\u00e1g vezet\u0151k\u00e9nt.<\/p>\n\n\n\n<h2 class=\"wp-block-heading\"><strong>Hogyan ismerhet\u0151 fel, hogy v\u00e1ltoz\u00e1sra van sz\u00fcks\u00e9g a vezet\u0151i st\u00edlusunkat tekintve?<\/strong><\/h2>\n\n\n\n<p>Magunkt\u00f3l nem biztos, hogy \u00e9rz\u00e9kelni tudjuk a v\u00e1ltoz\u00e1s sz\u00fcks\u00e9gess\u00e9g\u00e9t. L\u00e9nyeges szempont teh\u00e1t a nyitott hozz\u00e1\u00e1ll\u00e1s a visszajelz\u00e9sekre vonatkoz\u00f3an. Vegy\u00fck magunkat k\u00f6rbe nyitottan kommunik\u00e1l\u00f3 bizalmi emberekkel, illetve ne f\u00e9lj\u00fcnk k\u00fcls\u0151 seg\u00edts\u00e9get is ig\u00e9nybe venni.<\/p>\n\n\n\n<p>Ak\u00e1r egy \u00fczleti partner, mentor, vagy beosztott r\u00e9sz\u00e9r\u0151l is \u00e9rkezhet kiemelked\u0151en fontos visszajelz\u00e9s. Emellett pedig t\u00f6bbek k\u00f6z\u00f6tt egy <a href=\"https:\/\/bizalmikor.hu\/mastermind-klub-hogyan-mukodik\/\">mesterelme csoportban<\/a> is r\u00e1vil\u00e1g\u00edthatnak sz\u00e1munkra a v\u00e1ltoz\u00e1s sz\u00fcks\u00e9ges mivolt\u00e1ra.<\/p>\n\n\n\n<h2 class=\"wp-block-heading\"><strong>L\u00e9tezhet-e olyan, hogy egy vezet\u0151 \u00e9vtizedeken \u00e1t egyetlen st\u00edlust k\u00e9pvisel?<\/strong><\/h2>\n\n\n\n<p>Hab\u00e1r akadhat erre p\u00e9lda, de ez a fajta attit\u0171d nem lesz sikeres. Merthogy alkalmazkodni kell a v\u00e1ltoz\u00f3 k\u00f6r\u00fclm\u00e9nyekhez, ha eredm\u00e9nyesek szeretn\u00e9nk maradni. Tipikus p\u00e9lda erre a nagyj\u00e1b\u00f3l t\u00edz\u00e9vente bek\u00f6vetkez\u0151 v\u00e1ls\u00e1ghelyzetek sorozata.<\/p>\n\n\n\n<p>Ha nem idomulunk a mark\u00e1nsan \u00e1tform\u00e1l\u00f3d\u00f3 k\u00fcls\u0151 k\u00f6r\u00fclm\u00e9nyekhez, akkor eg\u00e9sz egyszer\u0171en nem fog m\u0171k\u00f6dni a dolog. Nyitottan, a k\u00f6r\u00fclm\u00e9nyekre odafigyelve kell teh\u00e1t tenni a dolgunkat vezet\u0151k\u00e9nt.<\/p>\n\n\n\n<h2 class=\"wp-block-heading\"><strong>Milyen eszk\u00f6z\u00f6k \u00e9s strat\u00e9gi\u00e1k m\u0171k\u00f6dnek legink\u00e1bb vezet\u0151k\u00e9nt?<\/strong><\/h2>\n\n\n\n<p>Mik\u00f6zben a nehezebb helyzetekben ir\u00e1ny\u00edt\u00f3 attit\u0171d\u00f6t kell felvenni, legink\u00e1bb az egy\u00fcttm\u0171k\u00f6d\u0151 vezet\u0151i st\u00edlus a legink\u00e1bb kifizet\u0151d\u0151. Ami a sz\u00f3ba j\u00f6het\u0151 eszk\u00f6z\u00f6ket illeti, a kommunik\u00e1ci\u00f3 kiemelt szerepe megk\u00e9rd\u0151jelezhetetlen.<\/p>\n\n\n\n<p>A nyitotts\u00e1got pedig t\u00e9nyleg nem javasolt kivenni a k\u00e9pletb\u0151l. \u00dcgyfelekkel, \u00fczleti partnerekkel vagy k\u00fcls\u0151s mentorral egy\u00fcttm\u0171k\u00f6dve a kritikai \u00e9szrev\u00e9telekb\u0151l is le kell vonni a tanuls\u00e1got, hogy t\u00e9nyleg a lehet\u0151 leghat\u00e9konyabban tudjunk m\u0171k\u00f6dni vezet\u0151k\u00e9nt. Egy j\u00f3l megv\u00e1lasztott, tapasztalt k\u00fcls\u0151s mentor bevon\u00e1s\u00e1val tudatosan tudunk, jav\u00edtani, v\u00e1ltoztatni illetve a k\u00fcl\u00f6nb\u00f6z\u0151 helyzetekben a megfelel\u0151 megold\u00e1st v\u00e1lasztani.<\/p>\n\n\n\n<figure class=\"wp-block-embed-youtube wp-block-embed is-type-video is-provider-youtube wp-embed-aspect-16-9 wp-has-aspect-ratio\"><div class=\"wp-block-embed__wrapper\">\n<iframe loading=\"lazy\" title=\"Business Talks Trend: V\u00e9g Ott\u00f3val vezet\u0151i strat\u00e9gi\u00e1kr\u00f3l 2021.03.04.\" width=\"500\" height=\"281\" src=\"https:\/\/www.youtube.com\/embed\/lwvCuMDAr9E?feature=oembed\" frameborder=\"0\" allow=\"accelerometer; autoplay; clipboard-write; encrypted-media; gyroscope; picture-in-picture; web-share\" referrerpolicy=\"strict-origin-when-cross-origin\" allowfullscreen><\/iframe>\n<\/div><\/figure>\n\n\n\n<hr class=\"wp-block-separator is-style-wide\"\/>\n\n\n\n<h1 class=\"has-text-align-center wp-block-heading\">Szeretn\u00e9l megismerkedni klubtagjainkkal? K\u00e9rj egy megh\u00edv\u00f3t!<\/h1>\n\n\n\n<div class=\"wp-block-button aligncenter\"><a class=\"wp-block-button__link has-background\" href=\"https:\/\/bizalmikor.hu\/kapcsolat\/\" style=\"background-color:#14496b\" target=\"_blank\" rel=\"noreferrer noopener\"><strong>\u00c9rdekel a Bizalmi K\u00f6r klubtags\u00e1g<\/strong><\/a><\/div>\n\n\n\n<hr class=\"wp-block-separator is-style-wide\"\/>\n","protected":false},"excerpt":{"rendered":"<p>A Bizalmi K\u00f6r Business Talks Trend rovat\u00e1ban V\u00e9g Ott\u00f3val besz\u00e9lgett\u00fcnk, m\u00e9gpedig a 2021-ben legink\u00e1bb m\u0171k\u00f6d\u0151k\u00e9pes vezet\u0151i strat\u00e9gi\u00e1kr\u00f3l. Ott\u00f3 a 3rdGEN Zrt. egyik alap\u00edt\u00f3jak\u00e9nt napi szinten dolgozik vezet\u0151kkel, \u00fagyhogy t\u00f6k\u00e9letes r\u00e1l\u00e1t\u00e1sa van az egyes vezet\u0151i strat\u00e9gi\u00e1k eredm\u00e9nyess\u00e9g\u00e9re. V\u00e1ltozhatunk egy\u00e1ltal\u00e1n vezet\u0151k\u00e9nt, tudjuk m\u00f3dos\u00edtani a vezet\u0151i st\u00edlusunkat? L\u00e9teznek \u00fagynevezett sz\u00fcletett vezet\u0151 t\u00edpusok, \u00e9s a legt\u00f6bben mondhatni sz\u00fclettek is [&hellip;]<\/p>\n","protected":false},"author":6,"featured_media":5618,"comment_status":"closed","ping_status":"open","sticky":false,"template":"","format":"standard","meta":{"footnotes":""},"categories":[24,16],"tags":[],"yoast_head":"<!-- This site is optimized with the Yoast SEO plugin v15.4 - https:\/\/yoast.com\/wordpress\/plugins\/seo\/ -->\n<title>Milyen vezet\u0151i strat\u00e9gi\u00e1t alkalmazzunk a c\u00e9g\u00fcnk menedzsel\u00e9s\u00e9hez? - VIDE\u00d3<\/title>\n<meta name=\"description\" content=\"Milyen vezet\u0151i strat\u00e9gi\u00e1k m\u0171k\u00f6dnek ma legink\u00e1bb, hogyan ismerj\u00fck fel a v\u00e1ltoz\u00e1s sz\u00fcks\u00e9g\u00e9t, illetve milyen k\u00e9szs\u00e9gekre \u00e9s eszk\u00f6z\u00f6kre lehet sz\u00fcks\u00e9g\u00fcnk vezet\u0151k\u00e9nt?\" \/>\n<meta name=\"robots\" content=\"index, follow, max-snippet:-1, max-image-preview:large, max-video-preview:-1\" \/>\n<link rel=\"canonical\" href=\"https:\/\/bizalmikor.hu\/blog\/2021\/07\/02\/milyen-vezetoi-strategiat-alkalmazzunk-a-cegunk-menedzselesehez\/\" \/>\n<meta property=\"og:locale\" content=\"hu_HU\" \/>\n<meta property=\"og:type\" content=\"article\" \/>\n<meta property=\"og:title\" content=\"Milyen vezet\u0151i strat\u00e9gi\u00e1t alkalmazzunk a c\u00e9g\u00fcnk menedzsel\u00e9s\u00e9hez? - VIDE\u00d3\" \/>\n<meta property=\"og:description\" content=\"Milyen vezet\u0151i strat\u00e9gi\u00e1k m\u0171k\u00f6dnek ma legink\u00e1bb, hogyan ismerj\u00fck fel a v\u00e1ltoz\u00e1s sz\u00fcks\u00e9g\u00e9t, illetve milyen k\u00e9szs\u00e9gekre \u00e9s eszk\u00f6z\u00f6kre lehet sz\u00fcks\u00e9g\u00fcnk vezet\u0151k\u00e9nt?\" \/>\n<meta property=\"og:url\" content=\"https:\/\/bizalmikor.hu\/blog\/2021\/07\/02\/milyen-vezetoi-strategiat-alkalmazzunk-a-cegunk-menedzselesehez\/\" \/>\n<meta property=\"og:site_name\" content=\"Bizalmi K\u00f6r blog\" \/>\n<meta property=\"article:publisher\" content=\"https:\/\/www.facebook.com\/bizalmikor\" \/>\n<meta property=\"article:published_time\" content=\"2021-07-02T07:13:24+00:00\" \/>\n<meta property=\"article:modified_time\" content=\"2021-07-02T08:28:59+00:00\" \/>\n<meta property=\"og:image\" content=\"https:\/\/bizalmikor.hu\/blog\/wp-content\/uploads\/2021\/07\/Foto-3rdGEN-hatter-scaled-1.jpg\" \/>\n\t<meta property=\"og:image:width\" content=\"2560\" \/>\n\t<meta property=\"og:image:height\" content=\"1709\" \/>\n<meta name=\"twitter:card\" content=\"summary_large_image\" \/>\n<meta name=\"twitter:label1\" content=\"Szerz\u0151:\">\n\t<meta name=\"twitter:data1\" content=\"Kov\u00e1cs D\u00e1niel\">\n\t<meta name=\"twitter:label2\" content=\"Becs\u00fclt olvas\u00e1si id\u0151\">\n\t<meta name=\"twitter:data2\" content=\"2 perc\">\n<script type=\"application\/ld+json\" class=\"yoast-schema-graph\">{\"@context\":\"https:\/\/schema.org\",\"@graph\":[{\"@type\":\"Organization\",\"@id\":\"https:\/\/bizalmikor.hu\/blog\/#organization\",\"name\":\"Bizalmi K\\u00f6r Kft.\",\"url\":\"https:\/\/bizalmikor.hu\/blog\/\",\"sameAs\":[\"https:\/\/www.facebook.com\/bizalmikor\",\"https:\/\/www.instagram.com\/bizalmikor\/\",\"https:\/\/www.linkedin.com\/company\/19165894\",\"https:\/\/www.youtube.com\/channel\/UC7fAD3QCIWeSexU5t6F3YOw?view_as=subscriber\"],\"logo\":{\"@type\":\"ImageObject\",\"@id\":\"https:\/\/bizalmikor.hu\/blog\/#logo\",\"inLanguage\":\"hu\",\"url\":\"https:\/\/bizalmikor.hu\/blog\/wp-content\/uploads\/2019\/02\/Group-2.png\",\"width\":4033,\"height\":1192,\"caption\":\"Bizalmi K\\u00f6r Kft.\"},\"image\":{\"@id\":\"https:\/\/bizalmikor.hu\/blog\/#logo\"}},{\"@type\":\"WebSite\",\"@id\":\"https:\/\/bizalmikor.hu\/blog\/#website\",\"url\":\"https:\/\/bizalmikor.hu\/blog\/\",\"name\":\"Bizalmi K\\u00f6r blog\",\"description\":\"Egynek minden neh\\u00e9z, soknak semmi sem lehetetlen.\",\"publisher\":{\"@id\":\"https:\/\/bizalmikor.hu\/blog\/#organization\"},\"potentialAction\":[{\"@type\":\"SearchAction\",\"target\":\"https:\/\/bizalmikor.hu\/blog\/?s={search_term_string}\",\"query-input\":\"required name=search_term_string\"}],\"inLanguage\":\"hu\"},{\"@type\":\"ImageObject\",\"@id\":\"https:\/\/bizalmikor.hu\/blog\/2021\/07\/02\/milyen-vezetoi-strategiat-alkalmazzunk-a-cegunk-menedzselesehez\/#primaryimage\",\"inLanguage\":\"hu\",\"url\":\"https:\/\/bizalmikor.hu\/blog\/wp-content\/uploads\/2021\/07\/Foto-3rdGEN-hatter-scaled-1.jpg\",\"width\":2560,\"height\":1709},{\"@type\":\"WebPage\",\"@id\":\"https:\/\/bizalmikor.hu\/blog\/2021\/07\/02\/milyen-vezetoi-strategiat-alkalmazzunk-a-cegunk-menedzselesehez\/#webpage\",\"url\":\"https:\/\/bizalmikor.hu\/blog\/2021\/07\/02\/milyen-vezetoi-strategiat-alkalmazzunk-a-cegunk-menedzselesehez\/\",\"name\":\"Milyen vezet\\u0151i strat\\u00e9gi\\u00e1t alkalmazzunk a c\\u00e9g\\u00fcnk menedzsel\\u00e9s\\u00e9hez? - VIDE\\u00d3\",\"isPartOf\":{\"@id\":\"https:\/\/bizalmikor.hu\/blog\/#website\"},\"primaryImageOfPage\":{\"@id\":\"https:\/\/bizalmikor.hu\/blog\/2021\/07\/02\/milyen-vezetoi-strategiat-alkalmazzunk-a-cegunk-menedzselesehez\/#primaryimage\"},\"datePublished\":\"2021-07-02T07:13:24+00:00\",\"dateModified\":\"2021-07-02T08:28:59+00:00\",\"description\":\"Milyen vezet\\u0151i strat\\u00e9gi\\u00e1k m\\u0171k\\u00f6dnek ma legink\\u00e1bb, hogyan ismerj\\u00fck fel a v\\u00e1ltoz\\u00e1s sz\\u00fcks\\u00e9g\\u00e9t, illetve milyen k\\u00e9szs\\u00e9gekre \\u00e9s eszk\\u00f6z\\u00f6kre lehet sz\\u00fcks\\u00e9g\\u00fcnk vezet\\u0151k\\u00e9nt?\",\"inLanguage\":\"hu\",\"potentialAction\":[{\"@type\":\"ReadAction\",\"target\":[\"https:\/\/bizalmikor.hu\/blog\/2021\/07\/02\/milyen-vezetoi-strategiat-alkalmazzunk-a-cegunk-menedzselesehez\/\"]}]},{\"@type\":\"Article\",\"@id\":\"https:\/\/bizalmikor.hu\/blog\/2021\/07\/02\/milyen-vezetoi-strategiat-alkalmazzunk-a-cegunk-menedzselesehez\/#article\",\"isPartOf\":{\"@id\":\"https:\/\/bizalmikor.hu\/blog\/2021\/07\/02\/milyen-vezetoi-strategiat-alkalmazzunk-a-cegunk-menedzselesehez\/#webpage\"},\"author\":{\"@id\":\"https:\/\/bizalmikor.hu\/blog\/#\/schema\/person\/d48fd5a86cd7b719ff423ad6a892c47c\"},\"headline\":\"Milyen vezet\\u0151i strat\\u00e9gi\\u00e1t alkalmazzunk a c\\u00e9g\\u00fcnk menedzsel\\u00e9s\\u00e9hez? &#8211; VIDE\\u00d3\",\"datePublished\":\"2021-07-02T07:13:24+00:00\",\"dateModified\":\"2021-07-02T08:28:59+00:00\",\"mainEntityOfPage\":{\"@id\":\"https:\/\/bizalmikor.hu\/blog\/2021\/07\/02\/milyen-vezetoi-strategiat-alkalmazzunk-a-cegunk-menedzselesehez\/#webpage\"},\"publisher\":{\"@id\":\"https:\/\/bizalmikor.hu\/blog\/#organization\"},\"image\":{\"@id\":\"https:\/\/bizalmikor.hu\/blog\/2021\/07\/02\/milyen-vezetoi-strategiat-alkalmazzunk-a-cegunk-menedzselesehez\/#primaryimage\"},\"articleSection\":\"\\u00dczleti \\u00e9rdekess\\u00e9gek,V\\u00e1llalkoz\\u00e1s\",\"inLanguage\":\"hu\"},{\"@type\":\"Person\",\"@id\":\"https:\/\/bizalmikor.hu\/blog\/#\/schema\/person\/d48fd5a86cd7b719ff423ad6a892c47c\",\"name\":\"Kov\\u00e1cs D\\u00e1niel\",\"image\":{\"@type\":\"ImageObject\",\"@id\":\"https:\/\/bizalmikor.hu\/blog\/#personlogo\",\"inLanguage\":\"hu\",\"url\":\"https:\/\/secure.gravatar.com\/avatar\/47d716fe03040c0eeabaaae8b662c6b9?s=96&d=mm&r=g\",\"caption\":\"Kov\\u00e1cs D\\u00e1niel\"}}]}<\/script>\n<!-- \/ Yoast SEO plugin. -->","_links":{"self":[{"href":"https:\/\/bizalmikor.hu\/blog\/wp-json\/wp\/v2\/posts\/5569"}],"collection":[{"href":"https:\/\/bizalmikor.hu\/blog\/wp-json\/wp\/v2\/posts"}],"about":[{"href":"https:\/\/bizalmikor.hu\/blog\/wp-json\/wp\/v2\/types\/post"}],"author":[{"embeddable":true,"href":"https:\/\/bizalmikor.hu\/blog\/wp-json\/wp\/v2\/users\/6"}],"replies":[{"embeddable":true,"href":"https:\/\/bizalmikor.hu\/blog\/wp-json\/wp\/v2\/comments?post=5569"}],"version-history":[{"count":1,"href":"https:\/\/bizalmikor.hu\/blog\/wp-json\/wp\/v2\/posts\/5569\/revisions"}],"predecessor-version":[{"id":5572,"href":"https:\/\/bizalmikor.hu\/blog\/wp-json\/wp\/v2\/posts\/5569\/revisions\/5572"}],"wp:featuredmedia":[{"embeddable":true,"href":"https:\/\/bizalmikor.hu\/blog\/wp-json\/wp\/v2\/media\/5618"}],"wp:attachment":[{"href":"https:\/\/bizalmikor.hu\/blog\/wp-json\/wp\/v2\/media?parent=5569"}],"wp:term":[{"taxonomy":"category","embeddable":true,"href":"https:\/\/bizalmikor.hu\/blog\/wp-json\/wp\/v2\/categories?post=5569"},{"taxonomy":"post_tag","embeddable":true,"href":"https:\/\/bizalmikor.hu\/blog\/wp-json\/wp\/v2\/tags?post=5569"}],"curies":[{"name":"wp","href":"https:\/\/api.w.org\/{rel}","templated":true}]}}