{"id":6260,"date":"2022-03-16T11:18:18","date_gmt":"2022-03-16T11:18:18","guid":{"rendered":"https:\/\/bizalmikor.hu\/blog\/?p=6260"},"modified":"2024-07-24T13:49:20","modified_gmt":"2024-07-24T13:49:20","slug":"cegvezetok-viharban-van-a-legnagyobb-szukseg-a-kapitanyra","status":"publish","type":"post","link":"https:\/\/bizalmikor.hu\/blog\/2022\/03\/16\/cegvezetok-viharban-van-a-legnagyobb-szukseg-a-kapitanyra\/","title":{"rendered":"C\u00e9gvezet\u0151k: viharban van a legnagyobb sz\u00fcks\u00e9g a kapit\u00e1nyra!"},"content":{"rendered":"\n<p>2020 m\u00e1jus\u00e1ban az Edelman <a href=\"https:\/\/www.edelman.com\/sites\/g\/files\/aatuss191\/files\/2020-05\/2020%20Edelman%20Trust%20Barometer%20Spring%20Update.pdf\">felm\u00e9r\u00e9st<\/a> k\u00e9sz\u00edtett. Az eredm\u00e9ny d\u00f6bbenetes volt. A politikusok nagyobb el\u0151nyt kov\u00e1csoltak a COVID-b\u00f3l, mint a c\u00e9gvezet\u0151k. A legnagyobb k\u00fcl\u00f6nbs\u00e9g az volt, hogy a politikusok kommunik\u00e1ltak, kapaszkod\u00f3t, t\u00e1j\u00e9koz\u00f3d\u00e1si pontot jelentettek az emberek sz\u00e1m\u00e1ra, m\u00edg a c\u00e9gvezet\u0151k kerest\u00e9k, hogy \u00e1lljanak a dologhoz. A slide c\u00edme ez volt: \u201cA c\u00e9gvezet\u0151k kihagyt\u00e1k a lehet\u0151s\u00e9get, hogy megmutass\u00e1k, mennyire fontos r\u00e9szei a t\u00e1rsadalomnak\u201d.&nbsp;<\/p>\n\n\n\n<p>\u00c9s most, k\u00e9t \u00e9vvel k\u00e9s\u0151bb ism\u00e9t egy kr\u00edzishelyzet k\u00f6zel\u00e9ben vagyunk. Lassan megszokjuk, ez v\u00e1lik norm\u00e1liss\u00e1. C\u00e9gvezet\u0151k\u00e9nt ism\u00e9t rajtunk a vil\u00e1g szeme, el\u0151tt\u00fcnk a feladat, j\u00f3 d\u00f6nt\u00e9seket kell hozni, hiszen csal\u00e1dok sorsa m\u00falik a d\u00f6nt\u00e9seinken. Nincs recept, nincsenek klis\u00e9k, bev\u00e1lt m\u00f3dszerek. Alapelvek, hozz\u00e1\u00e1ll\u00e1s van, ami a k\u00f6vetkez\u0151 id\u0151szakban c\u00e9gek \u00e9let\u00e9r\u0151l vagy \u00e9pp hal\u00e1l\u00e1r\u00f3l d\u00f6nt.&nbsp;<\/p>\n\n\n\n<h1 class=\"wp-block-heading\"><strong>Az al\u00e1bbiakban megmutatom, \u00e9n hogy \u00e1llok az eg\u00e9szhez c\u00e9gvezet\u0151k\u00e9nt, rem\u00e9lve, hogy valamit tudsz bel\u0151le hasznos\u00edtani:&nbsp;<\/strong><\/h1>\n\n\n\n<div class=\"wp-block-image is-style-default\"><figure class=\"aligncenter size-large is-resized\"><img loading=\"lazy\" decoding=\"async\" src=\"https:\/\/bizalmikor.hu\/blog\/wp-content\/uploads\/2022\/03\/Frame-319-1024x576.jpg\" alt=\"\" class=\"wp-image-6264\" width=\"951\" height=\"535\" srcset=\"https:\/\/bizalmikor.hu\/blog\/wp-content\/uploads\/2022\/03\/Frame-319-1024x576.jpg 1024w, https:\/\/bizalmikor.hu\/blog\/wp-content\/uploads\/2022\/03\/Frame-319-300x169.jpg 300w, https:\/\/bizalmikor.hu\/blog\/wp-content\/uploads\/2022\/03\/Frame-319-768x432.jpg 768w, https:\/\/bizalmikor.hu\/blog\/wp-content\/uploads\/2022\/03\/Frame-319-1536x864.jpg 1536w, https:\/\/bizalmikor.hu\/blog\/wp-content\/uploads\/2022\/03\/Frame-319.jpg 1920w\" sizes=\"(max-width: 951px) 100vw, 951px\" \/><\/figure><\/div>\n\n\n\n<h2 class=\"wp-block-heading\"><strong>T\u00f6rekszem a higgadt helyzet\u00e9rt\u00e9kel\u00e9sre: <\/strong><\/h2>\n\n\n\n<p>60 kilom\u00e9terre a d\u00e9lszl\u00e1v h\u00e1bor\u00fa mellett n\u0151ttem fel (P\u00e9cs, 1990-1992). Semmi bajunk nem lett. Ez sz\u00e1momra fontos viszony\u00edt\u00e1si pont. Persze sok k\u00fcl\u00f6nbs\u00e9g van a k\u00e9t helyzet k\u00f6z\u00f6tt, de az egyik legnagyobb, hogy akkor nem mosta az agyunkat ilyen brut\u00e1lis er\u0151vel a m\u00e9dia. Nem volt ekkora f\u00e9lelemkelt\u00e9s. Gazdas\u00e1gilag val\u00f3sz\u00edn\u0171, hogy j\u00f6nnek extr\u00e9m helyzetek, de a h\u00e1bor\u00fa <strong>nem a hat\u00e1rainkon bel\u00fcl <\/strong>zajlik. Rengeteg dolog van, amire van r\u00e1hat\u00e1som, ezekkel t\u00f6r\u0151d\u00f6m, \u00e9s igyekszem olyan \u00faj szempontokat is figyelembe venni, amelyek seg\u00edtenek abban, hogy extr\u00e9m helyzetekben is stabilak maradjunk.&nbsp;<\/p>\n\n\n\n<h2 class=\"wp-block-heading\"><strong>T\u00f6rekszem a ment\u00e1lis nyom\u00e1s cs\u00f6kkent\u00e9s\u00e9re: <\/strong><\/h2>\n\n\n\n<p>Egyik napr\u00f3l a m\u00e1sikra a m\u00e9dia 98%-a az orosz-ukr\u00e1n h\u00e1bor\u00far\u00f3l sz\u00f3l. A v\u00e9glegekig polariz\u00e1lt vil\u00e1gunkban a m\u00e9dia kiv\u00e1lasztja helyett\u00fcnk, hogy ki a j\u00f3 \u00e9s ki a rossz (ez\u00e9rt propaganda), \u00e9s d\u00fcb\u00f6r\u00f6g a propaganda. Hozz\u00e1nk most \u00e9ppen a nyugati propaganda \u00e9r el, ami m\u00f6g\u00e9 a vil\u00e1g nagyr\u00e9sze felsorakozott. A SBERBANK megmutatta, hogy hi\u00e1ba van a hat\u00e1r t\u00faloldal\u00e1n a h\u00e1bor\u00fa, k\u00f6zvetlen hat\u00e1ssal is tud lenni r\u00e1nk. C\u00e9gvezet\u0151k\u00e9nt \u00e9ppen t\u00fal vagyunk egy f\u00e1raszt\u00f3 COVID id\u0151szakon, v\u00e9gre m\u0171k\u00f6dni kezdtek a dolgok, \u00e9s most \u00fajra vihar j\u00f6n. A m\u00e9dia r\u00e1ad\u00e1sul \u00f3ri\u00e1si ment\u00e1lis nyom\u00e1st tesz a koll\u00e9g\u00e1inkra is.<\/p>\n\n\n\n<p> A COVID alatt megtanultuk, hogy ha nem viselsz maszkot, nem maradsz otthon, akkor rossz vagy. Most azt tanuljuk, hogy ha nem adom\u00e1nyozol, nem \u00e1llsz ki egy kommenttel az ukr\u00e1nok mellett, akkor rossz vagy. Nem mintha a komment b\u00e1rmit seg\u00edtene, t\u00fal azon, hogy a m\u00e9diat\u00fals\u00falyt n\u00f6veli, de ez egy m\u00e1sik t\u00e9ma. Ami viszont fontos, hogy a h\u00edrek a jelenleg \u00e9rz\u00e9kelhet\u0151 magyar val\u00f3s\u00e1gn\u00e1l sokkal rosszabb k\u00e9pet festenek. A legjobb, amit tehet\u00fcnk, hogy kivessz\u00fck magunkat ez al\u00f3l a brut\u00e1lis ment\u00e1lis nyom\u00e1s al\u00f3l, \u00e9s t\u00f6reksz\u00fcnk arra, hogy a koll\u00e9g\u00e1ink is ezt tegy\u00e9k. J\u00f3 megold\u00e1s, ha maximum annyi h\u00edrt olvasunk, amennyi a minim\u00e1lis t\u00e1j\u00e9kozotts\u00e1ghoz sz\u00fcks\u00e9ges.&nbsp;<\/p>\n\n\n\n<h2 class=\"wp-block-heading\"><strong>Kommunik\u00e1lok a koll\u00e9g\u00e1immal: <\/strong><\/h2>\n\n\n\n<p>A h\u00e1bor\u00fa nagyobb \u00f6sszef\u00fcgg\u00e9seit \u00fagysem ismerj\u00fck, \u00e9s ak\u00e1r a nyugati, ak\u00e1r a keleti propaganda hat\u00e1sa alatt vagyunk, egyik sem ad tiszta k\u00e9pet. C\u00e9gvezet\u0151k\u00e9nt a legjobb, amit tehetek, hogy kommunik\u00e1lok a koll\u00e9g\u00e1immal. Megmutatom, hogy m\u00e9g mindig 100%-ban a kez\u00fcnkben van az ir\u00e1ny\u00edt\u00e1s, \u201cszelepeket\u201d hozok l\u00e9tre, amin kereszt\u00fcl cs\u00f6kkenthetik a ment\u00e1lis nyom\u00e1st. El\u0151re igyekszem felk\u00e9sz\u00fclni arra, hogy ha sz\u00e9ls\u0151s\u00e9ges helyzet j\u00f6n, hogyan reag\u00e1lunk, de nem vizion\u00e1lok sz\u00e9ls\u0151s\u00e9ges helyzeteket. Eddig is sokat kommunik\u00e1ltunk, de most m\u00e9g t\u00f6bbet kell. Emellett a csapatot felk\u00e9sz\u00edtem arra, hogy az \u00fcgyfelekkel val\u00f3 kommunik\u00e1ci\u00f3ban milyen f\u00f3kuszpontokat haszn\u00e1ljanak.&nbsp;<\/p>\n\n\n\n<h2 class=\"wp-block-heading\"><strong>Biztons\u00e1g \u00e9s lehet\u0151s\u00e9g:<\/strong><\/h2>\n\n\n\n<p>M\u00e1r most megn\u0151ttek bizonyos kock\u00e1zatok. Mi nem vagyunk Sberbank \u00fcgyfelek a bank szektor k\u00e9ts\u00e9gtelen\u00fcl \u00e9rintett a kialakult helyzetben. Sz\u00e1m\u00edtok arra, hogy nem ez az utols\u00f3 ilyen. Egyr\u00e9szt t\u00f6rekszem arra, hogy felesleges kock\u00e1zatnak ne legy\u00fcnk kit\u00e9ve, m\u00e1sr\u00e9szt olyan poz\u00edci\u00f3kat \u00e9p\u00edtek, amik lehet\u0151v\u00e9 teszik, hogy k\u00e9s\u0151bb, amikor a gazdas\u00e1gi hat\u00e1sok k\u00f6zelebb j\u00f6nnek, gyorsan \u00e9s rugalmasan tudjak reag\u00e1lni, gondolkodni. Ebben a helyzetben a biztons\u00e1g \u00e9s a likvidit\u00e1s j\u00e1tszanak \u00f3ri\u00e1si szerepet a d\u00f6nt\u00e9seimben.&nbsp;<\/p>\n\n\n\n<h2 class=\"wp-block-heading\"><strong>Figyelem a lehet\u0151s\u00e9geket:<\/strong><\/h2>\n\n\n\n<p>Pontosan tudom, hogy minden v\u00e1ltoz\u00e1s lehet\u0151s\u00e9geket is teremt. M\u00e1r most \u00fagy \u00e1ll\u00edtom be a gondolkod\u00e1sm\u00f3domat vezet\u0151k\u00e9nt, hogy \u00e9szrevegyem a lehet\u0151s\u00e9geket, \u00e9s e szerint legyek k\u00e9pes cselekedni.&nbsp;&nbsp;&nbsp;<\/p>\n\n\n\n<blockquote class=\"wp-block-quote is-layout-flow wp-block-quote-is-layout-flow\"><p><em><strong>Az elk\u00f6vetkez\u0151 id\u0151szak mindenki sz\u00e1m\u00e1ra \u00faj helyzeteket teremt majd. Egyed\u00fcl t\u00fal lass\u00faak vagyunk, sz\u00fcks\u00e9g lesz arra, hogy m\u00e1s c\u00e9gvezet\u0151k tapasztalataihoz, inform\u00e1ci\u00f3ihoz hozz\u00e1 tudjak f\u00e9rni. Ez lehet\u0151s\u00e9get teremt jobb d\u00f6nt\u00e9sekre, amik pedig a c\u00e9g j\u00f6v\u0151j\u00e9t, ez\u00e1ltal csal\u00e1dok meg\u00e9lhet\u00e9s\u00e9t biztos\u00edtj\u00e1k.<\/strong><\/em><\/p><\/blockquote>\n\n\n\n<p>Ma m\u00e9g rengeteg eszk\u00f6z van a kez\u00fcnkben a cselekv\u00e9sre. Ha ezeket j\u00f3l haszn\u00e1ljuk, k\u00e9s\u0151bb is \u00edgy marad!&nbsp;<\/p>\n\n\n\n<blockquote class=\"wp-block-quote is-layout-flow wp-block-quote-is-layout-flow\"><p><em>Most pedig \u00fajra fel\u00e1llunk a kapit\u00e1nyi h\u00eddra, mert viharban van a legnagyobb sz\u00fcks\u00e9g a kapit\u00e1nyra!<\/em><\/p><\/blockquote>\n\n\n\n<hr class=\"wp-block-separator has-text-color has-background is-style-wide\" style=\"background-color:#14496b;color:#14496b\"\/>\n\n\n\n<h1 class=\"has-text-align-center has-white-color has-text-color has-background wp-block-heading\" style=\"background-color:#bd9756\"><strong>Szeretn\u00e9d megtapasztalni Te is, milyen egy exkluz\u00edv \u00e9rt\u00e9kk\u00f6z\u00f6ss\u00e9g? Vedd fel vel\u00fcnk a kapcsolatot!<\/strong><\/h1>\n\n\n\n<div class=\"wp-block-button aligncenter\"><a class=\"wp-block-button__link has-background\" href=\"https:\/\/bizalmikor.hu\/kapcsolat\/\" style=\"background-color:#14496b\" target=\"_blank\" rel=\"noreferrer noopener\"><strong>\u00c9rdekel a Bizalmi K\u00f6r klubtags\u00e1g<\/strong><\/a><\/div>\n\n\n\n<hr class=\"wp-block-separator has-text-color has-background is-style-wide\" style=\"background-color:#14496b;color:#14496b\"\/>\n","protected":false},"excerpt":{"rendered":"<p>2020 m\u00e1jus\u00e1ban az Edelman felm\u00e9r\u00e9st k\u00e9sz\u00edtett. Az eredm\u00e9ny d\u00f6bbenetes volt. A politikusok nagyobb el\u0151nyt kov\u00e1csoltak a COVID-b\u00f3l, mint a c\u00e9gvezet\u0151k. A legnagyobb k\u00fcl\u00f6nbs\u00e9g az volt, hogy a politikusok kommunik\u00e1ltak, kapaszkod\u00f3t, t\u00e1j\u00e9koz\u00f3d\u00e1si pontot jelentettek az emberek sz\u00e1m\u00e1ra, m\u00edg a c\u00e9gvezet\u0151k kerest\u00e9k, hogy \u00e1lljanak a dologhoz. A slide c\u00edme ez volt: \u201cA c\u00e9gvezet\u0151k kihagyt\u00e1k a lehet\u0151s\u00e9get, hogy [&hellip;]<\/p>\n","protected":false},"author":6,"featured_media":6262,"comment_status":"closed","ping_status":"open","sticky":false,"template":"","format":"standard","meta":{"footnotes":""},"categories":[16],"tags":[],"yoast_head":"<!-- This site is optimized with the Yoast SEO plugin v15.4 - https:\/\/yoast.com\/wordpress\/plugins\/seo\/ -->\n<title>C\u00e9gvezet\u0151k: viharban van a legnagyobb sz\u00fcks\u00e9g a kapit\u00e1nyra!<\/title>\n<meta name=\"description\" content=\"C\u00e9gvezet\u0151k\u00e9nt ism\u00e9t rajtunk a vil\u00e1g szeme, el\u0151tt\u00fcnk a feladat, j\u00f3 d\u00f6nt\u00e9seket kell hozni, hiszen csal\u00e1dok sorsa m\u00falik a d\u00f6nt\u00e9seinken.\" \/>\n<meta name=\"robots\" content=\"index, follow, max-snippet:-1, max-image-preview:large, max-video-preview:-1\" \/>\n<link rel=\"canonical\" href=\"https:\/\/bizalmikor.hu\/blog\/2022\/03\/16\/cegvezetok-viharban-van-a-legnagyobb-szukseg-a-kapitanyra\/\" \/>\n<meta property=\"og:locale\" content=\"hu_HU\" \/>\n<meta property=\"og:type\" content=\"article\" \/>\n<meta property=\"og:title\" content=\"C\u00e9gvezet\u0151k: viharban van a legnagyobb sz\u00fcks\u00e9g a kapit\u00e1nyra!\" \/>\n<meta property=\"og:description\" content=\"C\u00e9gvezet\u0151k\u00e9nt ism\u00e9t rajtunk a vil\u00e1g szeme, el\u0151tt\u00fcnk a feladat, j\u00f3 d\u00f6nt\u00e9seket kell hozni, hiszen csal\u00e1dok sorsa m\u00falik a d\u00f6nt\u00e9seinken.\" \/>\n<meta property=\"og:url\" content=\"https:\/\/bizalmikor.hu\/blog\/2022\/03\/16\/cegvezetok-viharban-van-a-legnagyobb-szukseg-a-kapitanyra\/\" \/>\n<meta property=\"og:site_name\" content=\"Bizalmi K\u00f6r blog\" \/>\n<meta property=\"article:publisher\" content=\"https:\/\/www.facebook.com\/bizalmikor\" \/>\n<meta property=\"article:published_time\" content=\"2022-03-16T11:18:18+00:00\" \/>\n<meta property=\"article:modified_time\" content=\"2024-07-24T13:49:20+00:00\" \/>\n<meta property=\"og:image\" content=\"https:\/\/bizalmikor.hu\/blog\/wp-content\/uploads\/2022\/03\/Frame-318.jpg\" \/>\n\t<meta property=\"og:image:width\" content=\"1920\" \/>\n\t<meta property=\"og:image:height\" content=\"1080\" \/>\n<meta name=\"twitter:card\" content=\"summary_large_image\" \/>\n<meta name=\"twitter:label1\" content=\"Szerz\u0151:\">\n\t<meta name=\"twitter:data1\" content=\"Kov\u00e1cs D\u00e1niel\">\n\t<meta name=\"twitter:label2\" content=\"Becs\u00fclt olvas\u00e1si id\u0151\">\n\t<meta name=\"twitter:data2\" content=\"4 perc\">\n<script type=\"application\/ld+json\" class=\"yoast-schema-graph\">{\"@context\":\"https:\/\/schema.org\",\"@graph\":[{\"@type\":\"Organization\",\"@id\":\"https:\/\/bizalmikor.hu\/blog\/#organization\",\"name\":\"Bizalmi K\\u00f6r Kft.\",\"url\":\"https:\/\/bizalmikor.hu\/blog\/\",\"sameAs\":[\"https:\/\/www.facebook.com\/bizalmikor\",\"https:\/\/www.instagram.com\/bizalmikor\/\",\"https:\/\/www.linkedin.com\/company\/19165894\",\"https:\/\/www.youtube.com\/channel\/UC7fAD3QCIWeSexU5t6F3YOw?view_as=subscriber\"],\"logo\":{\"@type\":\"ImageObject\",\"@id\":\"https:\/\/bizalmikor.hu\/blog\/#logo\",\"inLanguage\":\"hu\",\"url\":\"https:\/\/bizalmikor.hu\/blog\/wp-content\/uploads\/2019\/02\/Group-2.png\",\"width\":4033,\"height\":1192,\"caption\":\"Bizalmi K\\u00f6r Kft.\"},\"image\":{\"@id\":\"https:\/\/bizalmikor.hu\/blog\/#logo\"}},{\"@type\":\"WebSite\",\"@id\":\"https:\/\/bizalmikor.hu\/blog\/#website\",\"url\":\"https:\/\/bizalmikor.hu\/blog\/\",\"name\":\"Bizalmi K\\u00f6r blog\",\"description\":\"Egynek minden neh\\u00e9z, soknak semmi sem lehetetlen.\",\"publisher\":{\"@id\":\"https:\/\/bizalmikor.hu\/blog\/#organization\"},\"potentialAction\":[{\"@type\":\"SearchAction\",\"target\":\"https:\/\/bizalmikor.hu\/blog\/?s={search_term_string}\",\"query-input\":\"required name=search_term_string\"}],\"inLanguage\":\"hu\"},{\"@type\":\"ImageObject\",\"@id\":\"https:\/\/bizalmikor.hu\/blog\/2022\/03\/16\/cegvezetok-viharban-van-a-legnagyobb-szukseg-a-kapitanyra\/#primaryimage\",\"inLanguage\":\"hu\",\"url\":\"https:\/\/bizalmikor.hu\/blog\/wp-content\/uploads\/2022\/03\/Frame-318.jpg\",\"width\":1920,\"height\":1080},{\"@type\":\"WebPage\",\"@id\":\"https:\/\/bizalmikor.hu\/blog\/2022\/03\/16\/cegvezetok-viharban-van-a-legnagyobb-szukseg-a-kapitanyra\/#webpage\",\"url\":\"https:\/\/bizalmikor.hu\/blog\/2022\/03\/16\/cegvezetok-viharban-van-a-legnagyobb-szukseg-a-kapitanyra\/\",\"name\":\"C\\u00e9gvezet\\u0151k: viharban van a legnagyobb sz\\u00fcks\\u00e9g a kapit\\u00e1nyra!\",\"isPartOf\":{\"@id\":\"https:\/\/bizalmikor.hu\/blog\/#website\"},\"primaryImageOfPage\":{\"@id\":\"https:\/\/bizalmikor.hu\/blog\/2022\/03\/16\/cegvezetok-viharban-van-a-legnagyobb-szukseg-a-kapitanyra\/#primaryimage\"},\"datePublished\":\"2022-03-16T11:18:18+00:00\",\"dateModified\":\"2024-07-24T13:49:20+00:00\",\"description\":\"C\\u00e9gvezet\\u0151k\\u00e9nt ism\\u00e9t rajtunk a vil\\u00e1g szeme, el\\u0151tt\\u00fcnk a feladat, j\\u00f3 d\\u00f6nt\\u00e9seket kell hozni, hiszen csal\\u00e1dok sorsa m\\u00falik a d\\u00f6nt\\u00e9seinken.\",\"inLanguage\":\"hu\",\"potentialAction\":[{\"@type\":\"ReadAction\",\"target\":[\"https:\/\/bizalmikor.hu\/blog\/2022\/03\/16\/cegvezetok-viharban-van-a-legnagyobb-szukseg-a-kapitanyra\/\"]}]},{\"@type\":\"Article\",\"@id\":\"https:\/\/bizalmikor.hu\/blog\/2022\/03\/16\/cegvezetok-viharban-van-a-legnagyobb-szukseg-a-kapitanyra\/#article\",\"isPartOf\":{\"@id\":\"https:\/\/bizalmikor.hu\/blog\/2022\/03\/16\/cegvezetok-viharban-van-a-legnagyobb-szukseg-a-kapitanyra\/#webpage\"},\"author\":{\"@id\":\"https:\/\/bizalmikor.hu\/blog\/#\/schema\/person\/d48fd5a86cd7b719ff423ad6a892c47c\"},\"headline\":\"C\\u00e9gvezet\\u0151k: viharban van a legnagyobb sz\\u00fcks\\u00e9g a kapit\\u00e1nyra!\",\"datePublished\":\"2022-03-16T11:18:18+00:00\",\"dateModified\":\"2024-07-24T13:49:20+00:00\",\"mainEntityOfPage\":{\"@id\":\"https:\/\/bizalmikor.hu\/blog\/2022\/03\/16\/cegvezetok-viharban-van-a-legnagyobb-szukseg-a-kapitanyra\/#webpage\"},\"publisher\":{\"@id\":\"https:\/\/bizalmikor.hu\/blog\/#organization\"},\"image\":{\"@id\":\"https:\/\/bizalmikor.hu\/blog\/2022\/03\/16\/cegvezetok-viharban-van-a-legnagyobb-szukseg-a-kapitanyra\/#primaryimage\"},\"articleSection\":\"V\\u00e1llalkoz\\u00e1s\",\"inLanguage\":\"hu\"},{\"@type\":\"Person\",\"@id\":\"https:\/\/bizalmikor.hu\/blog\/#\/schema\/person\/d48fd5a86cd7b719ff423ad6a892c47c\",\"name\":\"Kov\\u00e1cs D\\u00e1niel\",\"image\":{\"@type\":\"ImageObject\",\"@id\":\"https:\/\/bizalmikor.hu\/blog\/#personlogo\",\"inLanguage\":\"hu\",\"url\":\"https:\/\/secure.gravatar.com\/avatar\/47d716fe03040c0eeabaaae8b662c6b9?s=96&d=mm&r=g\",\"caption\":\"Kov\\u00e1cs D\\u00e1niel\"}}]}<\/script>\n<!-- \/ Yoast SEO plugin. -->","_links":{"self":[{"href":"https:\/\/bizalmikor.hu\/blog\/wp-json\/wp\/v2\/posts\/6260"}],"collection":[{"href":"https:\/\/bizalmikor.hu\/blog\/wp-json\/wp\/v2\/posts"}],"about":[{"href":"https:\/\/bizalmikor.hu\/blog\/wp-json\/wp\/v2\/types\/post"}],"author":[{"embeddable":true,"href":"https:\/\/bizalmikor.hu\/blog\/wp-json\/wp\/v2\/users\/6"}],"replies":[{"embeddable":true,"href":"https:\/\/bizalmikor.hu\/blog\/wp-json\/wp\/v2\/comments?post=6260"}],"version-history":[{"count":5,"href":"https:\/\/bizalmikor.hu\/blog\/wp-json\/wp\/v2\/posts\/6260\/revisions"}],"predecessor-version":[{"id":6268,"href":"https:\/\/bizalmikor.hu\/blog\/wp-json\/wp\/v2\/posts\/6260\/revisions\/6268"}],"wp:featuredmedia":[{"embeddable":true,"href":"https:\/\/bizalmikor.hu\/blog\/wp-json\/wp\/v2\/media\/6262"}],"wp:attachment":[{"href":"https:\/\/bizalmikor.hu\/blog\/wp-json\/wp\/v2\/media?parent=6260"}],"wp:term":[{"taxonomy":"category","embeddable":true,"href":"https:\/\/bizalmikor.hu\/blog\/wp-json\/wp\/v2\/categories?post=6260"},{"taxonomy":"post_tag","embeddable":true,"href":"https:\/\/bizalmikor.hu\/blog\/wp-json\/wp\/v2\/tags?post=6260"}],"curies":[{"name":"wp","href":"https:\/\/api.w.org\/{rel}","templated":true}]}}