{"id":6293,"date":"2022-04-01T07:08:18","date_gmt":"2022-04-01T07:08:18","guid":{"rendered":"https:\/\/bizalmikor.hu\/blog\/?p=6293"},"modified":"2022-04-01T07:08:19","modified_gmt":"2022-04-01T07:08:19","slug":"lako-es-nem-lakoepuletek-generalkivitelezese","status":"publish","type":"post","link":"https:\/\/bizalmikor.hu\/blog\/2022\/04\/01\/lako-es-nem-lakoepuletek-generalkivitelezese\/","title":{"rendered":"Lak\u00f3 \u00e9s nem lak\u00f3\u00e9p\u00fcletek gener\u00e1lkivitelez\u00e9se a Balaton \u00e9szaki partj\u00e1n"},"content":{"rendered":"\n<h2 class=\"wp-block-heading\"><strong>Steinhardt Tam\u00e1s ambici\u00f3zus fiatal v\u00e1llalkoz\u00f3k\u00e9nt tanulni \u00e9s fejl\u0151dni j\u00f6tt a Bizalmi K\u00f6rbe, emellett pedig \u00e9pp egy gener\u00e1ci\u00f3v\u00e1lt\u00e1s sikeres menedzsel\u00e9s\u00e9n dolgozik.<\/strong><\/h2>\n\n\n\n<h2 class=\"wp-block-heading\"><strong>A vele k\u00e9sz\u00fclt bemutatkoz\u00f3 interj\u00fa elolvas\u00e1sa nemcsak a <a href=\"https:\/\/z-szabo-bau.hu\/\">Z-Szab\u00f3-Bau \u00e9s T\u00e1rsa Kft.<\/a> megismer\u00e9s\u00e9t seg\u00edti, hanem sok m\u00e1s \u00e9rdekes gondolattal is szolg\u00e1l:<\/strong><\/h2>\n\n\n\n<p>\u201eAlapvet\u0151en \u00e9p\u00edt\u0151ipari gener\u00e1lkivitelez\u00e9ssel foglalkozik a c\u00e9g\u00fcnk. Ennek legfontosabb alappill\u00e9re a csal\u00e1di h\u00e1z\u00e9p\u00edt\u00e9s. Ezzel egy\u00fctt az elm\u00falt \u00e9vekben gazdas\u00e1gi \u00e9p\u00fcletek kivitelez\u00e9s\u00e9vel is foglalkozunk, f\u0151k\u00e9nt vend\u00e9gl\u00e1t\u00f3ipari egys\u00e9geket \u00e9s bor\u00e1szatokat \u00e9p\u00edtve.<\/p>\n\n\n\n<p>A piaci ig\u00e9nyekhez alkalmazkodva igyeksz\u00fcnk t\u00f6bbet adni \u00e9s b\u0151v\u00edteni a tev\u00e9kenys\u00e9g\u00fcnket. Ennek megfelel\u0151en a 2019-es \u00e9v k\u00f6zep\u00e9t\u0151l k\u00f6nny\u0171szerkezetes csarnokok kivitelez\u00e9s\u00e9vel, illetve ezek anyagainak gy\u00e1rt\u00e1s\u00e1val \u00e9s szerel\u00e9s\u00e9vel is foglalkozunk.<\/p>\n\n\n\n<p>Kisebb mennyis\u00e9gben tervez\u00e9si munk\u00e1kat is v\u00e1llalunk, f\u0151k\u00e9nt v\u00edzik\u00f6zm\u0171, k\u00f6zleked\u00e9si \u00e9s statikai terveket k\u00e9sz\u00edt\u00fcnk. Sz\u00e9khely\u00fcnk Tapolc\u00e1n tal\u00e1lhat\u00f3, a telephely\u00fcnk pedig a szomsz\u00e9dos Lesencetomajon.\u201d<\/p>\n\n\n\n<h2 class=\"wp-block-heading\"><strong>Tam\u00e1s mes\u00e9lt nek\u00fcnk a csapatr\u00f3l is, amely \u00f6sszeszokott, sokat tapasztalt szervezetk\u00e9nt m\u0171k\u00f6dik k\u00f6zre a munk\u00e1k megval\u00f3s\u00edt\u00e1s\u00e1ban:<\/strong><\/h2>\n\n\n\n<p>\u201eA 2019-es \u00e9vt\u0151l mintegy m\u00e1sf\u00e9lszeres\u00e9re n\u0151tt a l\u00e9tsz\u00e1munk, \u00edgy most 39 f\u0151 dolgozik n\u00e1lunk saj\u00e1t \u00e1llom\u00e1nyban, illetve alv\u00e1llalkoz\u00f3kkal is egy\u00fcttm\u0171k\u00f6d\u00fcnk. K\u00e9tharmad ar\u00e1nyban a fizikai \u00e1llom\u00e1nyban dolgoz\u00f3k, egyharmadr\u00e9szt pedig az iroda \u00e9s a telephely feladatait ell\u00e1t\u00f3k vannak vel\u00fcnk.<\/p>\n\n\n\n<p>Van egy\u00e9bk\u00e9nt egy \u201ekem\u00e9nymag\u201d a csapaton bel\u00fcl, akik m\u00e1r 10-15 \u00e9ve loj\u00e1lisan er\u0151s\u00edtik a c\u00e9get a magas szakk\u00e9pzetts\u00e9g\u00fckkel. Azon t\u00fal, hogy pr\u00f3b\u00e1ljuk \u0151ket megtartani, javar\u00e9szt a fix alv\u00e1llalkoz\u00f3kkal is 15-20 \u00e9vre visszany\u00fal\u00f3 kapcsolatokat tartunk fenn.\u201d<\/p>\n\n\n\n<h2 class=\"wp-block-heading\"><strong>Tam\u00e1s \u00e9p\u00edt\u0151m\u00e9rn\u00f6kk\u00e9nt v\u00e9gzett, hogy azt\u00e1n a m\u00e1s c\u00e9gekn\u00e9l felszedett tapasztalatok ut\u00e1n csal\u00e1di k\u00e9r\u00e9snek eleget t\u00e9ve vegye \u00e1t a Z-Szab\u00f3-Bau \u00e9s T\u00e1rsa Kft. vezet\u00e9s\u00e9t:<\/strong><\/h2>\n\n\n\n<p>\u201eA csal\u00e1dban a nagypap\u00e1m volt \u00e9p\u00edt\u0151m\u00e9rn\u00f6k, gyakorlatilag ez\u00e9rt lettem \u00e9n is az. A c\u00e9get m\u00e9g ap\u00f3som alap\u00edtotta 1993-ban, az egy\u00e9ni v\u00e1llalkoz\u00f3i szintr\u0151l indulva szisztematikus \u00e9s szorgalmas munk\u00e1val.<\/p>\n\n\n\n<p>A feles\u00e9gemmel Nagykanizs\u00e1n ismerkedt\u00fcnk meg, majd Budapesten szereztem tapasztalatot \u00e9s sz\u00e9lesk\u00f6r\u0171 r\u00e1l\u00e1t\u00e1st, vezet\u0151i feladatokat ell\u00e1tva. Ap\u00f3ssal sokat besz\u00e9lgett\u00fcnk \u00e9s \u0151 gy\u0151zk\u00f6d\u00f6tt, hogy a c\u00e9g j\u00f6v\u0151beli fenn\u00e1ll\u00e1s\u00e1nak \u00e9s fejleszt\u00e9s\u00e9nek kulcsak\u00e9nt vegyem \u00e1t T\u0151le a c\u00e9g vezet\u00e9s\u00e9t. Term\u00e9szetesen hajlottam is erre, hisz ez egy rendk\u00edv\u00fcli kih\u00edv\u00e1s, fejl\u0151d\u00e9si lehet\u0151s\u00e9g \u00e9s alkot\u00f3 munka\u201d<\/p>\n\n\n\n<p>\u00cdgy lettem 2020. janu\u00e1rj\u00e1t\u00f3l \u00fcgyvezet\u0151, teh\u00e1t igaz\u00e1b\u00f3l egy gener\u00e1ci\u00f3v\u00e1lt\u00e1s zajlott \u00e9s zajlik le n\u00e1lunk, ami v\u00e9lem\u00e9nyem szerint jelenleg el\u00e9g nagy neh\u00e9zs\u00e9g Magyarorsz\u00e1gon. Ap\u00f3som pedig a c\u00e9gvezet\u00e9st\u0151l h\u00e1tt\u00e9rbe vonulva a helysz\u00edni kivitelez\u00e9seket \u00e9s az \u00e9p\u00edt\u00e9svezet\u0151ket ir\u00e1ny\u00edtja\u201d<\/p>\n\n\n\n<h2 class=\"wp-block-heading\"><strong>A Bizalmi K\u00f6r tags\u00e1gt\u00f3l Tam\u00e1s a m\u00e1sok tapasztalat\u00e1n kereszt\u00fcli tanul\u00e1st, a szem\u00e9lyes fejl\u0151d\u00e9st \u00e9s az aktu\u00e1lis kih\u00edv\u00e1sok \u00e1thidal\u00e1s\u00e1t rem\u00e9li:<\/strong><\/h2>\n\n\n\n<p>\u201eSokakkal tudtam besz\u00e9lgetni a klubon bel\u00fcl, pozit\u00edvak a kil\u00e1t\u00e1sok. Egyr\u00e9szt a gener\u00e1ci\u00f3v\u00e1lt\u00e1s k\u00e9rd\u00e9se foglalkoztat. Sz\u00edvesen besz\u00e9lgetn\u00e9k olyan c\u00e9gvezet\u0151kkel, akik el\u0151r\u00e9bb j\u00e1rnak m\u00e1r ebben.<\/p>\n\n\n\n<p>Emellett a szakemberhi\u00e1ny minket is \u00e9rint sok m\u00e1s c\u00e9ghez hasonl\u00f3an. Sz\u00edvesen \u00f6tleteln\u00e9k m\u00e1s v\u00e1llalkoz\u00f3kkal arr\u00f3l, hogy ak\u00e1r alv\u00e1llalkoz\u00f3i form\u00e1tumban is, de mik\u00e9nt tudunk min\u0151s\u00e9gi tud\u00e1st a c\u00e9ghez cs\u00e1b\u00edtani.<\/p>\n\n\n\n<p>Illetve a marketing ter\u00fclete az, ami idei \u00e9vben sz\u00e1munkra kiemelt priorit\u00e1s, \u00fagyhogy ezen a fronton is b\u00edzom a relev\u00e1ns tapasztalatokban \u00e9s a fejl\u0151d\u00e9sben.<\/p>\n\n\n\n<h2 class=\"wp-block-heading\"><strong>A szabadid\u0151 relat\u00edv fogalom most Tam\u00e1s \u00e9let\u00e9ben, de ezt kev\u00e9sb\u00e9 b\u00e1nja, mert \u00edgy is min\u0151s\u00e9gi elfoglalts\u00e1gokkal t\u00f6ltheti az idej\u00e9t:<\/strong><\/h2>\n\n\n\n<p>\u201eNem sok szabadid\u0151m van, de ez nem baj. Legfontosabb a csal\u00e1dom, van egy 10 h\u00f3napos kisfiam, a vele \u00e9s a feles\u00e9gemmel t\u00f6lt\u00f6tt min\u0151s\u00e9gi id\u0151 felt\u00f6lt. Emellett picit \u00fagy \u00e9rzem olyan vagyok, mint egy \u201eszivacs\u201d, vagyis szeretek \u00faj dolgokat tanulni, folyamatosan fejleszteni a szaktud\u00e1somat \u00e9s magamba sz\u00edvni az \u00faj tud\u00e1st<\/p>\n\n\n\n<p>Rendszeresen k\u00e9pz\u00e9seket n\u00e9zek, oktat\u00e1sokon veszek r\u00e9szt, j\u00faniusig p\u00e9ld\u00e1ul a Magyar M\u00e9rn\u00f6ki Kamar\u00e1n\u00e1l vizsg\u00e1zom. Ezek a tev\u00e9kenys\u00e9gek le is k\u00f6tik minden id\u0151met, majd tal\u00e1n a tanul\u00e1s ut\u00e1n a v\u00edzi sportoknak is lesz hely.\u201d<\/p>\n\n\n\n<hr class=\"wp-block-separator has-text-color has-background is-style-wide\" style=\"background-color:#14496b;color:#14496b\"\/>\n\n\n\n<h1 class=\"has-text-align-center has-white-color has-text-color has-background wp-block-heading\" style=\"background-color:#bd9756\"><strong>Szeretn\u00e9d megtapasztalni Te is, milyen egy exkluz\u00edv \u00e9rt\u00e9kk\u00f6z\u00f6ss\u00e9g? Vedd fel vel\u00fcnk a kapcsolatot!<\/strong><\/h1>\n\n\n\n<div class=\"wp-block-button aligncenter\"><a class=\"wp-block-button__link has-background\" href=\"https:\/\/bizalmikor.hu\/kapcsolat\/\" style=\"background-color:#14496b\" target=\"_blank\" rel=\"noreferrer noopener\"><strong>\u00c9rdekel a Bizalmi K\u00f6r klubtags\u00e1g<\/strong><\/a><\/div>\n\n\n\n<hr class=\"wp-block-separator has-text-color has-background is-style-wide\" style=\"background-color:#14496b;color:#14496b\"\/>\n","protected":false},"excerpt":{"rendered":"<p>Steinhardt Tam\u00e1s ambici\u00f3zus fiatal v\u00e1llalkoz\u00f3k\u00e9nt tanulni \u00e9s fejl\u0151dni j\u00f6tt a Bizalmi K\u00f6rbe, emellett pedig \u00e9pp egy gener\u00e1ci\u00f3v\u00e1lt\u00e1s sikeres menedzsel\u00e9s\u00e9n dolgozik. A vele k\u00e9sz\u00fclt bemutatkoz\u00f3 interj\u00fa elolvas\u00e1sa nemcsak a Z-Szab\u00f3-Bau \u00e9s T\u00e1rsa Kft. megismer\u00e9s\u00e9t seg\u00edti, hanem sok m\u00e1s \u00e9rdekes gondolattal is szolg\u00e1l: \u201eAlapvet\u0151en \u00e9p\u00edt\u0151ipari gener\u00e1lkivitelez\u00e9ssel foglalkozik a c\u00e9g\u00fcnk. Ennek legfontosabb alappill\u00e9re a csal\u00e1di h\u00e1z\u00e9p\u00edt\u00e9s. Ezzel egy\u00fctt [&hellip;]<\/p>\n","protected":false},"author":6,"featured_media":6295,"comment_status":"closed","ping_status":"open","sticky":false,"template":"","format":"standard","meta":{"footnotes":""},"categories":[23],"tags":[],"yoast_head":"<!-- This site is optimized with the Yoast SEO plugin v15.4 - https:\/\/yoast.com\/wordpress\/plugins\/seo\/ -->\n<title>Lak\u00f3 \u00e9s nem lak\u00f3\u00e9p\u00fcletek gener\u00e1lkivitelez\u00e9se a Balaton \u00e9szaki partj\u00e1n<\/title>\n<meta name=\"description\" content=\"Alapvet\u0151en \u00e9p\u00edt\u0151ipari gener\u00e1lkivitelez\u00e9ssel foglalkozik a c\u00e9g\u00fcnk. Ennek legfontosabb alappill\u00e9re a csal\u00e1di h\u00e1z\u00e9p\u00edt\u00e9s. Ezzel egy\u00fctt az elm\u00falt...\" \/>\n<meta name=\"robots\" content=\"index, follow, max-snippet:-1, max-image-preview:large, max-video-preview:-1\" \/>\n<link rel=\"canonical\" href=\"https:\/\/bizalmikor.hu\/blog\/2022\/04\/01\/lako-es-nem-lakoepuletek-generalkivitelezese\/\" \/>\n<meta property=\"og:locale\" content=\"hu_HU\" \/>\n<meta property=\"og:type\" content=\"article\" \/>\n<meta property=\"og:title\" content=\"Lak\u00f3 \u00e9s nem lak\u00f3\u00e9p\u00fcletek gener\u00e1lkivitelez\u00e9se a Balaton \u00e9szaki partj\u00e1n\" \/>\n<meta property=\"og:description\" content=\"Alapvet\u0151en \u00e9p\u00edt\u0151ipari gener\u00e1lkivitelez\u00e9ssel foglalkozik a c\u00e9g\u00fcnk. Ennek legfontosabb alappill\u00e9re a csal\u00e1di h\u00e1z\u00e9p\u00edt\u00e9s. Ezzel egy\u00fctt az elm\u00falt...\" \/>\n<meta property=\"og:url\" content=\"https:\/\/bizalmikor.hu\/blog\/2022\/04\/01\/lako-es-nem-lakoepuletek-generalkivitelezese\/\" \/>\n<meta property=\"og:site_name\" content=\"Bizalmi K\u00f6r blog\" \/>\n<meta property=\"article:publisher\" content=\"https:\/\/www.facebook.com\/bizalmikor\" \/>\n<meta property=\"article:published_time\" content=\"2022-04-01T07:08:18+00:00\" \/>\n<meta property=\"article:modified_time\" content=\"2022-04-01T07:08:19+00:00\" \/>\n<meta property=\"og:image\" content=\"https:\/\/bizalmikor.hu\/blog\/wp-content\/uploads\/2022\/04\/Frame-244.jpg\" \/>\n\t<meta property=\"og:image:width\" content=\"1920\" \/>\n\t<meta property=\"og:image:height\" content=\"1500\" \/>\n<meta name=\"twitter:card\" content=\"summary_large_image\" \/>\n<meta name=\"twitter:label1\" content=\"Szerz\u0151:\">\n\t<meta name=\"twitter:data1\" content=\"Kov\u00e1cs D\u00e1niel\">\n\t<meta name=\"twitter:label2\" content=\"Becs\u00fclt olvas\u00e1si id\u0151\">\n\t<meta name=\"twitter:data2\" content=\"4 perc\">\n<script type=\"application\/ld+json\" class=\"yoast-schema-graph\">{\"@context\":\"https:\/\/schema.org\",\"@graph\":[{\"@type\":\"Organization\",\"@id\":\"https:\/\/bizalmikor.hu\/blog\/#organization\",\"name\":\"Bizalmi K\\u00f6r Kft.\",\"url\":\"https:\/\/bizalmikor.hu\/blog\/\",\"sameAs\":[\"https:\/\/www.facebook.com\/bizalmikor\",\"https:\/\/www.instagram.com\/bizalmikor\/\",\"https:\/\/www.linkedin.com\/company\/19165894\",\"https:\/\/www.youtube.com\/channel\/UC7fAD3QCIWeSexU5t6F3YOw?view_as=subscriber\"],\"logo\":{\"@type\":\"ImageObject\",\"@id\":\"https:\/\/bizalmikor.hu\/blog\/#logo\",\"inLanguage\":\"hu\",\"url\":\"https:\/\/bizalmikor.hu\/blog\/wp-content\/uploads\/2019\/02\/Group-2.png\",\"width\":4033,\"height\":1192,\"caption\":\"Bizalmi K\\u00f6r Kft.\"},\"image\":{\"@id\":\"https:\/\/bizalmikor.hu\/blog\/#logo\"}},{\"@type\":\"WebSite\",\"@id\":\"https:\/\/bizalmikor.hu\/blog\/#website\",\"url\":\"https:\/\/bizalmikor.hu\/blog\/\",\"name\":\"Bizalmi K\\u00f6r blog\",\"description\":\"Egynek minden neh\\u00e9z, soknak semmi sem lehetetlen.\",\"publisher\":{\"@id\":\"https:\/\/bizalmikor.hu\/blog\/#organization\"},\"potentialAction\":[{\"@type\":\"SearchAction\",\"target\":\"https:\/\/bizalmikor.hu\/blog\/?s={search_term_string}\",\"query-input\":\"required name=search_term_string\"}],\"inLanguage\":\"hu\"},{\"@type\":\"ImageObject\",\"@id\":\"https:\/\/bizalmikor.hu\/blog\/2022\/04\/01\/lako-es-nem-lakoepuletek-generalkivitelezese\/#primaryimage\",\"inLanguage\":\"hu\",\"url\":\"https:\/\/bizalmikor.hu\/blog\/wp-content\/uploads\/2022\/04\/Frame-244.jpg\",\"width\":1920,\"height\":1500},{\"@type\":\"WebPage\",\"@id\":\"https:\/\/bizalmikor.hu\/blog\/2022\/04\/01\/lako-es-nem-lakoepuletek-generalkivitelezese\/#webpage\",\"url\":\"https:\/\/bizalmikor.hu\/blog\/2022\/04\/01\/lako-es-nem-lakoepuletek-generalkivitelezese\/\",\"name\":\"Lak\\u00f3 \\u00e9s nem lak\\u00f3\\u00e9p\\u00fcletek gener\\u00e1lkivitelez\\u00e9se a Balaton \\u00e9szaki partj\\u00e1n\",\"isPartOf\":{\"@id\":\"https:\/\/bizalmikor.hu\/blog\/#website\"},\"primaryImageOfPage\":{\"@id\":\"https:\/\/bizalmikor.hu\/blog\/2022\/04\/01\/lako-es-nem-lakoepuletek-generalkivitelezese\/#primaryimage\"},\"datePublished\":\"2022-04-01T07:08:18+00:00\",\"dateModified\":\"2022-04-01T07:08:19+00:00\",\"description\":\"Alapvet\\u0151en \\u00e9p\\u00edt\\u0151ipari gener\\u00e1lkivitelez\\u00e9ssel foglalkozik a c\\u00e9g\\u00fcnk. Ennek legfontosabb alappill\\u00e9re a csal\\u00e1di h\\u00e1z\\u00e9p\\u00edt\\u00e9s. Ezzel egy\\u00fctt az elm\\u00falt...\",\"inLanguage\":\"hu\",\"potentialAction\":[{\"@type\":\"ReadAction\",\"target\":[\"https:\/\/bizalmikor.hu\/blog\/2022\/04\/01\/lako-es-nem-lakoepuletek-generalkivitelezese\/\"]}]},{\"@type\":\"Article\",\"@id\":\"https:\/\/bizalmikor.hu\/blog\/2022\/04\/01\/lako-es-nem-lakoepuletek-generalkivitelezese\/#article\",\"isPartOf\":{\"@id\":\"https:\/\/bizalmikor.hu\/blog\/2022\/04\/01\/lako-es-nem-lakoepuletek-generalkivitelezese\/#webpage\"},\"author\":{\"@id\":\"https:\/\/bizalmikor.hu\/blog\/#\/schema\/person\/d48fd5a86cd7b719ff423ad6a892c47c\"},\"headline\":\"Lak\\u00f3 \\u00e9s nem lak\\u00f3\\u00e9p\\u00fcletek gener\\u00e1lkivitelez\\u00e9se a Balaton \\u00e9szaki partj\\u00e1n\",\"datePublished\":\"2022-04-01T07:08:18+00:00\",\"dateModified\":\"2022-04-01T07:08:19+00:00\",\"mainEntityOfPage\":{\"@id\":\"https:\/\/bizalmikor.hu\/blog\/2022\/04\/01\/lako-es-nem-lakoepuletek-generalkivitelezese\/#webpage\"},\"publisher\":{\"@id\":\"https:\/\/bizalmikor.hu\/blog\/#organization\"},\"image\":{\"@id\":\"https:\/\/bizalmikor.hu\/blog\/2022\/04\/01\/lako-es-nem-lakoepuletek-generalkivitelezese\/#primaryimage\"},\"articleSection\":\"Klubtagok bemutat\\u00e1sa\",\"inLanguage\":\"hu\"},{\"@type\":\"Person\",\"@id\":\"https:\/\/bizalmikor.hu\/blog\/#\/schema\/person\/d48fd5a86cd7b719ff423ad6a892c47c\",\"name\":\"Kov\\u00e1cs D\\u00e1niel\",\"image\":{\"@type\":\"ImageObject\",\"@id\":\"https:\/\/bizalmikor.hu\/blog\/#personlogo\",\"inLanguage\":\"hu\",\"url\":\"https:\/\/secure.gravatar.com\/avatar\/47d716fe03040c0eeabaaae8b662c6b9?s=96&d=mm&r=g\",\"caption\":\"Kov\\u00e1cs D\\u00e1niel\"}}]}<\/script>\n<!-- \/ Yoast SEO plugin. -->","_links":{"self":[{"href":"https:\/\/bizalmikor.hu\/blog\/wp-json\/wp\/v2\/posts\/6293"}],"collection":[{"href":"https:\/\/bizalmikor.hu\/blog\/wp-json\/wp\/v2\/posts"}],"about":[{"href":"https:\/\/bizalmikor.hu\/blog\/wp-json\/wp\/v2\/types\/post"}],"author":[{"embeddable":true,"href":"https:\/\/bizalmikor.hu\/blog\/wp-json\/wp\/v2\/users\/6"}],"replies":[{"embeddable":true,"href":"https:\/\/bizalmikor.hu\/blog\/wp-json\/wp\/v2\/comments?post=6293"}],"version-history":[{"count":1,"href":"https:\/\/bizalmikor.hu\/blog\/wp-json\/wp\/v2\/posts\/6293\/revisions"}],"predecessor-version":[{"id":6294,"href":"https:\/\/bizalmikor.hu\/blog\/wp-json\/wp\/v2\/posts\/6293\/revisions\/6294"}],"wp:featuredmedia":[{"embeddable":true,"href":"https:\/\/bizalmikor.hu\/blog\/wp-json\/wp\/v2\/media\/6295"}],"wp:attachment":[{"href":"https:\/\/bizalmikor.hu\/blog\/wp-json\/wp\/v2\/media?parent=6293"}],"wp:term":[{"taxonomy":"category","embeddable":true,"href":"https:\/\/bizalmikor.hu\/blog\/wp-json\/wp\/v2\/categories?post=6293"},{"taxonomy":"post_tag","embeddable":true,"href":"https:\/\/bizalmikor.hu\/blog\/wp-json\/wp\/v2\/tags?post=6293"}],"curies":[{"name":"wp","href":"https:\/\/api.w.org\/{rel}","templated":true}]}}