{"id":634,"date":"2020-02-03T10:31:19","date_gmt":"2020-02-03T10:31:19","guid":{"rendered":"https:\/\/bizalmikor.hu\/blog\/?p=634"},"modified":"2020-04-07T09:11:03","modified_gmt":"2020-04-07T09:11:03","slug":"hobbikent-indult-mara-nemzetkozi-terjeszkedes-elott-allo-vallalkozassa-notte-ki-magat","status":"publish","type":"post","link":"https:\/\/bizalmikor.hu\/blog\/2020\/02\/03\/hobbikent-indult-mara-nemzetkozi-terjeszkedes-elott-allo-vallalkozassa-notte-ki-magat\/","title":{"rendered":"Hobbik\u00e9nt indult, m\u00e1ra nemzetk\u00f6zi terjeszked\u00e9s el\u0151tt \u00e1ll\u00f3 v\u00e1llalkoz\u00e1ss\u00e1 n\u0151tte ki mag\u00e1t"},"content":{"rendered":"\n<p><strong>Vinczell\u00e9r D\u00e1vid<\/strong>dal, a <strong>Meknetis Kft.<\/strong> t\u00e1rsalap\u00edt\u00f3j\u00e1val besz\u00e9lgett\u00fcnk annak aprop\u00f3j\u00e1n, hogy \u00fczlett\u00e1rs\u00e1hoz <strong>Kov\u00e1cs Erikhez<\/strong> hasonl\u00f3an \u0151 is csatlakozott a <strong>Bizalmi K\u00f6rh\u00f6z.<\/strong><\/p>\n\n\n\n<p>Mivel Erik sokat mes\u00e9lt nek\u00fcnk m\u00e1r a c\u00e9g alap\u00edt\u00e1s\u00e1nak k\u00f6r\u00fclm\u00e9nyeir\u0151l \u00e9s a tev\u00e9kenys\u00e9gr\u0151l, ez\u00e9rt D\u00e1vidot f\u0151k\u00e9nt a saj\u00e1t feladatair\u00f3l, a j\u00f6v\u0151beli tervekr\u0151l, illetve az \u0151t foglalkoztat\u00f3\nelfoglalts\u00e1gokr\u00f3l k\u00e9rdezt\u00fck.<\/p>\n\n\n\n<h2 class=\"wp-block-heading\"><strong>A kezdeti l\u00e9p\u00e9sekr\u0151l, illetve a feladatok eloszt\u00e1s\u00e1r\u00f3l<\/strong><\/h2>\n\n\n\n<blockquote class=\"wp-block-quote is-style-default is-layout-flow wp-block-quote-is-layout-flow\"><p>\u201eAdott volt sz\u00e1munka a m\u00e1gneshorg\u00e1szat, mint hobbi. Akkoriban nekem m\u00e1r volt n\u00e9mi tapasztalatom dropshipping kereskedelemben, illetve egy weboldalt is fel tudtam m\u00e1r \u00e9p\u00edteni\u201d<\/p><cite>-mes\u00e9lt nek\u00fcnk D\u00e1vid a Meknetis Kft. 2016-os sz\u00fclet\u00e9s\u00e9nek k\u00f6r\u00fclm\u00e9nyeir\u0151l.<\/cite><\/blockquote>\n\n\n\n<p>\u201e\u00dagy voltunk vele, hogy mi\u00e9rt ne pr\u00f3b\u00e1ln\u00e1nk ki. El\u0151sz\u00f6r k\u00e9tf\u00e9le m\u00e1gnesb\u0151l rendelt\u00fcnk t\u00edz-t\u00edz darabot, megcsin\u00e1ltuk a webshopot, a Facebook oldalt \u00e9s Youtube csatorn\u00e1t. Elkezdt\u00fcnk vide\u00f3kat k\u00e9sz\u00edteni, \u00e9s ha el\u0151sz\u00f6r kicsit nehezen is, de sz\u00e9p lassan beindultak a rendel\u00e9sek. Mondhatom azt, hogy mintegy t\u00edzezer m\u00e1gnest eladtunk m\u00e1r, \u00e9s a c\u00e9lunk a tov\u00e1bbi b\u0151v\u00fcl\u00e9s.<\/p>\n\n\n\n<p>Ami a feladatokat illeti, a c\u00e9gen bel\u00fcl \u00e9n int\u00e9zem az anyagbeszerz\u00e9st, valamint a weboldal kezel\u00e9s\u00e9t is. Nagyj\u00e1b\u00f3l m\u00e1sf\u00e9l \u00e9vvel ezel\u0151tt siker\u00fclt megtal\u00e1lnunk azt a megb\u00edzhat\u00f3 partnert, aki egyedi kivitelben, a mi ig\u00e9nyeinkhez igazodva biztos\u00edtja a speci\u00e1lis burkolattal ell\u00e1tott, m\u00e1s strapab\u00edr\u00f3 m\u00e1gneseket.\u201d<\/p>\n\n\n\n<h2 class=\"wp-block-heading\"><strong>Jelenlegi tervek, illetve megval\u00f3s\u00edt\u00e1sra v\u00e1r\u00f3 feladatok<\/strong><\/h2>\n\n\n\n<p>D\u00e1vid t\u00f6bb aktu\u00e1lis kih\u00edv\u00e1st is megeml\u00edtett, amelyek kapcs\u00e1n term\u00e9szetesen sz\u00edvesen fogad minden tapasztalatot \u00e9s javaslatot a <strong>Bizalmi K\u00f6r\u00f6n<\/strong> bel\u00fcl:<\/p>\n\n\n\n<p>\u201eA terv\u00fcnk az, hogy elkezd\u00fcnk egy kicsit nyugatra is l\u00e9pkedni. A n\u00e9met \u00e9s osztr\u00e1k piacrasz\u00e1nt webshopunk ford\u00edt\u00e1sa nemsok\u00e1ra elk\u00e9sz\u00fcl, k\u00f6zben az Amazonnal is szemezgetek. Oda is j\u00f3 volna beker\u00fclni.<\/p>\n\n\n\n<p>Hazai fronton szeretn\u00e9nk a term\u00e9keinkkel a boltokba is beker\u00fclni. Vagyis megc\u00e9loztuk a viszontelad\u00f3k sz\u00e1m\u00e1ra t\u00f6rt\u00e9n\u0151 forgalmaz\u00e1st. Ezen a ter\u00fcleten nincs tapasztalatunk, teh\u00e1t nem ismerj\u00fck a beker\u00fcl\u00e9s m\u00f3dj\u00e1t, \u00e9s hogy egy\u00e1ltal\u00e1n milyen mennyis\u00e9gekkel kalkul\u00e1ljunk.<\/p>\n\n\n\n<p>Emellett a saj\u00e1t m\u00e1rk\u00e1s m\u0171csalik forgalmaz\u00e1sa is megval\u00f3sul a k\u00f6zelj\u00f6v\u0151ben, de a brand \u00e9p\u00edt\u00e9ssel kapcsolatos terveinkben a ruhanem\u0171k \u00e9rt\u00e9kes\u00edt\u00e9se is szerepel.\u201d<\/p>\n\n\n\n<h2 class=\"wp-block-heading\"><strong>Az e-sport ir\u00e1nt \u00e9rzett szenved\u00e9ly t\u00f6retlen\u00fcl megmaradt<\/strong><\/h2>\n\n\n\n<p>Term\u00e9szetesen D\u00e1vidot is k\u00e9rdezt\u00fck az \u00e1ltala legink\u00e1bb kedvelt szabadid\u0151s tev\u00e9kenys\u00e9gekr\u0151l:<\/p>\n\n\n\n<blockquote class=\"wp-block-quote is-layout-flow wp-block-quote-is-layout-flow\"><p>\u201eE-sport rajong\u00f3 vagyok, vagyis \u00e9n magam is sz\u00edvesen j\u00e1tszom, de rengeteg \u00e9l\u0151 k\u00f6zvet\u00edt\u00e9st is n\u00e9zek. Hatalmas piacot l\u00e1tok egy\u00e9bk\u00e9nt ezen a t\u00e9ren, ez\u00e9rt a k\u00e9s\u0151bbiekben \u00fczleti szempontb\u00f3l is szeretn\u00e9nk majd a ter\u00fclet fel\u00e9 orient\u00e1l\u00f3dni.\u201d<\/p><\/blockquote>\n\n\n\n<hr class=\"wp-block-separator\"\/>\n\n\n\n<h1 class=\"has-text-align-center wp-block-heading\">Szeretn\u00e9l megismerkedni klubtagjainkkal? K\u00e9rj egy megh\u00edv\u00f3t!<\/h1>\n\n\n\n<div class=\"wp-block-button aligncenter\"><a class=\"wp-block-button__link has-background\" href=\"https:\/\/bizalmikor.hu\/kapcsolat\/\" style=\"background-color:#14496b\" target=\"_blank\" rel=\"noreferrer noopener\"><strong>\u00c9rdekel a Bizalmi K\u00f6r klubtags\u00e1g<\/strong><\/a><\/div>\n\n\n\n<hr class=\"wp-block-separator\"\/>\n","protected":false},"excerpt":{"rendered":"<p>Vinczell\u00e9r D\u00e1viddal, a Meknetis Kft. t\u00e1rsalap\u00edt\u00f3j\u00e1val besz\u00e9lgett\u00fcnk annak aprop\u00f3j\u00e1n, hogy \u00fczlett\u00e1rs\u00e1hoz Kov\u00e1cs Erikhez hasonl\u00f3an \u0151 is csatlakozott a Bizalmi K\u00f6rh\u00f6z. Mivel Erik sokat mes\u00e9lt nek\u00fcnk m\u00e1r a c\u00e9g alap\u00edt\u00e1s\u00e1nak k\u00f6r\u00fclm\u00e9nyeir\u0151l \u00e9s a tev\u00e9kenys\u00e9gr\u0151l, ez\u00e9rt D\u00e1vidot f\u0151k\u00e9nt a saj\u00e1t feladatair\u00f3l, a j\u00f6v\u0151beli tervekr\u0151l, illetve az \u0151t foglalkoztat\u00f3 elfoglalts\u00e1gokr\u00f3l k\u00e9rdezt\u00fck.<\/p>\n","protected":false},"author":1,"featured_media":2037,"comment_status":"open","ping_status":"open","sticky":false,"template":"","format":"standard","meta":{"footnotes":""},"categories":[23],"tags":[],"yoast_head":"<!-- This site is optimized with the Yoast SEO plugin v15.4 - https:\/\/yoast.com\/wordpress\/plugins\/seo\/ -->\n<title>Hobbik\u00e9nt indult, m\u00e1ra nemzetk\u00f6zi terjeszked\u00e9s el\u0151tt \u00e1ll\u00f3 v\u00e1llalkoz\u00e1ss\u00e1 n\u0151tte ki mag\u00e1t<\/title>\n<meta name=\"robots\" content=\"index, follow, max-snippet:-1, max-image-preview:large, max-video-preview:-1\" \/>\n<link rel=\"canonical\" href=\"https:\/\/bizalmikor.hu\/blog\/2020\/02\/03\/hobbikent-indult-mara-nemzetkozi-terjeszkedes-elott-allo-vallalkozassa-notte-ki-magat\/\" \/>\n<meta property=\"og:locale\" content=\"hu_HU\" \/>\n<meta property=\"og:type\" content=\"article\" \/>\n<meta property=\"og:title\" content=\"Hobbik\u00e9nt indult, m\u00e1ra nemzetk\u00f6zi terjeszked\u00e9s el\u0151tt \u00e1ll\u00f3 v\u00e1llalkoz\u00e1ss\u00e1 n\u0151tte ki mag\u00e1t\" \/>\n<meta property=\"og:description\" content=\"Vinczell\u00e9r D\u00e1viddal, a Meknetis Kft. t\u00e1rsalap\u00edt\u00f3j\u00e1val besz\u00e9lgett\u00fcnk annak aprop\u00f3j\u00e1n, hogy \u00fczlett\u00e1rs\u00e1hoz Kov\u00e1cs Erikhez hasonl\u00f3an \u0151 is csatlakozott a Bizalmi K\u00f6rh\u00f6z. Mivel Erik sokat mes\u00e9lt nek\u00fcnk m\u00e1r a c\u00e9g alap\u00edt\u00e1s\u00e1nak k\u00f6r\u00fclm\u00e9nyeir\u0151l \u00e9s a tev\u00e9kenys\u00e9gr\u0151l, ez\u00e9rt D\u00e1vidot f\u0151k\u00e9nt a saj\u00e1t feladatair\u00f3l, a j\u00f6v\u0151beli tervekr\u0151l, illetve az \u0151t foglalkoztat\u00f3 elfoglalts\u00e1gokr\u00f3l k\u00e9rdezt\u00fck.\" \/>\n<meta property=\"og:url\" content=\"https:\/\/bizalmikor.hu\/blog\/2020\/02\/03\/hobbikent-indult-mara-nemzetkozi-terjeszkedes-elott-allo-vallalkozassa-notte-ki-magat\/\" \/>\n<meta property=\"og:site_name\" content=\"Bizalmi K\u00f6r blog\" \/>\n<meta property=\"article:publisher\" content=\"https:\/\/www.facebook.com\/bizalmikor\" \/>\n<meta property=\"article:published_time\" content=\"2020-02-03T10:31:19+00:00\" \/>\n<meta property=\"article:modified_time\" content=\"2020-04-07T09:11:03+00:00\" \/>\n<meta property=\"og:image\" content=\"https:\/\/bizalmikor.hu\/blog\/wp-content\/uploads\/2020\/02\/74612521_1441140829374788_8341112044027641856_n.jpg\" \/>\n\t<meta property=\"og:image:width\" content=\"720\" \/>\n\t<meta property=\"og:image:height\" content=\"540\" \/>\n<meta name=\"twitter:card\" content=\"summary_large_image\" \/>\n<meta name=\"twitter:label1\" content=\"Szerz\u0151:\">\n\t<meta name=\"twitter:data1\" content=\"Syabolcs\">\n\t<meta name=\"twitter:label2\" content=\"Becs\u00fclt olvas\u00e1si id\u0151\">\n\t<meta name=\"twitter:data2\" content=\"2 perc\">\n<script type=\"application\/ld+json\" class=\"yoast-schema-graph\">{\"@context\":\"https:\/\/schema.org\",\"@graph\":[{\"@type\":\"Organization\",\"@id\":\"https:\/\/bizalmikor.hu\/blog\/#organization\",\"name\":\"Bizalmi K\\u00f6r Kft.\",\"url\":\"https:\/\/bizalmikor.hu\/blog\/\",\"sameAs\":[\"https:\/\/www.facebook.com\/bizalmikor\",\"https:\/\/www.instagram.com\/bizalmikor\/\",\"https:\/\/www.linkedin.com\/company\/19165894\",\"https:\/\/www.youtube.com\/channel\/UC7fAD3QCIWeSexU5t6F3YOw?view_as=subscriber\"],\"logo\":{\"@type\":\"ImageObject\",\"@id\":\"https:\/\/bizalmikor.hu\/blog\/#logo\",\"inLanguage\":\"hu\",\"url\":\"https:\/\/bizalmikor.hu\/blog\/wp-content\/uploads\/2019\/02\/Group-2.png\",\"width\":4033,\"height\":1192,\"caption\":\"Bizalmi K\\u00f6r Kft.\"},\"image\":{\"@id\":\"https:\/\/bizalmikor.hu\/blog\/#logo\"}},{\"@type\":\"WebSite\",\"@id\":\"https:\/\/bizalmikor.hu\/blog\/#website\",\"url\":\"https:\/\/bizalmikor.hu\/blog\/\",\"name\":\"Bizalmi K\\u00f6r blog\",\"description\":\"Egynek minden neh\\u00e9z, soknak semmi sem lehetetlen.\",\"publisher\":{\"@id\":\"https:\/\/bizalmikor.hu\/blog\/#organization\"},\"potentialAction\":[{\"@type\":\"SearchAction\",\"target\":\"https:\/\/bizalmikor.hu\/blog\/?s={search_term_string}\",\"query-input\":\"required name=search_term_string\"}],\"inLanguage\":\"hu\"},{\"@type\":\"ImageObject\",\"@id\":\"https:\/\/bizalmikor.hu\/blog\/2020\/02\/03\/hobbikent-indult-mara-nemzetkozi-terjeszkedes-elott-allo-vallalkozassa-notte-ki-magat\/#primaryimage\",\"inLanguage\":\"hu\",\"url\":\"https:\/\/bizalmikor.hu\/blog\/wp-content\/uploads\/2020\/02\/74612521_1441140829374788_8341112044027641856_n.jpg\",\"width\":720,\"height\":540},{\"@type\":\"WebPage\",\"@id\":\"https:\/\/bizalmikor.hu\/blog\/2020\/02\/03\/hobbikent-indult-mara-nemzetkozi-terjeszkedes-elott-allo-vallalkozassa-notte-ki-magat\/#webpage\",\"url\":\"https:\/\/bizalmikor.hu\/blog\/2020\/02\/03\/hobbikent-indult-mara-nemzetkozi-terjeszkedes-elott-allo-vallalkozassa-notte-ki-magat\/\",\"name\":\"Hobbik\\u00e9nt indult, m\\u00e1ra nemzetk\\u00f6zi terjeszked\\u00e9s el\\u0151tt \\u00e1ll\\u00f3 v\\u00e1llalkoz\\u00e1ss\\u00e1 n\\u0151tte ki mag\\u00e1t\",\"isPartOf\":{\"@id\":\"https:\/\/bizalmikor.hu\/blog\/#website\"},\"primaryImageOfPage\":{\"@id\":\"https:\/\/bizalmikor.hu\/blog\/2020\/02\/03\/hobbikent-indult-mara-nemzetkozi-terjeszkedes-elott-allo-vallalkozassa-notte-ki-magat\/#primaryimage\"},\"datePublished\":\"2020-02-03T10:31:19+00:00\",\"dateModified\":\"2020-04-07T09:11:03+00:00\",\"inLanguage\":\"hu\",\"potentialAction\":[{\"@type\":\"ReadAction\",\"target\":[\"https:\/\/bizalmikor.hu\/blog\/2020\/02\/03\/hobbikent-indult-mara-nemzetkozi-terjeszkedes-elott-allo-vallalkozassa-notte-ki-magat\/\"]}]},{\"@type\":\"Article\",\"@id\":\"https:\/\/bizalmikor.hu\/blog\/2020\/02\/03\/hobbikent-indult-mara-nemzetkozi-terjeszkedes-elott-allo-vallalkozassa-notte-ki-magat\/#article\",\"isPartOf\":{\"@id\":\"https:\/\/bizalmikor.hu\/blog\/2020\/02\/03\/hobbikent-indult-mara-nemzetkozi-terjeszkedes-elott-allo-vallalkozassa-notte-ki-magat\/#webpage\"},\"author\":{\"@id\":\"https:\/\/bizalmikor.hu\/blog\/#\/schema\/person\/859f22708daa3d571ea76934a3e7f8f0\"},\"headline\":\"Hobbik\\u00e9nt indult, m\\u00e1ra nemzetk\\u00f6zi terjeszked\\u00e9s el\\u0151tt \\u00e1ll\\u00f3 v\\u00e1llalkoz\\u00e1ss\\u00e1 n\\u0151tte ki mag\\u00e1t\",\"datePublished\":\"2020-02-03T10:31:19+00:00\",\"dateModified\":\"2020-04-07T09:11:03+00:00\",\"mainEntityOfPage\":{\"@id\":\"https:\/\/bizalmikor.hu\/blog\/2020\/02\/03\/hobbikent-indult-mara-nemzetkozi-terjeszkedes-elott-allo-vallalkozassa-notte-ki-magat\/#webpage\"},\"commentCount\":0,\"publisher\":{\"@id\":\"https:\/\/bizalmikor.hu\/blog\/#organization\"},\"image\":{\"@id\":\"https:\/\/bizalmikor.hu\/blog\/2020\/02\/03\/hobbikent-indult-mara-nemzetkozi-terjeszkedes-elott-allo-vallalkozassa-notte-ki-magat\/#primaryimage\"},\"articleSection\":\"Klubtagok bemutat\\u00e1sa\",\"inLanguage\":\"hu\",\"potentialAction\":[{\"@type\":\"CommentAction\",\"name\":\"Comment\",\"target\":[\"https:\/\/bizalmikor.hu\/blog\/2020\/02\/03\/hobbikent-indult-mara-nemzetkozi-terjeszkedes-elott-allo-vallalkozassa-notte-ki-magat\/#respond\"]}]},{\"@type\":\"Person\",\"@id\":\"https:\/\/bizalmikor.hu\/blog\/#\/schema\/person\/859f22708daa3d571ea76934a3e7f8f0\",\"name\":\"Syabolcs\",\"image\":{\"@type\":\"ImageObject\",\"@id\":\"https:\/\/bizalmikor.hu\/blog\/#personlogo\",\"inLanguage\":\"hu\",\"url\":\"https:\/\/secure.gravatar.com\/avatar\/f4ca85b32c6aadd02a1bf459cf6a2cc7?s=96&d=mm&r=g\",\"caption\":\"Syabolcs\"}}]}<\/script>\n<!-- \/ Yoast SEO plugin. -->","_links":{"self":[{"href":"https:\/\/bizalmikor.hu\/blog\/wp-json\/wp\/v2\/posts\/634"}],"collection":[{"href":"https:\/\/bizalmikor.hu\/blog\/wp-json\/wp\/v2\/posts"}],"about":[{"href":"https:\/\/bizalmikor.hu\/blog\/wp-json\/wp\/v2\/types\/post"}],"author":[{"embeddable":true,"href":"https:\/\/bizalmikor.hu\/blog\/wp-json\/wp\/v2\/users\/1"}],"replies":[{"embeddable":true,"href":"https:\/\/bizalmikor.hu\/blog\/wp-json\/wp\/v2\/comments?post=634"}],"version-history":[{"count":3,"href":"https:\/\/bizalmikor.hu\/blog\/wp-json\/wp\/v2\/posts\/634\/revisions"}],"predecessor-version":[{"id":2064,"href":"https:\/\/bizalmikor.hu\/blog\/wp-json\/wp\/v2\/posts\/634\/revisions\/2064"}],"wp:featuredmedia":[{"embeddable":true,"href":"https:\/\/bizalmikor.hu\/blog\/wp-json\/wp\/v2\/media\/2037"}],"wp:attachment":[{"href":"https:\/\/bizalmikor.hu\/blog\/wp-json\/wp\/v2\/media?parent=634"}],"wp:term":[{"taxonomy":"category","embeddable":true,"href":"https:\/\/bizalmikor.hu\/blog\/wp-json\/wp\/v2\/categories?post=634"},{"taxonomy":"post_tag","embeddable":true,"href":"https:\/\/bizalmikor.hu\/blog\/wp-json\/wp\/v2\/tags?post=634"}],"curies":[{"name":"wp","href":"https:\/\/api.w.org\/{rel}","templated":true}]}}