{"id":6346,"date":"2022-05-18T09:14:13","date_gmt":"2022-05-18T09:14:13","guid":{"rendered":"https:\/\/bizalmikor.hu\/blog\/?p=6346"},"modified":"2022-05-21T14:20:38","modified_gmt":"2022-05-21T14:20:38","slug":"bizalmi-kor-klubtagsagi-jelentkezes","status":"publish","type":"post","link":"https:\/\/bizalmikor.hu\/blog\/2022\/05\/18\/bizalmi-kor-klubtagsagi-jelentkezes\/","title":{"rendered":"Bizalmi K\u00f6r Vezet\u0151i Klub &#8211; Klubtags\u00e1gi \u00e9s Tematikus Mastermind jelentkez\u00e9s"},"content":{"rendered":"\n<hr class=\"wp-block-separator has-text-color has-background is-style-wide\" style=\"background-color:#14496b;color:#14496b\"\/>\n\n\n\n<h2 class=\"wp-block-heading\">Vezet\u0151i Klub vagyunk. K\u00f6zponti \u00e9rt\u00e9k\u00fcnk a tapasztalatmegoszt\u00e1s!<\/h2>\n\n\n\n<p>A <a href=\"https:\/\/bizalmikor.hu\/\">Bizalmi K\u00f6r <\/a>a vezet\u0151i l\u00e9tforma legfontosabb kih\u00edv\u00e1saira k\u00edn\u00e1l megold\u00e1st. <strong>A c\u00e9gvezet\u00e9s pedig m\u00e1ra extr\u00e9m sportt\u00e1 v\u00e1lt<\/strong>, \u00e9s az el\u0151tt\u00fcnk \u00e1ll\u00f3 id\u0151szak sem fog k\u00edm\u00e9lni minket, vezet\u0151i kih\u00edv\u00e1sokkal teli id\u0151szaknak n\u00e9z\u00fcnk el\u00e9be.<\/p>\n\n\n\n<p>Tapasztald meg Te is, milyen az, amikor a <strong>kih\u00edv\u00e1saidon m\u00e9g sz\u00e1mos c\u00e9gvezet\u0151 dolgozik<\/strong> \u00e9s tapasztalataink, gondolataink \u00e1ltal inspir\u00e1ljuk egym\u00e1st, hogy egy\u00fctt hat\u00e9konyabban vegy\u00fck az el\u0151tt\u00fcnk \u00e1ll\u00f3 kih\u00edv\u00e1sokat!<\/p>\n\n\n\n<h5 class=\"wp-block-heading\">Amennyiben \u00e9rdekel a klubtags\u00e1g vagy tematikus mastermindjaink, a lap alj\u00e1n tal\u00e1lhat\u00f3 \u0171rlap kit\u00f6lt\u00e9s\u00e9t k\u00f6vet\u0151en, munkat\u00e1rsunk megkeres, hogy megbesz\u00e9lj\u00e9tek a r\u00e9szleteket \u00e9s bizalommal v\u00e1laszol k\u00e9rd\u00e9seidre!<\/h5>\n\n\n\n<p>Ugorjuk meg egy\u00fctt, a j\u00f6v\u0151 kih\u00edv\u00e1sait!<\/p>\n\n\n\n<h5 class=\"wp-block-heading\">Indul\u00f3 tematikus mastermind csoportjaink, ahol titoktart\u00e1s mellett rajtad k\u00edv\u00fcl 6-7 c\u00e9gvezet\u0151, szakember dolgozik a ter\u00fcleti kih\u00edv\u00e1saidon:<\/h5>\n\n\n\n<p><em>NextGen &#8211; Indul\u00e1s: 2022.06.10.<\/em><\/p>\n\n\n\n<p><em>SaaS &#8211; Indul\u00e1s: 2022.06.20.<\/em><\/p>\n\n\n\n<p><em>Sales &#8211; Indul\u00e1s: 2022.06.20.<\/em><\/p>\n\n\n\n<p><em>Controlling &#8211; Indul\u00e1s: 2022.06.30.<\/em><\/p>\n\n\n\n<p><em>Gener\u00e1l kivitelez\u0151 &#8211; Indul\u00e1s: 2022.06.30.<\/em><\/p>\n\n\n\n<script async=\"\" src=\"https:\/\/r3.minicrm.hu\/api\/minicrm.js?t=1652954824\"><\/script>\n<link rel=\"stylesheet\" href=\"https:\/\/r3.minicrm.hu\/api\/minicrm.css\">\n<style>.TurnKeyCRM.Custom fieldset { background-color: transparent; }\n<\/style>\n<form formhash=\"51855-0otqhvbzob0e82nj5cfy\" action=\"https:\/\/r3.minicrm.hu\/Api\/Signup\" method=\"post\" class=\"TurnKeyCRM Custom\">\n        <fieldset>\n        <legend>Mi ir\u00e1nt \u00e9rdekl\u0151dsz?<\/legend>\n            <div class=\"InputBlock\">\n            <label for=\"Project_KlubtagsagErdekel_2194\">Klubtags\u00e1g \u00e9rdekel<\/label>\n                            <div id=\"Project_KlubtagsagErdekel_2194\" language=\"HU\"><label class=\"SetLabel\"><input id=\"Project_KlubtagsagErdekel_2194_4342\" type=\"checkbox\" value=\"1\" name=\"Project[2194][KlubtagsagErdekel][]\"><span class=\"OverflowEllipsis CheckBoxLabel\"><\/span><\/label><br>\n\t\t\t<\/div>\n                                    <\/div>\n\n            <div class=\"InputBlock\">\n            <label for=\"Project_TematikusMastermind_2194\" class=\"Required\">Tematikus mastermind<\/label>\n                            <select name=\"Project[2194][TematikusMastermind]\" id=\"Project_TematikusMastermind_2194\" language=\"HU\">\n\t\t\t\t<option selected=\"\" value=\"\"><\/option>\n\t\t\t\t<option value=\"4335\">Gener\u00e1lkivitelez\u0151<\/option>\n\t\t\t\t<option value=\"4336\">Kontrolling<\/option>\n\t\t\t\t<option value=\"4337\">Next Generation<\/option>\n\t\t\t\t<option value=\"3851\">SaaS: Software as a service<\/option>\n\t\t\t\t<option value=\"3848\">Sales<\/option>\n\t\t\t\t<option value=\"3962\">K\u00f6nyvel\u0151<\/option>\n\t\t\t\t<option value=\"3850\">Marketing<\/option>\n\t\t\t\t<option value=\"3849\">HR<\/option>\n\t\t\t<\/select>\n                                    <\/div>\n\n            <div class=\"InputBlock\">\n            <label for=\"Contact_LastName_2196\" class=\"Required\">Vezet\u00e9kn\u00e9v<\/label>\n                            <input name=\"Contact[2196][LastName]\" id=\"Contact_LastName_2196\" language=\"HU\" type=\"text\">\n                                    <\/div>\n\n            <div class=\"InputBlock\">\n            <label for=\"Contact_FirstName_2196\" class=\"Required\">Keresztn\u00e9v<\/label>\n                            <input name=\"Contact[2196][FirstName]\" id=\"Contact_FirstName_2196\" language=\"HU\" type=\"text\">\n                                    <\/div>\n\n            <div class=\"InputBlock\">\n            <label for=\"Contact_Email_2196\" class=\"Required\">Email<\/label>\n                            <input name=\"Contact[2196][Email]\" id=\"Contact_Email_2196\" language=\"HU\" type=\"text\">\n                                    <\/div>\n\n            <div class=\"InputBlock\">\n            <label for=\"Contact_Phone_2196\" class=\"Required\">Telefon<\/label>\n                            <input name=\"Contact[2196][Phone]\" id=\"Contact_Phone_2196\" language=\"HU\" type=\"text\">\n                                    <\/div>\n\n            <div class=\"InputBlock\">\n            <label for=\"Contact_Name_2195\" class=\"Required\">C\u00e9gn\u00e9v<\/label>\n                            <input name=\"Contact[2195][Name]\" id=\"Contact_Name_2195\" language=\"HU\" type=\"text\">\n                                    <\/div>\n\n    <\/fieldset>\n\n    <div id=\"Response_51855-0otqhvbzob0e82nj5cfy\" style=\"display: none;\" class=\"Response\"><\/div>\n    <input id=\"Submit_51855-0otqhvbzob0e82nj5cfy\" type=\"Submit\" value=\"Elk\u00fcld\">\n<\/form>\n\n\n\n<h1 class=\"has-text-align-center has-white-color has-text-color has-background wp-block-heading\" style=\"background-color:#bd9756\"><strong>Szeretn\u00e9d megtapasztalni Te is, milyen egy exkluz\u00edv \u00e9rt\u00e9kk\u00f6z\u00f6ss\u00e9g? Vedd fel vel\u00fcnk a kapcsolatot!<\/strong><\/h1>\n\n\n\n<div class=\"wp-block-button aligncenter\"><a class=\"wp-block-button__link has-background\" href=\"https:\/\/bizalmikor.hu\/kapcsolat\/\" style=\"background-color:#14496b\" target=\"_blank\" rel=\"noreferrer noopener\"><strong>\u00c9rdekel a Bizalmi K\u00f6r klubtags\u00e1g<\/strong><\/a><\/div>\n\n\n\n<hr class=\"wp-block-separator has-text-color has-background is-style-wide\" style=\"background-color:#14496b;color:#14496b\"\/>\n\n\n\n<p><\/p>\n","protected":false},"excerpt":{"rendered":"<p>Vezet\u0151i Klub vagyunk. K\u00f6zponti \u00e9rt\u00e9k\u00fcnk a tapasztalatmegoszt\u00e1s! A Bizalmi K\u00f6r a vezet\u0151i l\u00e9tforma legfontosabb kih\u00edv\u00e1saira k\u00edn\u00e1l megold\u00e1st. A c\u00e9gvezet\u00e9s pedig m\u00e1ra extr\u00e9m sportt\u00e1 v\u00e1lt, \u00e9s az el\u0151tt\u00fcnk \u00e1ll\u00f3 id\u0151szak sem fog k\u00edm\u00e9lni minket, vezet\u0151i kih\u00edv\u00e1sokkal teli id\u0151szaknak n\u00e9z\u00fcnk el\u00e9be. Tapasztald meg Te is, milyen az, amikor a kih\u00edv\u00e1saidon m\u00e9g sz\u00e1mos c\u00e9gvezet\u0151 dolgozik \u00e9s tapasztalataink, gondolataink [&hellip;]<\/p>\n","protected":false},"author":6,"featured_media":6351,"comment_status":"closed","ping_status":"open","sticky":false,"template":"","format":"standard","meta":{"footnotes":""},"categories":[30],"tags":[],"yoast_head":"<!-- This site is optimized with the Yoast SEO plugin v15.4 - https:\/\/yoast.com\/wordpress\/plugins\/seo\/ -->\n<title>Bizalmi K\u00f6r Vezet\u0151i Klub - Klubtags\u00e1gi jelentkez\u00e9s<\/title>\n<meta name=\"robots\" content=\"index, follow, max-snippet:-1, max-image-preview:large, max-video-preview:-1\" \/>\n<link rel=\"canonical\" href=\"https:\/\/bizalmikor.hu\/blog\/2022\/05\/18\/bizalmi-kor-klubtagsagi-jelentkezes\/\" \/>\n<meta property=\"og:locale\" content=\"hu_HU\" \/>\n<meta property=\"og:type\" content=\"article\" \/>\n<meta property=\"og:title\" content=\"Bizalmi K\u00f6r Vezet\u0151i Klub - Klubtags\u00e1gi jelentkez\u00e9s\" \/>\n<meta property=\"og:description\" content=\"Vezet\u0151i Klub vagyunk. K\u00f6zponti \u00e9rt\u00e9k\u00fcnk a tapasztalatmegoszt\u00e1s! A Bizalmi K\u00f6r a vezet\u0151i l\u00e9tforma legfontosabb kih\u00edv\u00e1saira k\u00edn\u00e1l megold\u00e1st. A c\u00e9gvezet\u00e9s pedig m\u00e1ra extr\u00e9m sportt\u00e1 v\u00e1lt, \u00e9s az el\u0151tt\u00fcnk \u00e1ll\u00f3 id\u0151szak sem fog k\u00edm\u00e9lni minket, vezet\u0151i kih\u00edv\u00e1sokkal teli id\u0151szaknak n\u00e9z\u00fcnk el\u00e9be. Tapasztald meg Te is, milyen az, amikor a kih\u00edv\u00e1saidon m\u00e9g sz\u00e1mos c\u00e9gvezet\u0151 dolgozik \u00e9s tapasztalataink, gondolataink [&hellip;]\" \/>\n<meta property=\"og:url\" content=\"https:\/\/bizalmikor.hu\/blog\/2022\/05\/18\/bizalmi-kor-klubtagsagi-jelentkezes\/\" \/>\n<meta property=\"og:site_name\" content=\"Bizalmi K\u00f6r blog\" \/>\n<meta property=\"article:publisher\" content=\"https:\/\/www.facebook.com\/bizalmikor\" \/>\n<meta property=\"article:published_time\" content=\"2022-05-18T09:14:13+00:00\" \/>\n<meta property=\"article:modified_time\" content=\"2022-05-21T14:20:38+00:00\" \/>\n<meta property=\"og:image\" content=\"https:\/\/bizalmikor.hu\/blog\/wp-content\/uploads\/2022\/05\/Hamarosan_kezdunk.jpg\" \/>\n\t<meta property=\"og:image:width\" content=\"1568\" \/>\n\t<meta property=\"og:image:height\" content=\"923\" \/>\n<meta name=\"twitter:card\" content=\"summary_large_image\" \/>\n<meta name=\"twitter:label1\" content=\"Szerz\u0151:\">\n\t<meta name=\"twitter:data1\" content=\"Kov\u00e1cs D\u00e1niel\">\n\t<meta name=\"twitter:label2\" content=\"Becs\u00fclt olvas\u00e1si id\u0151\">\n\t<meta name=\"twitter:data2\" content=\"1 perc\">\n<script type=\"application\/ld+json\" class=\"yoast-schema-graph\">{\"@context\":\"https:\/\/schema.org\",\"@graph\":[{\"@type\":\"Organization\",\"@id\":\"https:\/\/bizalmikor.hu\/blog\/#organization\",\"name\":\"Bizalmi K\\u00f6r Kft.\",\"url\":\"https:\/\/bizalmikor.hu\/blog\/\",\"sameAs\":[\"https:\/\/www.facebook.com\/bizalmikor\",\"https:\/\/www.instagram.com\/bizalmikor\/\",\"https:\/\/www.linkedin.com\/company\/19165894\",\"https:\/\/www.youtube.com\/channel\/UC7fAD3QCIWeSexU5t6F3YOw?view_as=subscriber\"],\"logo\":{\"@type\":\"ImageObject\",\"@id\":\"https:\/\/bizalmikor.hu\/blog\/#logo\",\"inLanguage\":\"hu\",\"url\":\"https:\/\/bizalmikor.hu\/blog\/wp-content\/uploads\/2019\/02\/Group-2.png\",\"width\":4033,\"height\":1192,\"caption\":\"Bizalmi K\\u00f6r Kft.\"},\"image\":{\"@id\":\"https:\/\/bizalmikor.hu\/blog\/#logo\"}},{\"@type\":\"WebSite\",\"@id\":\"https:\/\/bizalmikor.hu\/blog\/#website\",\"url\":\"https:\/\/bizalmikor.hu\/blog\/\",\"name\":\"Bizalmi K\\u00f6r blog\",\"description\":\"Egynek minden neh\\u00e9z, soknak semmi sem lehetetlen.\",\"publisher\":{\"@id\":\"https:\/\/bizalmikor.hu\/blog\/#organization\"},\"potentialAction\":[{\"@type\":\"SearchAction\",\"target\":\"https:\/\/bizalmikor.hu\/blog\/?s={search_term_string}\",\"query-input\":\"required name=search_term_string\"}],\"inLanguage\":\"hu\"},{\"@type\":\"ImageObject\",\"@id\":\"https:\/\/bizalmikor.hu\/blog\/2022\/05\/18\/bizalmi-kor-klubtagsagi-jelentkezes\/#primaryimage\",\"inLanguage\":\"hu\",\"url\":\"https:\/\/bizalmikor.hu\/blog\/wp-content\/uploads\/2022\/05\/Hamarosan_kezdunk.jpg\",\"width\":1568,\"height\":923},{\"@type\":\"WebPage\",\"@id\":\"https:\/\/bizalmikor.hu\/blog\/2022\/05\/18\/bizalmi-kor-klubtagsagi-jelentkezes\/#webpage\",\"url\":\"https:\/\/bizalmikor.hu\/blog\/2022\/05\/18\/bizalmi-kor-klubtagsagi-jelentkezes\/\",\"name\":\"Bizalmi K\\u00f6r Vezet\\u0151i Klub - Klubtags\\u00e1gi jelentkez\\u00e9s\",\"isPartOf\":{\"@id\":\"https:\/\/bizalmikor.hu\/blog\/#website\"},\"primaryImageOfPage\":{\"@id\":\"https:\/\/bizalmikor.hu\/blog\/2022\/05\/18\/bizalmi-kor-klubtagsagi-jelentkezes\/#primaryimage\"},\"datePublished\":\"2022-05-18T09:14:13+00:00\",\"dateModified\":\"2022-05-21T14:20:38+00:00\",\"inLanguage\":\"hu\",\"potentialAction\":[{\"@type\":\"ReadAction\",\"target\":[\"https:\/\/bizalmikor.hu\/blog\/2022\/05\/18\/bizalmi-kor-klubtagsagi-jelentkezes\/\"]}]},{\"@type\":\"Article\",\"@id\":\"https:\/\/bizalmikor.hu\/blog\/2022\/05\/18\/bizalmi-kor-klubtagsagi-jelentkezes\/#article\",\"isPartOf\":{\"@id\":\"https:\/\/bizalmikor.hu\/blog\/2022\/05\/18\/bizalmi-kor-klubtagsagi-jelentkezes\/#webpage\"},\"author\":{\"@id\":\"https:\/\/bizalmikor.hu\/blog\/#\/schema\/person\/d48fd5a86cd7b719ff423ad6a892c47c\"},\"headline\":\"Bizalmi K\\u00f6r Vezet\\u0151i Klub &#8211; Klubtags\\u00e1gi \\u00e9s Tematikus Mastermind jelentkez\\u00e9s\",\"datePublished\":\"2022-05-18T09:14:13+00:00\",\"dateModified\":\"2022-05-21T14:20:38+00:00\",\"mainEntityOfPage\":{\"@id\":\"https:\/\/bizalmikor.hu\/blog\/2022\/05\/18\/bizalmi-kor-klubtagsagi-jelentkezes\/#webpage\"},\"publisher\":{\"@id\":\"https:\/\/bizalmikor.hu\/blog\/#organization\"},\"image\":{\"@id\":\"https:\/\/bizalmikor.hu\/blog\/2022\/05\/18\/bizalmi-kor-klubtagsagi-jelentkezes\/#primaryimage\"},\"articleSection\":\"Trust Summit\",\"inLanguage\":\"hu\"},{\"@type\":\"Person\",\"@id\":\"https:\/\/bizalmikor.hu\/blog\/#\/schema\/person\/d48fd5a86cd7b719ff423ad6a892c47c\",\"name\":\"Kov\\u00e1cs D\\u00e1niel\",\"image\":{\"@type\":\"ImageObject\",\"@id\":\"https:\/\/bizalmikor.hu\/blog\/#personlogo\",\"inLanguage\":\"hu\",\"url\":\"https:\/\/secure.gravatar.com\/avatar\/47d716fe03040c0eeabaaae8b662c6b9?s=96&d=mm&r=g\",\"caption\":\"Kov\\u00e1cs D\\u00e1niel\"}}]}<\/script>\n<!-- \/ Yoast SEO plugin. -->","_links":{"self":[{"href":"https:\/\/bizalmikor.hu\/blog\/wp-json\/wp\/v2\/posts\/6346"}],"collection":[{"href":"https:\/\/bizalmikor.hu\/blog\/wp-json\/wp\/v2\/posts"}],"about":[{"href":"https:\/\/bizalmikor.hu\/blog\/wp-json\/wp\/v2\/types\/post"}],"author":[{"embeddable":true,"href":"https:\/\/bizalmikor.hu\/blog\/wp-json\/wp\/v2\/users\/6"}],"replies":[{"embeddable":true,"href":"https:\/\/bizalmikor.hu\/blog\/wp-json\/wp\/v2\/comments?post=6346"}],"version-history":[{"count":8,"href":"https:\/\/bizalmikor.hu\/blog\/wp-json\/wp\/v2\/posts\/6346\/revisions"}],"predecessor-version":[{"id":6363,"href":"https:\/\/bizalmikor.hu\/blog\/wp-json\/wp\/v2\/posts\/6346\/revisions\/6363"}],"wp:featuredmedia":[{"embeddable":true,"href":"https:\/\/bizalmikor.hu\/blog\/wp-json\/wp\/v2\/media\/6351"}],"wp:attachment":[{"href":"https:\/\/bizalmikor.hu\/blog\/wp-json\/wp\/v2\/media?parent=6346"}],"wp:term":[{"taxonomy":"category","embeddable":true,"href":"https:\/\/bizalmikor.hu\/blog\/wp-json\/wp\/v2\/categories?post=6346"},{"taxonomy":"post_tag","embeddable":true,"href":"https:\/\/bizalmikor.hu\/blog\/wp-json\/wp\/v2\/tags?post=6346"}],"curies":[{"name":"wp","href":"https:\/\/api.w.org\/{rel}","templated":true}]}}