{"id":6466,"date":"2022-08-18T07:33:17","date_gmt":"2022-08-18T07:33:17","guid":{"rendered":"https:\/\/bizalmikor.hu\/blog\/?p=6466"},"modified":"2022-08-18T07:47:34","modified_gmt":"2022-08-18T07:47:34","slug":"kifogastalan-minosegu-marketing-videok","status":"publish","type":"post","link":"https:\/\/bizalmikor.hu\/blog\/2022\/08\/18\/kifogastalan-minosegu-marketing-videok\/","title":{"rendered":"Kifog\u00e1stalan min\u0151s\u00e9g\u0171 marketing vide\u00f3k er\u0151teljes kreat\u00edv t\u00f6ltettel"},"content":{"rendered":"\n<h3 class=\"wp-block-heading\"><strong>Putz Patrik szem\u00e9ly\u00e9ben nemcsak a <a href=\"https:\/\/conceptz.hu\/\">Conceptz \u00fcgyn\u00f6ks\u00e9g<\/a> vezet\u0151j\u00e9t, hanem egy roppant felk\u00e9sz\u00fclt, kreat\u00edv \u00e9s ambici\u00f3zus marketing szakembert is k\u00f6sz\u00f6nthet\u00fcnk a <a href=\"https:\/\/bizalmikor.hu\/\">Bizalmi K\u00f6r<\/a> vezet\u0151i k\u00f6z\u00f6tt.<\/strong><\/h3>\n\n\n\n<h3 class=\"wp-block-heading\"><strong>Izgalmas bemutatkoz\u00f3 interj\u00fat volt szerencs\u00e9nk folytatni vele, aminek a leirat\u00e1t az al\u00e1bbiakban olvashatj\u00e1tok:<\/strong><\/h3>\n\n\n\n<p>\u201eSok j\u00f3 filmes-vide\u00f3s v\u00e1llalkoz\u00e1s \u00e9s sok j\u00f3 marketingc\u00e9g is m\u0171k\u00f6dik m\u00e1r idehaza. A mi er\u0151ss\u00e9g\u00fcnk az, hogy ezt a kett\u0151t \u00f6tv\u00f6zz\u00fck. Rengeteg vide\u00f3t gy\u00e1rtunk m\u00e1sok \u00e1ltal kigondolt marketingfolyamatokba, ahol a l\u00e1togat\u00f3 az adott ponton \u00e9ppen a megfelel\u0151 anyagot, \u00faj inform\u00e1ci\u00f3t l\u00e1tja a legk\u00f6nnyebben fogyaszthat\u00f3an, \u00e9rthet\u0151en.&nbsp;<\/p>\n\n\n\n<p>Ez lehet B2B \u00fcgyf\u00e9lszerz\u0151 folyamatban egy esettanulm\u00e1ny vide\u00f3, social m\u00e9dia kamp\u00e1nyban egy p\u00e1r m\u00e1sodperces figyelemfelkelt\u00e9s, ahol remarketingben hosszabb kifejt\u00e9st kap az adott t\u00e9ma. De hibrid webin\u00e1riumot is k\u00e9sz\u00edtett\u00fcnk m\u00e1r partnereinknek, ami el\u0151re felvett, \u00e9s \u00e9l\u0151 m\u0171sor kever\u00e9ke volt.\u201d<\/p>\n\n\n\n<p>Mivel magunk is marketingesek vagyunk, \u00e9rtj\u00fck ezt a gondolkod\u00e1st \u00e9s nyelvet, a \u201ebriefeket\u201d, a c\u00e9lk\u00f6z\u00f6ns\u00e9get, az \u00fczenetet. Mindezt \u00fagy, hogy a c\u00e9g brandje \u00e9s arculata, a \u201elook &amp; feel\u201d t\u00f6k\u00e9letes egys\u00e9gben lesz a t\u00f6bbi marketinganyaggal.&nbsp;<\/p>\n\n\n\n<p>A legfontosabb az, hogy az elk\u00e9sz\u00fclt vide\u00f3 mindig egy eszk\u00f6z, aminek c\u00e9lja van, valahol valamikor profitot kell termeljen.\u201d<\/p>\n\n\n\n<h3 class=\"wp-block-heading\"><strong>Patrik mes\u00e9lt nek\u00fcnk a partnereikr\u0151l is, akik jellemz\u0151en 50-100 milli\u00f3 feletti \u00e9ves \u00e1rbev\u00e9telt produk\u00e1l\u00f3 v\u00e1llalkoz\u00e1sok, akik ig\u00e9nyes vide\u00f3kkal t\u00e1mogatn\u00e1k az online jelenl\u00e9t\u00fcket:<\/strong><\/h3>\n\n\n\n<p>\u201eA legt\u00f6bb partner\u00fcnknek van saj\u00e1t marketingr\u00e9szlege. Vagy k\u00fcls\u0151s marketingc\u00e9ggel dolgoztatnak, viszont nincs kapacit\u00e1suk a vide\u00f3s anyagokat is olyan min\u0151s\u00e9gben elk\u00e9sz\u00edteni, ahogy az a m\u00e1rk\u00e1hoz illik. Mi ebben seg\u00edt\u00fcnk nekik.&nbsp;<\/p>\n\n\n\n<p>Dolgozunk KKV-kt\u00f3l multikig, kis \u00e9s nagy c\u00e9gekkel egyar\u00e1nt. A kisebbek szeretik, hogy j\u00f3zan \u00e1rakon dolgozunk, rugalmasak \u00e9s el\u00e9rhet\u0151ek vagyunk. R\u00e1ad\u00e1sul seg\u00edt\u00fcnk kital\u00e1lni, mire van sz\u00fcks\u00e9g a fejl\u0151d\u00e9s\u00fckh\u00f6z, nem k\u00e9sz\u00edt\u00fcnk nekik olyan vide\u00f3kat, amib\u0151l semmi hasznuk nem lenne. A nagyok \u00e9s a multik pedig azt a min\u0151s\u00e9get \u00e9s \u00e1tgondolt munkav\u00e9gz\u00e9st szeretik, amit m\u00e1st\u00f3l addig csak sokszoros p\u00e9nz\u00e9rt kaptak.\u201d<\/p>\n\n\n\n<h3 class=\"wp-block-heading\"><strong>Ha m\u00e1r az \u00fcgyfelek seg\u00edts\u00e9g\u00e9r\u0151l van sz\u00f3, Patrik\u00e9k a vide\u00f3k mellett egy\u00e9b m\u00f3dokon is igyekeznek t\u00e1mogatni a partnereket:<\/strong><\/h3>\n\n\n\n<p>\u201eA vide\u00f3k mellett foglalkozunk marketingstrat\u00e9gi\u00e1val, kamp\u00e1nykialak\u00edt\u00e1ssal, branding \u00e9s employer branding fejleszt\u00e9ssel is, de ezek a kisebb szelet\u00e9t alkotj\u00e1k a munk\u00e1nknak.<\/p>\n\n\n\n<p>M\u00e9rn\u00f6k \u00e9desap\u00e1m sokat emlegette, hogy ha valamit csin\u00e1lunk, csin\u00e1ljuk j\u00f3l. Ahhoz pedig a tervez\u00e9s, egy j\u00f3l kital\u00e1lt koncepci\u00f3 elengedhetetlen, \u00e9ppen ez\u00e9rt lett a nev\u00fcnk Conceptz. Szinte minden Bizalmi K\u00f6r szinten vannak partnereink, akik \u00e9p\u00edtenek a munk\u00e1inkra, \u00e9rdemes \u0151ket megk\u00e9rdezni, mennyire el\u00e9gedettek vel\u00fcnk.\u201d<\/p>\n\n\n\n<h3 class=\"wp-block-heading\"><strong>Szok\u00e1s szerint kit\u00e9rt\u00fcnk a szem\u00e9lyes amb\u00edci\u00f3kra is a bejegyz\u00e9s keretei k\u00f6z\u00f6tt, \u00e9rintve a v\u00e1llalkoz\u00f3v\u00e1 v\u00e1l\u00e1st kiv\u00e1lt\u00f3 motiv\u00e1ci\u00f3s t\u00e9nyez\u0151ket:<\/strong><\/h3>\n\n\n\n<p>\u201eNagyon k\u00edv\u00e1ncsi, kreat\u00edv \u00e9s perfekcionista rekl\u00e1mszakember vagyok. Sokf\u00e9le m\u00e9ly \u00e9rdekl\u0151d\u00e9si k\u00f6rrel a filmekt\u0151l a Forma 1-ig. Aut\u00f3tervez\u0151 m\u00e9rn\u00f6k szerettem volna lenni, de elcs\u00e1b\u00edtott a webes ipar, majd a sz\u00e9lesebben vett kommunik\u00e1ci\u00f3. Dolgoztam a <a href=\"http:\/\/mccann.hu\/\">McCann Erickson<\/a> rekl\u00e1m\u00fcgyn\u00f6ks\u00e9gn\u00e9l, azt\u00e1n annak az <a href=\"https:\/\/www.nng.com\/\">NNG<\/a>-nek a marketing-kommunik\u00e1ci\u00f3s csapat\u00e1ban, ahol egy id\u0151ben Balogh Petya volt a vez\u00e9rigazgat\u00f3. Vele k\u00e9s\u0151bb is dolgoztam, a <a href=\"https:\/\/www.baconsult.hu\/\">Baconsult Kft.<\/a> log\u00f3j\u00e1t terveztem p\u00e9ld\u00e1ul. Az NNG-n\u00e9l v\u00e9g\u00fcl a c\u00e9g arculat\u00e1\u00e9rt \u00e9s vizu\u00e1lis megjelen\u00e9s\u00e9\u00e9rt, valamint a vide\u00f3s anyagok\u00e9rt feleltem.\u00a0<\/p>\n\n\n\n<p>De kor\u00e1bban vezettem filmes m\u0171sort t\u00e9v\u00e9ben, mell\u00e9kesk\u00e9nt \u00edrtam ralir\u00f3l \u00e9s Forma-1-r\u0151l 15 \u00e9vig a Sport Auto Magazinnak, \u00e9s most a feles\u00e9gemmel k\u00f6z\u00f6s c\u00e9gben (5 elem konyha Kft.) az \u00f6n\u00e1ll\u00f3 brandk\u00e9nt m\u0171k\u00f6d\u0151 marketing + vide\u00f3 \u00fczlet\u00e1gat vezetem, ez a Conceptz \u00fcgyn\u00f6ks\u00e9g.\u201d<\/p>\n\n\n\n<h3 class=\"wp-block-heading\"><strong>Patrik k\u00fcl\u00f6n kit\u00e9rt arra is, hogy milyen ind\u00edttat\u00e1sb\u00f3l tend\u00e1lt v\u00e9g\u00fcl a v\u00e1llalkoz\u00f3i l\u00e9t ir\u00e1ny\u00e1ba:<\/strong><\/h3>\n\n\n\n<p>\u201eAz NNG-n\u00e9l sz\u00e9p organikusan fejl\u0151dtem \u00e9s foglalkoztam egyre magasabb szinten marketinggel, arculattal \u00e9s vide\u00f3s anyagokkal. V\u00e9g\u00fcl eljutottam Toki\u00f3ba, Shanghai-ba, Detroitba, ahol esettanulm\u00e1ny vide\u00f3kat forgattam, ezeket a sales-es koll\u00e9g\u00e1k remek\u00fcl haszn\u00e1lt\u00e1k \u00e9s val\u00f3di \u00fczleti eredm\u00e9nyekre v\u00e1ltott\u00e1k.<\/p>\n\n\n\n<p>Mindek\u00f6zben a saj\u00e1t c\u00e9g\u00fcnk fejleszt\u00e9se \u00e9rdek\u00e9ben <a href=\"https:\/\/pongorjuhaszattila.hu\/\">Pongor Juh\u00e1sz Attil\u00e1n\u00e1l<\/a> tanultam, \u00e9s ott egyre t\u00f6bben noszogattak, hogy nekem is \u00e9rdemes lenne \u00f6n\u00e1ll\u00f3 \u00fatra l\u00e9pni. \u00cdgy 2018-ban kil\u00e9ptem az NNG-t\u0151l, \u00e9s belekezdtem a v\u00e1llalkoz\u00e1sba. Egy \u00e9v m\u00falva m\u00e1r fel tudtam venni magam mell\u00e9 egy kor\u00e1bbi kiv\u00e1l\u00f3 munkat\u00e1rsamat, az\u00f3ta k\u00e9t f\u0151s csapatk\u00e9nt dolgozunk, plusz egy kiterjedt alv\u00e1llalkoz\u00f3i h\u00e1tt\u00e9rrel, \u00e9s egy profin fel\u00e9p\u00edtett vide\u00f3s eszk\u00f6zk\u00e9szlettel.<\/p>\n\n\n\n<p>A j\u00e1rv\u00e1nyhelyzetre egy \u00faj megold\u00e1ssal reag\u00e1ltunk, ami azt\u00e1n be\u00e9p\u00fclt a k\u00edn\u00e1lt csomagok k\u00f6z\u00e9. Egy nemzetk\u00f6zi startup sz\u00e1m\u00e1ra k\u00e9sz\u00edtett\u00fcnk munk\u00e1ltat\u00f3i m\u00e1rk\u00e1j\u00e1nak \u00e9p\u00edt\u00e9se c\u00e9lj\u00e1b\u00f3l egy iroda bemutat\u00f3 vide\u00f3t, \u00e9pp, amikor a Covid be\u00fct\u00f6tt \u00e9s az irod\u00e1kat bez\u00e1rt\u00e1k, \u00edgy az \u0151 irod\u00e1jukat is. Ekkor j\u00f6tt az \u00f6tlet, hogy a megb\u00edz\u00f3n\u00e1l k\u00e9sz\u00edtett hosszabb anyagb\u00f3l kis, 25-35 m\u00e1sodperces vide\u00f3kat v\u00e1gunk, amikkel nagyszer\u0171en lehet kommunik\u00e1lni azt, hogy mit\u0151l m\u00e1s n\u00e1luk dolgozni.&nbsp;<\/p>\n\n\n\n<p>Az egynapnyi forgatott anyagb\u00f3l \u00edgy csin\u00e1ltunk egy csom\u00f3 kis vide\u00f3t, amit sorra lehetett posztolni a k\u00f6z\u00f6ss\u00e9gi m\u00e9di\u00e1ban. Ezt tov\u00e1bb gondolva k\u00e9sz\u00edtett\u00fck el a havid\u00edjas csomagunkat, amit m\u00e1r KKV \u00e9s multi is megrendelt. Itt egy napon bel\u00fcl leforgatjuk n\u00e1luk az anyagokat, ami a kommunik\u00e1ci\u00f3jukhoz sz\u00fcks\u00e9ges lesz, ut\u00e1na sz\u00e9tosztjuk, \u00e9s f\u00e9l \u00e9vig gy\u00e1rtjuk bel\u0151le a vide\u00f3kat. Ez a csomag m\u00e1r 110 ezer forintos havid\u00edjt\u00f3l el\u00e9rhet\u0151.\u201d<\/p>\n\n\n\n<h3 class=\"wp-block-heading\"><strong>Ami a szabadid\u0151 elt\u00f6lt\u00e9s\u00e9t illeti, Patrik az elmond\u00e1sa szerint nagyon szeret olvasni, csal\u00e1dj\u00e1val utazni, \u00e9s k\u00e9pezni mag\u00e1t, legutolj\u00e1ra a Rubik kocka kirak\u00e1s\u00e1t saj\u00e1t\u00edtotta el.<\/strong><\/h3>\n\n\n\n<hr class=\"wp-block-separator has-text-color has-background is-style-wide\" style=\"background-color:#14496b;color:#14496b\"\/>\n\n\n\n<h1 class=\"has-text-align-center has-white-color has-text-color has-background wp-block-heading\" style=\"background-color:#bd9756\"><strong>Szeretn\u00e9d megtapasztalni Te is, milyen egy exkluz\u00edv \u00e9rt\u00e9kk\u00f6z\u00f6ss\u00e9g? Vedd fel vel\u00fcnk a kapcsolatot!<\/strong><\/h1>\n\n\n\n<div class=\"wp-block-button aligncenter\"><a class=\"wp-block-button__link has-background\" href=\"https:\/\/bizalmikor.hu\/kapcsolat\/\" style=\"background-color:#14496b\" target=\"_blank\" rel=\"noreferrer noopener\"><strong>\u00c9rdekel a Bizalmi K\u00f6r klubtags\u00e1g<\/strong><\/a><\/div>\n\n\n\n<hr class=\"wp-block-separator has-text-color has-background is-style-wide\" style=\"background-color:#14496b;color:#14496b\"\/>\n","protected":false},"excerpt":{"rendered":"<p>Putz Patrik szem\u00e9ly\u00e9ben nemcsak a Conceptz \u00fcgyn\u00f6ks\u00e9g vezet\u0151j\u00e9t, hanem egy roppant felk\u00e9sz\u00fclt, kreat\u00edv \u00e9s ambici\u00f3zus marketing szakembert is k\u00f6sz\u00f6nthet\u00fcnk a Bizalmi K\u00f6r vezet\u0151i k\u00f6z\u00f6tt. Izgalmas bemutatkoz\u00f3 interj\u00fat volt szerencs\u00e9nk folytatni vele, aminek a leirat\u00e1t az al\u00e1bbiakban olvashatj\u00e1tok: \u201eSok j\u00f3 filmes-vide\u00f3s v\u00e1llalkoz\u00e1s \u00e9s sok j\u00f3 marketingc\u00e9g is m\u0171k\u00f6dik m\u00e1r idehaza. A mi er\u0151ss\u00e9g\u00fcnk az, hogy ezt [&hellip;]<\/p>\n","protected":false},"author":6,"featured_media":6467,"comment_status":"closed","ping_status":"open","sticky":false,"template":"","format":"standard","meta":{"footnotes":""},"categories":[23],"tags":[],"yoast_head":"<!-- This site is optimized with the Yoast SEO plugin v15.4 - https:\/\/yoast.com\/wordpress\/plugins\/seo\/ -->\n<title>Kifog\u00e1stalan min\u0151s\u00e9g\u0171 marketing vide\u00f3k er\u0151teljes kreat\u00edv t\u00f6ltettel<\/title>\n<meta name=\"description\" content=\"Sok j\u00f3 filmes-vide\u00f3s v\u00e1llalkoz\u00e1s \u00e9s sok j\u00f3 marketingc\u00e9g is m\u0171k\u00f6dik m\u00e1r idehaza. A mi er\u0151ss\u00e9g\u00fcnk az, hogy ezt a kett\u0151t \u00f6tv\u00f6zz\u00fck. Rengeteg...\" \/>\n<meta name=\"robots\" content=\"index, follow, max-snippet:-1, max-image-preview:large, max-video-preview:-1\" \/>\n<link rel=\"canonical\" href=\"https:\/\/bizalmikor.hu\/blog\/2022\/08\/18\/kifogastalan-minosegu-marketing-videok\/\" \/>\n<meta property=\"og:locale\" content=\"hu_HU\" \/>\n<meta property=\"og:type\" content=\"article\" \/>\n<meta property=\"og:title\" content=\"Kifog\u00e1stalan min\u0151s\u00e9g\u0171 marketing vide\u00f3k er\u0151teljes kreat\u00edv t\u00f6ltettel\" \/>\n<meta property=\"og:description\" content=\"Sok j\u00f3 filmes-vide\u00f3s v\u00e1llalkoz\u00e1s \u00e9s sok j\u00f3 marketingc\u00e9g is m\u0171k\u00f6dik m\u00e1r idehaza. A mi er\u0151ss\u00e9g\u00fcnk az, hogy ezt a kett\u0151t \u00f6tv\u00f6zz\u00fck. Rengeteg...\" \/>\n<meta property=\"og:url\" content=\"https:\/\/bizalmikor.hu\/blog\/2022\/08\/18\/kifogastalan-minosegu-marketing-videok\/\" \/>\n<meta property=\"og:site_name\" content=\"Bizalmi K\u00f6r blog\" \/>\n<meta property=\"article:publisher\" content=\"https:\/\/www.facebook.com\/bizalmikor\" \/>\n<meta property=\"article:published_time\" content=\"2022-08-18T07:33:17+00:00\" \/>\n<meta property=\"article:modified_time\" content=\"2022-08-18T07:47:34+00:00\" \/>\n<meta property=\"og:image\" content=\"https:\/\/bizalmikor.hu\/blog\/wp-content\/uploads\/2022\/08\/DSC05261-Edit-2_cut.jpg\" \/>\n\t<meta property=\"og:image:width\" content=\"2000\" \/>\n\t<meta property=\"og:image:height\" content=\"1149\" \/>\n<meta name=\"twitter:card\" content=\"summary_large_image\" \/>\n<meta name=\"twitter:label1\" content=\"Szerz\u0151:\">\n\t<meta name=\"twitter:data1\" content=\"Kov\u00e1cs D\u00e1niel\">\n\t<meta name=\"twitter:label2\" content=\"Becs\u00fclt olvas\u00e1si id\u0151\">\n\t<meta name=\"twitter:data2\" content=\"5 perc\">\n<script type=\"application\/ld+json\" class=\"yoast-schema-graph\">{\"@context\":\"https:\/\/schema.org\",\"@graph\":[{\"@type\":\"Organization\",\"@id\":\"https:\/\/bizalmikor.hu\/blog\/#organization\",\"name\":\"Bizalmi K\\u00f6r Kft.\",\"url\":\"https:\/\/bizalmikor.hu\/blog\/\",\"sameAs\":[\"https:\/\/www.facebook.com\/bizalmikor\",\"https:\/\/www.instagram.com\/bizalmikor\/\",\"https:\/\/www.linkedin.com\/company\/19165894\",\"https:\/\/www.youtube.com\/channel\/UC7fAD3QCIWeSexU5t6F3YOw?view_as=subscriber\"],\"logo\":{\"@type\":\"ImageObject\",\"@id\":\"https:\/\/bizalmikor.hu\/blog\/#logo\",\"inLanguage\":\"hu\",\"url\":\"https:\/\/bizalmikor.hu\/blog\/wp-content\/uploads\/2019\/02\/Group-2.png\",\"width\":4033,\"height\":1192,\"caption\":\"Bizalmi K\\u00f6r Kft.\"},\"image\":{\"@id\":\"https:\/\/bizalmikor.hu\/blog\/#logo\"}},{\"@type\":\"WebSite\",\"@id\":\"https:\/\/bizalmikor.hu\/blog\/#website\",\"url\":\"https:\/\/bizalmikor.hu\/blog\/\",\"name\":\"Bizalmi K\\u00f6r blog\",\"description\":\"Egynek minden neh\\u00e9z, soknak semmi sem lehetetlen.\",\"publisher\":{\"@id\":\"https:\/\/bizalmikor.hu\/blog\/#organization\"},\"potentialAction\":[{\"@type\":\"SearchAction\",\"target\":\"https:\/\/bizalmikor.hu\/blog\/?s={search_term_string}\",\"query-input\":\"required name=search_term_string\"}],\"inLanguage\":\"hu\"},{\"@type\":\"ImageObject\",\"@id\":\"https:\/\/bizalmikor.hu\/blog\/2022\/08\/18\/kifogastalan-minosegu-marketing-videok\/#primaryimage\",\"inLanguage\":\"hu\",\"url\":\"https:\/\/bizalmikor.hu\/blog\/wp-content\/uploads\/2022\/08\/DSC05261-Edit-2_cut.jpg\",\"width\":2000,\"height\":1149},{\"@type\":\"WebPage\",\"@id\":\"https:\/\/bizalmikor.hu\/blog\/2022\/08\/18\/kifogastalan-minosegu-marketing-videok\/#webpage\",\"url\":\"https:\/\/bizalmikor.hu\/blog\/2022\/08\/18\/kifogastalan-minosegu-marketing-videok\/\",\"name\":\"Kifog\\u00e1stalan min\\u0151s\\u00e9g\\u0171 marketing vide\\u00f3k er\\u0151teljes kreat\\u00edv t\\u00f6ltettel\",\"isPartOf\":{\"@id\":\"https:\/\/bizalmikor.hu\/blog\/#website\"},\"primaryImageOfPage\":{\"@id\":\"https:\/\/bizalmikor.hu\/blog\/2022\/08\/18\/kifogastalan-minosegu-marketing-videok\/#primaryimage\"},\"datePublished\":\"2022-08-18T07:33:17+00:00\",\"dateModified\":\"2022-08-18T07:47:34+00:00\",\"description\":\"Sok j\\u00f3 filmes-vide\\u00f3s v\\u00e1llalkoz\\u00e1s \\u00e9s sok j\\u00f3 marketingc\\u00e9g is m\\u0171k\\u00f6dik m\\u00e1r idehaza. A mi er\\u0151ss\\u00e9g\\u00fcnk az, hogy ezt a kett\\u0151t \\u00f6tv\\u00f6zz\\u00fck. Rengeteg...\",\"inLanguage\":\"hu\",\"potentialAction\":[{\"@type\":\"ReadAction\",\"target\":[\"https:\/\/bizalmikor.hu\/blog\/2022\/08\/18\/kifogastalan-minosegu-marketing-videok\/\"]}]},{\"@type\":\"Article\",\"@id\":\"https:\/\/bizalmikor.hu\/blog\/2022\/08\/18\/kifogastalan-minosegu-marketing-videok\/#article\",\"isPartOf\":{\"@id\":\"https:\/\/bizalmikor.hu\/blog\/2022\/08\/18\/kifogastalan-minosegu-marketing-videok\/#webpage\"},\"author\":{\"@id\":\"https:\/\/bizalmikor.hu\/blog\/#\/schema\/person\/d48fd5a86cd7b719ff423ad6a892c47c\"},\"headline\":\"Kifog\\u00e1stalan min\\u0151s\\u00e9g\\u0171 marketing vide\\u00f3k er\\u0151teljes kreat\\u00edv t\\u00f6ltettel\",\"datePublished\":\"2022-08-18T07:33:17+00:00\",\"dateModified\":\"2022-08-18T07:47:34+00:00\",\"mainEntityOfPage\":{\"@id\":\"https:\/\/bizalmikor.hu\/blog\/2022\/08\/18\/kifogastalan-minosegu-marketing-videok\/#webpage\"},\"publisher\":{\"@id\":\"https:\/\/bizalmikor.hu\/blog\/#organization\"},\"image\":{\"@id\":\"https:\/\/bizalmikor.hu\/blog\/2022\/08\/18\/kifogastalan-minosegu-marketing-videok\/#primaryimage\"},\"articleSection\":\"Klubtagok bemutat\\u00e1sa\",\"inLanguage\":\"hu\"},{\"@type\":\"Person\",\"@id\":\"https:\/\/bizalmikor.hu\/blog\/#\/schema\/person\/d48fd5a86cd7b719ff423ad6a892c47c\",\"name\":\"Kov\\u00e1cs D\\u00e1niel\",\"image\":{\"@type\":\"ImageObject\",\"@id\":\"https:\/\/bizalmikor.hu\/blog\/#personlogo\",\"inLanguage\":\"hu\",\"url\":\"https:\/\/secure.gravatar.com\/avatar\/47d716fe03040c0eeabaaae8b662c6b9?s=96&d=mm&r=g\",\"caption\":\"Kov\\u00e1cs D\\u00e1niel\"}}]}<\/script>\n<!-- \/ Yoast SEO plugin. -->","_links":{"self":[{"href":"https:\/\/bizalmikor.hu\/blog\/wp-json\/wp\/v2\/posts\/6466"}],"collection":[{"href":"https:\/\/bizalmikor.hu\/blog\/wp-json\/wp\/v2\/posts"}],"about":[{"href":"https:\/\/bizalmikor.hu\/blog\/wp-json\/wp\/v2\/types\/post"}],"author":[{"embeddable":true,"href":"https:\/\/bizalmikor.hu\/blog\/wp-json\/wp\/v2\/users\/6"}],"replies":[{"embeddable":true,"href":"https:\/\/bizalmikor.hu\/blog\/wp-json\/wp\/v2\/comments?post=6466"}],"version-history":[{"count":3,"href":"https:\/\/bizalmikor.hu\/blog\/wp-json\/wp\/v2\/posts\/6466\/revisions"}],"predecessor-version":[{"id":6471,"href":"https:\/\/bizalmikor.hu\/blog\/wp-json\/wp\/v2\/posts\/6466\/revisions\/6471"}],"wp:featuredmedia":[{"embeddable":true,"href":"https:\/\/bizalmikor.hu\/blog\/wp-json\/wp\/v2\/media\/6467"}],"wp:attachment":[{"href":"https:\/\/bizalmikor.hu\/blog\/wp-json\/wp\/v2\/media?parent=6466"}],"wp:term":[{"taxonomy":"category","embeddable":true,"href":"https:\/\/bizalmikor.hu\/blog\/wp-json\/wp\/v2\/categories?post=6466"},{"taxonomy":"post_tag","embeddable":true,"href":"https:\/\/bizalmikor.hu\/blog\/wp-json\/wp\/v2\/tags?post=6466"}],"curies":[{"name":"wp","href":"https:\/\/api.w.org\/{rel}","templated":true}]}}