{"id":6582,"date":"2023-04-26T09:06:40","date_gmt":"2023-04-26T09:06:40","guid":{"rendered":"https:\/\/bizalmikor.hu\/blog\/?p=6582"},"modified":"2023-04-29T10:40:40","modified_gmt":"2023-04-29T10:40:40","slug":"a-cegvezetok-igy-uraljak-a-valtozasokat","status":"publish","type":"post","link":"https:\/\/bizalmikor.hu\/blog\/2023\/04\/26\/a-cegvezetok-igy-uraljak-a-valtozasokat\/","title":{"rendered":"A c\u00e9gvezet\u0151k \u00edgy uralj\u00e1k a v\u00e1ltoz\u00e1sokat: Kih\u00edv\u00e1sok, mindset, \u00e9rt\u00e9kes kapcsolatok, mesters\u00e9ges intelligencia"},"content":{"rendered":"\n<h2 class=\"wp-block-heading\"><strong>A jelenlegi, dinamikusan v\u00e1ltoz\u00f3 k\u00f6rnyezetben nem vezetheted \u00fagy a v\u00e1llalkoz\u00e1sodat ma, ahogyan tegnap tetted. Uralnod kell a v\u00e1ltoz\u00e1sokat!<\/strong><\/h2>\n\n\n\n<p>A v\u00e1ltoz\u00e1s \u00f6r\u00f6k velej\u00e1r\u00f3ja az \u00e9let\u00fcnknek. Nincs ez m\u00e1sk\u00e9nt a c\u00e9gvezet\u0151k mindennapjaiban sem. A felgyorsul\u00f3 vil\u00e1gban \u00fagy t\u0171nik, m\u00e9g sebesebben kell alkalmazkodnunk, hogy fejl\u0151dhess\u00fcnk. Az elm\u00falt \u00e9vek sz\u00e1mos, gazdas\u00e1gilag s\u00falyos v\u00e1ltoz\u00e1st eredm\u00e9nyeztek, melyek k\u00f6vetkezm\u00e9nyeivel a k\u00e9s\u0151bbiekben is sz\u00e1molni kell.<\/p>\n\n\n\n<h3 class=\"wp-block-heading\"><strong>A kih\u00edv\u00e1sok <\/strong><strong>n\u00f6veked\u00e9s\u00e9vel <\/strong><strong>feltehetj\u00fck a k\u00e9rd\u00e9st: hagyjuk, hogy maguk al\u00e1 temessenek a hull\u00e1mok vagy megtanuljuk meglovagolni \u0151ket?<\/strong><\/h3>\n\n\n\n<p>Id\u00e9n 5. alkalommal rendezt\u00fck meg a <a href=\"https:\/\/bizalmikor.hu\/trustsummit\/\">Trust Summitot<\/a>. A c\u00e9gvezet\u0151i inspir\u00e1ci\u00f3s \u00e9s networking konferenci\u00e1n a kapcsolat\u00e9p\u00edt\u00e9s mellett a v\u00e1ltoz\u00e1sokat helyezt\u00fck a k\u00f6z\u00e9ppontba \u00e9s azoknak ny\u00fajtottunk k\u00e9zzel foghat\u00f3 megold\u00e1sokat, inspir\u00e1ci\u00f3t \u00e9s \u00e9rt\u00e9kes tapasztalatokat, akik saj\u00e1t javukra ford\u00edtan\u00e1k a v\u00e1ltoz\u00e1st \u00e9s hat\u00e9konyabban reag\u00e1ln\u00e1nak a j\u00f6v\u0151 kih\u00edv\u00e1saira.<\/p>\n\n\n\n<p>Az \u00fczleti k\u00f6rnyezetben kiemelked\u0151 \u00e9s elismert konferenci\u00e1ra id\u00e9n, k\u00f6zel 600 c\u00e9gvezet\u0151 l\u00e1togatott el, akik inspir\u00e1l\u00f3 el\u0151ad\u00f3k gondolkod\u00e1sm\u00f3dj\u00e1b\u00f3l \u00e9s t\u00f6rt\u00e9neteib\u0151l mer\u00edtkezhettek, szak\u00e9rt\u0151k seg\u00edts\u00e9g\u00e9vel cselekv\u00e9si tervet k\u00e9sz\u00edthettek, valamint \u00e9rt\u00e9kes vezet\u0151i kapcsolatokat \u00e9p\u00edthettek egym\u00e1ssal.<\/p>\n\n\n\n<p><strong>Gangel P\u00e9ter, a Bizalmi K\u00f6r alap\u00edt\u00f3ja nyit\u00f3besz\u00e9d\u00e9ben elmondta<\/strong>, hogy az \u00fczleti \u00e9letet sz\u00edvesen hasonl\u00edtj\u00e1k a sporthoz, azonban ezek a p\u00e1rhuzamok nem teljesen helyt\u00e1ll\u00f3k. M\u00edg a sportm\u00e9rk\u0151z\u00e9sek jellemz\u0151en r\u00f6gz\u00edtett szab\u00e1lyok szerint, adott er\u0151forr\u00e1sokkal m\u0171k\u00f6dnek \u00e9s rendszerint a m\u00e1sik f\u00e9l legy\u0151z\u00e9se a c\u00e9ljuk, addig az \u00fczletben nem r\u00f6gz\u00edtettek sem az er\u0151forr\u00e1sok, sem a szab\u00e1lyok, a t\u00e9t pedig nem valaki legy\u0151z\u00e9se, hanem a j\u00e1t\u00e9kban marad\u00e1s, ahol a k\u00f6vetkez\u0151 nap\u00e9rt, h\u00f3nap\u00e9rt, a t\u00fal\u00e9l\u00e9s\u00e9rt k\u00fczdenek. Az elk\u00f6vetkez\u0151 \u00e9vben a c\u00e9gvezet\u0151k sz\u00e1m\u00e1ra ez k\u00f6z\u00f6s kih\u00edv\u00e1st jelenthet majd, ez\u00e9rt fontos a t\u00e1mogat\u00e1st ny\u00fajt\u00f3 kapcsolati h\u00e1l\u00f3 \u00e9s a motiv\u00e1ci\u00f3.<\/p>\n\n\n\n<p><strong>A v\u00e1ltoz\u00e1sok megszelid\u00edt\u00e9s\u00e9hez sz\u00fcks\u00e9ges vezet\u0151i mindsetet, best-practiseket kiemelked\u0151 el\u0151ad\u00f3k \u00e1ltal ismerhett\u00e9k meg a r\u00e9sztvev\u0151k:<\/strong><\/p>\n\n\n\n<h3 class=\"wp-block-heading\"><strong>Az Trust Summit \u201e\u00dczlet a h\u00e1bor\u00fa ut\u00e1n\u201d c\u00edm\u0171 p\u00f3diumbesz\u00e9lget\u00e9s\u00e9b\u0151l a l\u00e1togat\u00f3k k\u00e9pet kaptak <\/strong><strong>a h\u00e1bor\u00fa gazdas\u00e1gi hat\u00e1sair\u00f3l, az ezzel j\u00e1r\u00f3 c\u00e9gvezet\u0151i kih\u00edv\u00e1sokr\u00f3l \u00e9s strat\u00e9giai szeml\u00e9letm\u00f3dr\u00f3l.<\/strong><\/h3>\n\n\n\n<p><em>A besz\u00e9lget\u00e9s egyik el\u0151ad\u00f3ja <strong><u>K\u00fcll\u0151i P\u00e9ter<\/u><\/strong>,filantr\u00f3p volt, aki elmondta, nem el\u0151sz\u00f6r vett r\u00e9szt a Trust Summiton:<\/em><\/p>\n\n\n\n<p>\u201eJ\u00f3l \u00e9rzem magam az esem\u00e9nyen, hiszen sok m\u00falik a gondolkod\u00e1sm\u00f3don, az \u00e9rt\u00e9krenden, itt pedig olyan emberek vannak jelen, akik nyitottak, akik t\u00f6bbek akarnak lenni \u00e9s tudj\u00e1k, hogy az \u00e9let egy utaz\u00e1s. Akkor tudok t\u00f6bb lenni, ha nyitott vagyok \u00e9s pr\u00f3b\u00e1lok tanulni. Ez a szeml\u00e9let uralkodik ezen a rendezv\u00e9nyen.\u201d<\/p>\n\n\n\n<figure class=\"wp-block-image size-large\"><img loading=\"lazy\" decoding=\"async\" width=\"1024\" height=\"400\" src=\"https:\/\/bizalmikor.hu\/blog\/wp-content\/uploads\/2023\/04\/370-1-1024x400.jpg\" alt=\"\" class=\"wp-image-6595\" srcset=\"https:\/\/bizalmikor.hu\/blog\/wp-content\/uploads\/2023\/04\/370-1-1024x400.jpg 1024w, https:\/\/bizalmikor.hu\/blog\/wp-content\/uploads\/2023\/04\/370-1-300x117.jpg 300w, https:\/\/bizalmikor.hu\/blog\/wp-content\/uploads\/2023\/04\/370-1-768x300.jpg 768w, https:\/\/bizalmikor.hu\/blog\/wp-content\/uploads\/2023\/04\/370-1-1536x600.jpg 1536w, https:\/\/bizalmikor.hu\/blog\/wp-content\/uploads\/2023\/04\/370-1.jpg 1920w\" sizes=\"(max-width: 1024px) 100vw, 1024px\" \/><figcaption>K\u00fcll\u0151i P\u00e9ter p\u00f3diumt\u00e1rsaival, Szauer Tam\u00e1ssal (HVG) \u00e9s Szab\u00f3 L\u00e1szl\u00f3val (HOLD Alapkezel\u0151)<\/figcaption><\/figure>\n\n\n\n<p><em>Azt is el\u00e1rulta, szerinte milyen kih\u00edv\u00e1sokkal kell szemben\u00e9znie napjainkban a vezet\u0151knek:<\/em><\/p>\n\n\n\n<p>\u201e\u00d3ri\u00e1si v\u00e1ltoz\u00e1st jelent, hogy a c\u00e9gvezet\u0151k \u00e1ltal megszerzett tud\u00e1s id\u0151tartama, ami r\u00e9gen ak\u00e1r 25 \u00e9v is volt, ma m\u00e1r maximum 5 \u00e9v. Ebb\u0151l k\u00f6vetkezik, hogy folyamatosan meg kell \u00fajulni. Ha egy strat\u00e9gia m\u0171k\u00f6d\u00f6tt 2 \u00e9vig, nem jelenti azt, hogy a k\u00f6vetkez\u0151 8 \u00e9vben is megfelel\u0151 lesz. Ez\u00e9rt nem \u00e9rdemes 10 \u00e9ves strat\u00e9gi\u00e1t k\u00e9sz\u00edteni, helyette egy dinamikus, mozg\u00f3 strat\u00e9gi\u00e1t kell csin\u00e1lni, n\u00e9h\u00e1ny lec\u00f6vekelt alappill\u00e9rrel, amit folyamatosan sz\u00fcks\u00e9ges karbantartani \u00e9s m\u00f3dos\u00edtani. A megold\u00e1s kulcsa szerintem az, hogy mit tekint\u00fcnk biztons\u00e1gnak.\u201d<\/p>\n\n\n\n<blockquote class=\"wp-block-quote is-layout-flow wp-block-quote-is-layout-flow\"><p>\u201eHa saj\u00e1tunk\u00e9v\u00e1 tudjuk tenni azt, hogy folyamatosan meg kell \u00fajulnunk \u00e9s az \u00e1lland\u00f3 v\u00e1ltoz\u00e1s a norma, ha nem szorongunk, akkor erre lehet \u00e9p\u00edtkezni\u201d \u2013 emelte ki.<\/p><\/blockquote>\n\n\n\n<figure class=\"wp-block-image size-large\"><img loading=\"lazy\" decoding=\"async\" width=\"1024\" height=\"400\" src=\"https:\/\/bizalmikor.hu\/blog\/wp-content\/uploads\/2023\/04\/369-1-1024x400.jpg\" alt=\"\" class=\"wp-image-6596\" srcset=\"https:\/\/bizalmikor.hu\/blog\/wp-content\/uploads\/2023\/04\/369-1-1024x400.jpg 1024w, https:\/\/bizalmikor.hu\/blog\/wp-content\/uploads\/2023\/04\/369-1-300x117.jpg 300w, https:\/\/bizalmikor.hu\/blog\/wp-content\/uploads\/2023\/04\/369-1-768x300.jpg 768w, https:\/\/bizalmikor.hu\/blog\/wp-content\/uploads\/2023\/04\/369-1-1536x600.jpg 1536w, https:\/\/bizalmikor.hu\/blog\/wp-content\/uploads\/2023\/04\/369-1.jpg 1920w\" sizes=\"(max-width: 1024px) 100vw, 1024px\" \/><figcaption>Bessenyei Istv\u00e1n p\u00f3diumt\u00e1rsaival, Deli\u00e1ga \u00c1kossal (Talk-A-Bot), Haj\u00f3s Istv\u00e1nnal (Bastion Group) \u00e9s Ocskay L\u00e1szl\u00f3val (OANDER Development)<\/figcaption><\/figure>\n\n\n\n<h3 class=\"wp-block-heading\"><strong>Az elm\u00falt id\u0151szakban a mesters\u00e9ges intelligencia (MI) egyre ink\u00e1bb hat\u00e1ssal b\u00edr az \u00fczleti \u00e9letre, sz\u00e1mos ipar\u00e1gban hozott forradalmi v\u00e1ltoz\u00e1sokat <\/strong><strong>\u00e9s \u00fagy t\u0171nik, alapjaiban v\u00e1ltoztatja meg a jelen\u00fcnket \u00e9s j\u00f6v\u0151nket.<\/strong><\/h3>\n\n\n\n<p><strong>\u201eA mesters\u00e9ges intelligencia &#8211; az \u00fczlet r\u00e9sze\u201d c\u00edm\u0171 p\u00f3diumbesz\u00e9lget\u00e9sen <\/strong><strong>a r\u00e9sztvev\u0151k el\u0151rejelz\u00e9seket kaphattak arr\u00f3l, mi v\u00e1rhat\u00f3 az MI t\u00e9rnyer\u00e9s\u00e9vel.<\/strong><strong><\/strong><\/p>\n\n\n\n<p>A besz\u00e9lget\u00e9s egyik r\u00e9szvev\u0151je <strong>Bessenyei Istv\u00e1n<\/strong>, a Laurel Kft. tulajdonos-\u00fcgyvezet\u0151je volt. Elmondta, hogy mindig izgatottan v\u00e1rja a Trust Summitot, egyr\u00e9szt az \u00e9rdekes el\u0151ad\u00e1sok miatt, m\u00e1sr\u00e9szt az\u00e9rt, mert az esem\u00e9nyen sok bar\u00e1tja vesz r\u00e9szt. Azt is el\u00e1rulta, hogy technol\u00f3giai c\u00e9g\u00e9nek f\u00f3kusz\u00e1ban a folyamatos meg\u00fajul\u00e1s \u00e9s innov\u00e1ci\u00f3 \u00e1ll:<\/p>\n\n\n\n<p>\u201eMost van egy nagy aprop\u00f3, ez a mesters\u00e9ges intelligencia, amibe el\u00e9g rendesen bele\u00e1stuk magunkat. Szeretn\u00e9nk \u00e1tadni ezeket a tapasztalatokat, megmutatni az embereknek, hogy mit kezdjenek vele, hiszen a csapb\u00f3l is ez folyik.<\/p>\n\n\n\n<p>Izgalmas k\u00e9rd\u00e9s, hogy mit csin\u00e1ljak a mesters\u00e9ges intelligenci\u00e1val, j\u00f3-e ez nekem, vesz\u00e9ly vagy lehet\u0151s\u00e9g? Ebben igyekezt\u00fcnk a kolleg\u00e1kkal felk\u00e9sz\u00fclni \u00e9s \u00e1tadni n\u00e9h\u00e1ny szempontot. Anno az okostelefonok megjelen\u00e9se is megv\u00e1ltoztatta az \u00e9let\u00fcnket, v\u00e9lem\u00e9nyem szerint az MI m\u00e9g nagyobb v\u00e1ltoz\u00e1st fog hozni.<\/p>\n\n\n\n<p>K\u00e9t dolgot tud tenni egy c\u00e9gvezet\u0151: ha a c\u00e9gek valamilyen szolg\u00e1ltat\u00e1st vagy gy\u00e1rt\u00e1st v\u00e9geznek, meg tudja n\u00e9zni \u00e9s analiz\u00e1lni azokat a f\u0151 \u00fczleti folyamatokat, amiben \u0151k er\u0151sek. Ki tudja der\u00edteni, hogy abban a folyamatban hol tud hat\u00e9konys\u00e1got hozni a mester\u00e9ges intelligencia.<\/p>\n\n\n\n<blockquote class=\"wp-block-quote is-layout-flow wp-block-quote-is-layout-flow\"><p>Ez az egyik ter\u00fclet, a m\u00e1sik az, hogy a c\u00e9g bels\u0151 m\u0171k\u00f6d\u00e9s\u00e9ben hol tud seg\u00edteni. A legnagyobb hiba, amit az emberek elk\u00f6vethetnek, hogy nem foglalkoznak vele. Ha valaki versenyben akar maradni, akkor id\u0151ben \u00e9s okosan kell tudnia haszn\u00e1lni az \u00faj elemeket. Ebben ak\u00e1r szak\u00e9rt\u0151 \u00e9s tan\u00e1csad\u00f3 c\u00e9gek is seg\u00edthetnek\u201d \u2013 tette hozz\u00e1.<\/p><\/blockquote>\n\n\n\n<h3 class=\"wp-block-heading\"><strong>Krizs\u00f3 Szilvia, tr\u00e9ner, kommunik\u00e1ci\u00f3s tan\u00e1csad\u00f3, a Krizshow Business &amp; Art Kft. \u00fcgyvezet\u0151je a \u201eHiteles, hat\u00e1sos \u00e9s hat\u00e9kony kapcsol\u00f3d\u00e1s jelenlegi \u00e9s j\u00f6v\u0151beli \u00fczleti \u00e9s mag\u00e1n\u00e9leti partnereinkhez\u201d c\u00edm\u0171 el\u0151ad\u00e1s\u00e1ban t\u00f6bbek k\u00f6z\u00f6tt v\u00e1laszt kaphattunk arra a k\u00e9rd\u00e9sre, hogyan lehet j\u00f3l kapcsol\u00f3dni m\u00e1sokhoz \u00fagy, hogy ne t\u0171nj\u00fcnk sz\u00e1m\u00edt\u00f3nak, m\u00e9gis megtal\u00e1ljuk a sz\u00e1m\u00edt\u00e1sainkat:<\/strong><\/h3>\n\n\n\n<p>\u201eAz esem\u00e9nyen sz\u00e1mos \u00e9rtelmes ember figyel oda egym\u00e1sra, csillog\u00f3 szemmel. Tanulni akarnak a m\u00e1sikt\u00f3l \u00e9s kapcsolatot \u00e9p\u00edteni. Szerintem ebben van a j\u00f6v\u0151.\u201d<\/p>\n\n\n\n<p><em>Arr\u00f3l is mes\u00e9lt, mik lehetnek a c\u00e9gvezet\u0151k kih\u00edv\u00e1sai napjainkban a kommunik\u00e1ci\u00f3 ter\u00fclet\u00e9n:<\/em><\/p>\n\n\n\n<p>&nbsp;\u201eSokaknak m\u00e1s a szem\u00e9lyis\u00e9ge. Vannak, akik introvert\u00e1lt alkatok \u00e9s nehezebb sz\u00e1mukra kapcsolatokat \u00e9p\u00edteni. Ebben lehet \u00e9s kell is fejl\u0151dni. Nyilv\u00e1n az is fontos, hogy megtal\u00e1ljuk azt, hogy kire van igaz\u00e1n sz\u00fcks\u00e9ge az \u00fczlet\u00fcnknek \u00e9s vel\u00fck hogyan tudjuk felvenni a kapcsolatot, \u0151ket hogyan tudjuk meggy\u0151zni arr\u00f3l, hogy r\u00e1nk van sz\u00fcks\u00e9g\u00fck.<\/p>\n\n\n\n<figure class=\"wp-block-image size-large\"><img loading=\"lazy\" decoding=\"async\" width=\"1024\" height=\"400\" src=\"https:\/\/bizalmikor.hu\/blog\/wp-content\/uploads\/2023\/04\/368-1-1024x400.jpg\" alt=\"\" class=\"wp-image-6597\" srcset=\"https:\/\/bizalmikor.hu\/blog\/wp-content\/uploads\/2023\/04\/368-1-1024x400.jpg 1024w, https:\/\/bizalmikor.hu\/blog\/wp-content\/uploads\/2023\/04\/368-1-300x117.jpg 300w, https:\/\/bizalmikor.hu\/blog\/wp-content\/uploads\/2023\/04\/368-1-768x300.jpg 768w, https:\/\/bizalmikor.hu\/blog\/wp-content\/uploads\/2023\/04\/368-1-1536x600.jpg 1536w, https:\/\/bizalmikor.hu\/blog\/wp-content\/uploads\/2023\/04\/368-1.jpg 1920w\" sizes=\"(max-width: 1024px) 100vw, 1024px\" \/><figcaption>Krizs\u00f3 Szilvia el\u0151ad\u00e1sa, a Trust Summiton<\/figcaption><\/figure>\n\n\n\n<p>Ebben a rohan\u00f3 vil\u00e1gban nagyon neh\u00e9z tartani a kapcsolatot, viszont e n\u00e9lk\u00fcl nem maradnak meg az \u00fczletek \u00e9s szerintem a 21. sz\u00e1zadban a kapcsolatok jelentik a t\u00fal\u00e9l\u00e9s z\u00e1log\u00e1t\u201d \u2013 hangs\u00falyozta, majd azt is el\u00e1rulta, milyen tan\u00e1csod adna a c\u00e9gvezet\u0151knek:<\/p>\n\n\n\n<p>\u201eAzt gondolom, hogy fejleszteni \u00e9s er\u0151s\u00edteni kell a saj\u00e1t \u00f6nbizalmunkat. Ennek megvannak a technik\u00e1i, ez nem k\u00f6nny\u0171 \u00fat. Akinek m\u00e1r van \u00f6nbizalma, annak az \u00f6nkifejez\u00e9sen kell dolgoznia, hogy min\u00e9l hat\u00e9konyabban, hitelesebben \u00e9s hat\u00e1sosabban tudja \u00e1tadni az \u00fczeneteit. Fontosnak tartom hangs\u00falyozni, hogy \u00e9n a kommunik\u00e1ci\u00f3t mindig k\u00e9toldal\u00fanak tartom, ahol besz\u00e9lget\u00fcnk egym\u00e1ssal.\u201d<\/p>\n\n\n\n<blockquote class=\"wp-block-quote is-layout-flow wp-block-quote-is-layout-flow\"><p>\u201eSokszor a hallgat\u00e1snak, az odafigyel\u00e9snek nagyobb ereje van, mint annak, hogy magunkr\u00f3l besz\u00e9l\u00fcnk\u201d \u2013 emelte ki.<\/p><\/blockquote>\n\n\n\n<h3 class=\"wp-block-heading\"><strong>Az \u201eMI kor\u00e1ban a bizalom az \u00faj olaj\u201d c\u00edm\u0171 p\u00f3diumbesz\u00e9lget\u00e9sen <\/strong><strong>Bombera Krisztina k\u00e9rdezte Tilesch Gy\u00f6rgy\u00f6t, <\/strong><strong>a Szilicium v\u00f6lgyben dolgoz\u00f3 MI szak\u00e9rt\u0151t \u00e9s tan\u00e1csad\u00f3t, a PHI Institute for Augmented Intelliegence alapit\u00f3 eln\u00f6k\u00e9t<\/strong><strong> a mesters\u00e9ges intelligenci\u00e1val j\u00e1r\u00f3 v\u00e1ltoz\u00e1sokr\u00f3l. <\/strong><strong><\/strong><\/h3>\n\n\n\n<p><em>A besz\u00e9lget\u00e9st k\u00f6vet\u0151en Tilesch Gy\u00f6rgy el\u00e1rulta, mi a v\u00e9lem\u00e9nye a Trust Summitr\u00f3l:<\/em><\/p>\n\n\n\n<p>\u201ePomp\u00e1san \u00e9rzem magam, mert \u00fagy l\u00e1tom, hogy ez a k\u00f6r olyan emberekb\u0151l \u00e1ll, akik legal\u00e1bb annyi hangs\u00falyt fektetnek arra, hogy olyan emberekkel \u00fczleteljenek, akikben megb\u00edznak, mint amennyire \u00e9n ezt meghat\u00e1roz\u00f3nak tartom a magam \u00fczleti praxis\u00e1ban.\u201d<\/p>\n\n\n\n<figure class=\"wp-block-image size-large\"><img loading=\"lazy\" decoding=\"async\" width=\"1024\" height=\"400\" src=\"https:\/\/bizalmikor.hu\/blog\/wp-content\/uploads\/2023\/04\/367-1-1024x400.jpg\" alt=\"\" class=\"wp-image-6598\" srcset=\"https:\/\/bizalmikor.hu\/blog\/wp-content\/uploads\/2023\/04\/367-1-1024x400.jpg 1024w, https:\/\/bizalmikor.hu\/blog\/wp-content\/uploads\/2023\/04\/367-1-300x117.jpg 300w, https:\/\/bizalmikor.hu\/blog\/wp-content\/uploads\/2023\/04\/367-1-768x300.jpg 768w, https:\/\/bizalmikor.hu\/blog\/wp-content\/uploads\/2023\/04\/367-1-1536x600.jpg 1536w, https:\/\/bizalmikor.hu\/blog\/wp-content\/uploads\/2023\/04\/367-1.jpg 1920w\" sizes=\"(max-width: 1024px) 100vw, 1024px\" \/><figcaption>Tilesch Gy\u00f6rgy p\u00f3diumt\u00e1rs\u00e1val, Bombera Krisztin\u00e1val<\/figcaption><\/figure>\n\n\n\n<p><em>Azt is elmondta, \u00f3ri\u00e1si technol\u00f3giai forradalom kezd\u0151d\u00f6tt el a mesters\u00e9ges intelligenci\u00e1val:<\/em><\/p>\n\n\n\n<p>&nbsp;\u201eEz sz\u00e1mos v\u00e1llalatvezet\u0151ben olyan reakci\u00f3t sz\u00fclhet, hogy, &#8211; Na, akkor m\u00e9g egy dologgal meg kell k\u00fczden\u00fcnk a digitaliz\u00e1ci\u00f3ban -. Szerintem mindenkinek meg kellene l\u00e1tnia a lehet\u0151s\u00e9get, \u00e9s azokat a kock\u00e1zatokat is, amiket felel\u0151s vezet\u0151k\u00e9nt sz\u00fcks\u00e9ges kezelnie, ugyanis a mesters\u00e9ges intelligencia a v\u00e1llalatok \u00e9let\u00e9ben is k\u00e9t\u00e9l\u0171 kard, ami m\u00e1r itt van vel\u00fcnk.<\/p>\n\n\n\n<p>Exponenci\u00e1lis versenyel\u0151ny\u00f6ket k\u00e9pes gener\u00e1lni, ugyanakkor a m\u00e1sik oldalon olyan szint\u0171 m\u00e9ly t\u00e1j\u00e9kozotts\u00e1got, k\u00f6r\u00fcltekint\u00e9st \u00e9s mor\u00e1lis determin\u00e1lts\u00e1got k\u00f6vetel a v\u00e1llalatvezet\u0151kt\u0151l, amire nem voltak kor\u00e1bban felk\u00e9sz\u00edtve. \u00cdgy nagyon-nagyon gyors felk\u00e9sz\u00fcl\u00e9sre van sz\u00fcks\u00e9ge mindenkinek, aki v\u00e1llalatot ir\u00e1ny\u00edt.<\/p>\n\n\n\n<p>\u00dagy gondolom, fontos a t\u00e1j\u00e9kozotts\u00e1g, annak felismer\u00e9se, hogy mekkora ez az er\u0151, ami most meg\u00e9rkezett a vil\u00e1gba. \u00c9rdemes felismerni azt, hogy a mester\u00e9ges intelligencia nem csup\u00e1n egy technol\u00f3gia, hanem a term\u00e9szetes kiterjeszt\u00e9se az \u00fczleti strat\u00e9gi\u00e1nak.\u201d<\/p>\n\n\n\n<blockquote class=\"wp-block-quote is-layout-flow wp-block-quote-is-layout-flow\"><p>\u201eHa valaki ezeket mind meg tudja ugrani, akkor nyertesk\u00e9nt k\u00e9pes kiker\u00fclni a mostani hull\u00e1mb\u00f3l\u201d \u2013 hangs\u00falyozta.<\/p><\/blockquote>\n\n\n\n<figure class=\"wp-block-image size-large\"><img loading=\"lazy\" decoding=\"async\" width=\"1024\" height=\"400\" src=\"https:\/\/bizalmikor.hu\/blog\/wp-content\/uploads\/2023\/04\/366-1-1024x400.jpg\" alt=\"\" class=\"wp-image-6599\" srcset=\"https:\/\/bizalmikor.hu\/blog\/wp-content\/uploads\/2023\/04\/366-1-1024x400.jpg 1024w, https:\/\/bizalmikor.hu\/blog\/wp-content\/uploads\/2023\/04\/366-1-300x117.jpg 300w, https:\/\/bizalmikor.hu\/blog\/wp-content\/uploads\/2023\/04\/366-1-768x300.jpg 768w, https:\/\/bizalmikor.hu\/blog\/wp-content\/uploads\/2023\/04\/366-1-1536x600.jpg 1536w, https:\/\/bizalmikor.hu\/blog\/wp-content\/uploads\/2023\/04\/366-1.jpg 1920w\" sizes=\"(max-width: 1024px) 100vw, 1024px\" \/><figcaption>Juh\u00e1sz Attila p\u00f3diumt\u00e1rs\u00e1val, Markovich B\u00e9l\u00e1val (Mapei)<\/figcaption><\/figure>\n\n\n\n<h3 class=\"wp-block-heading\"><strong>A \u201eFejben d\u0151l el &#8211; c\u00e9gvezet\u00e9s v\u00e1ltoz\u00f3 k\u00f6rnyezetben\u201d c\u00edm\u0171 p\u00f3diumbesz\u00e9lget\u00e9s <\/strong><strong>a v\u00e1ltoz\u00f3 k\u00f6rnyezetben sz\u00fcks\u00e9ges vezet\u0151i gondolkod\u00e1sm\u00f3dot \u00e1ll\u00edtotta f\u00f3kuszba.<\/strong><\/h3>\n\n\n\n<p>A besz\u00e9lget\u00e9sben r\u00e9sztvev\u0151 <strong>Juh\u00e1sz Attila<\/strong>, az \u00dajh\u00e1z Zrt. igazgat\u00f3s\u00e1g\u00e1nak eln\u00f6ke elmondta, szenz\u00e1ci\u00f3san \u00e9rzi mag\u00e1t a rendezv\u00e9nyen, hiszen olyan v\u00e1llalkoz\u00f3kkal lehet egy\u00fctt, akik fejl\u0151dni v\u00e1gynak \u00e9s inspir\u00e1ci\u00f3t akarnak szerezni egym\u00e1st\u00f3l. Akik azt szeretn\u00e9k, hogy az a v\u00e1llalkoz\u00e1s, amit vezetnek, jobb legyen. <\/p>\n\n\n\n<p><em>Hozz\u00e1tette, a p\u00f3diumbesz\u00e9lget\u00e9sen sok hasznos gondolat elhangzott el\u0151ad\u00f3t\u00e1rsait\u00f3l is:<\/em><\/p>\n\n\n\n<p>\u201eHa valamit ki kellene emelnem a besz\u00e9lget\u00e9sb\u0151l, akkor az lenne, hogy mennyire fontos \u00f6sszhangba hozni a munkat\u00e1rsi motiv\u00e1ci\u00f3t a v\u00e1llalat strat\u00e9gi\u00e1j\u00e1val. Sz\u00fcks\u00e9ges f\u00f3kuszban tartani a koll\u00e9g\u00e1kn\u00e1l azt a c\u00e9lt, v\u00edzi\u00f3t, k\u00fcldet\u00e9st, ahova el akarunk jutni \u00e9s ehhez kell igaz\u00edtani a motiv\u00e1ci\u00f3s rendszer\u00fcket.<\/p>\n\n\n\n<p>Mi kereskedelmi c\u00e9g vagyunk, teh\u00e1t nyilv\u00e1n n\u00e1lunk a v\u00e1ltoz\u00e1st alapvet\u0151en az induk\u00e1lja, ha a forgalomban, illetve az \u00e1rbev\u00e9telben valamilyen negat\u00edv trend van. Azonban az igazi v\u00e1ltoz\u00e1s az, ha mi magunk tudunk tenni az\u00e9rt, hogy ezt megford\u00edtsuk, adott esetben pozit\u00edvv\u00e1 var\u00e1zsoljuk. Hiszem azt, hogy azok a v\u00e1llalkoz\u00e1sok sokkal sikeresebbek lesznek, akik nyitottak a v\u00e1ltoz\u00e1sokra \u00e9s k\u00e9pesek meg\u00fajulni, f\u00fcggetlen\u00fcl a c\u00e9gm\u00e9rett\u0151l.<\/p>\n\n\n\n<p>Emellett fontosnak tartom, hogy legy\u00fcnk \u00e9rz\u00e9kenyek \u00e9s fog\u00e9konyak arra, hogy a munkat\u00e1rsak hogyan v\u00e9lekednek a saj\u00e1t c\u00e9g\u00fcnkr\u0151l. K\u00e9rdezz\u00fck meg t\u0151l\u00fck. Nek\u00fcnk erre van egy nagyon j\u00f3 rendszer\u00fcnk, \u00e9s hihetetlen\u00fcl remek \u00e9rz\u00e9s az, hogy mindig ismerem a munkat\u00e1rsaim \u00e9rzelmi \u00e1llapot\u00e1t, valamint a c\u00e9ghez k\u00f6t\u0151d\u0151 kapcsolat\u00e1t.\u201d<\/p>\n\n\n\n<blockquote class=\"wp-block-quote is-layout-flow wp-block-quote-is-layout-flow\"><p>\u201eJ\u00f3 \u00e9rz\u00e9s tudni azt, hogy szeretnek itt dolgozni, illetve sz\u00edvesen aj\u00e1nlj\u00e1k a c\u00e9g\u00fcnket az ismer\u0151seiknek, mint munkahelyet\u201d \u2013 avatott be minket.<\/p><\/blockquote>\n\n\n\n<figure class=\"wp-block-image size-large\"><img loading=\"lazy\" decoding=\"async\" width=\"1024\" height=\"400\" src=\"https:\/\/bizalmikor.hu\/blog\/wp-content\/uploads\/2023\/04\/1-7-1-1024x400.jpg\" alt=\"\" class=\"wp-image-6600\" srcset=\"https:\/\/bizalmikor.hu\/blog\/wp-content\/uploads\/2023\/04\/1-7-1-1024x400.jpg 1024w, https:\/\/bizalmikor.hu\/blog\/wp-content\/uploads\/2023\/04\/1-7-1-300x117.jpg 300w, https:\/\/bizalmikor.hu\/blog\/wp-content\/uploads\/2023\/04\/1-7-1-768x300.jpg 768w, https:\/\/bizalmikor.hu\/blog\/wp-content\/uploads\/2023\/04\/1-7-1-1536x600.jpg 1536w, https:\/\/bizalmikor.hu\/blog\/wp-content\/uploads\/2023\/04\/1-7-1.jpg 1920w\" sizes=\"(max-width: 1024px) 100vw, 1024px\" \/><figcaption>Balogh Petya a Fuck-Up Stories el\u0151ad\u00e1s\u00e1n &#8211; I don&#8217;t fail, I learn.<\/figcaption><\/figure>\n\n\n\n<p><strong>Hab\u00e1r sokak fej\u00e9ben \u00e9lhet a k\u00e9p, hogy az eredm\u00e9nyes c\u00e9gvezet\u0151k kik\u00f6vezett \u00faton jutottak el a cs\u00facsra, a sikerek m\u00f6g\u00f6tt mindig \u00e1llnak kudarcok, hiszen \u0151k is emberek, akik hib\u00e1zhatnak.<\/strong><\/p>\n\n\n\n<p>M\u00edg m\u00e1sok m\u00e9lyebbre s\u00fcllyednek a kudarct\u00f3l, vannak, akik \u00e9p\u00edtkeznek bel\u0151le.<\/p>\n\n\n\n<h3 class=\"wp-block-heading\"><strong>A \u201eFuck-Up Stories\u201d el\u0151ad\u00e1sokon k\u00e9t kiemelked\u0151 vezet\u0151 mes\u00e9lt kend\u0151zetlen \u0151szintes\u00e9ggel a kor\u00e1bbi ball\u00e9p\u00e9sekr\u0151l, a m\u00e9lypontokr\u00f3l \u00e9s arr\u00f3l, hogyan \u00e1lltak \u00fajra talpra. Hiszen ut\u00f3lag visszagondolva minden \u201ebakl\u00f6v\u00e9s\u201d egy tanuls\u00e1g lehet a k\u00e9s\u0151bbiekre n\u00e9zve, amennyiben hat\u00e9konyan fel tudjuk haszn\u00e1lni azokat a fejl\u0151d\u00e9s \u00e9rdek\u00e9ben.&nbsp;<\/strong><\/h3>\n\n\n\n<p><em><strong>Balogh Petya<\/strong>&nbsp;c\u00e1pa, befektet\u0151 \u00e9s optimista nev\u00e9t nem kell bemutatni. T\u00f6rt\u00e9net\u00e9vel motiv\u00e1ci\u00f3t ny\u00fajtott a hallgat\u00f3s\u00e1g sz\u00e1m\u00e1ra, majd k\u00e9rd\u00e9seinkre v\u00e1laszolva azt is el\u00e1rulta, mi a legnagyobb kih\u00edv\u00e1s a c\u00e9gvezet\u0151k \u00e9let\u00e9ben:<\/em><\/p>\n\n\n\n<p>\u201eSzerintem az, hogyan tudj\u00e1k megtal\u00e1lni \u00f6nmagukat, a magabiztoss\u00e1gukat, a b\u00e1tors\u00e1gukat egy gyorsul\u00f3 vil\u00e1gban, mert k\u00eds\u00e9rletezni \u00e9s pr\u00f3b\u00e1lkozni kell. Egyre gyorsabb a temp\u00f3, \u00fagyhogy egyre t\u00f6bb kock\u00e1zatot kell v\u00e1llalnunk \u00e9s egyre rugalmasabban kell n\u00e9zn\u00fcnk a j\u00f6v\u0151be. Aki ezt nem tudja megtal\u00e1lni mag\u00e1ban, aki f\u00e9l a v\u00e1ltoz\u00e1st\u00f3l, f\u00e9l a j\u00f6v\u0151t\u0151l, annak biztos, hogy nehezebb lesz minden \u00e9v.<\/p>\n\n\n\n<p>Arccal el\u0151re kell menek\u00fclni azaz, amit\u0151l f\u00e9l\u00fcnk, amit\u0151l viszolygunk, amit nem ismer\u00fcnk, amiben m\u00e9g nincs meg a bizalmunk, azt ki kell pr\u00f3b\u00e1lni, be kell \u00e9p\u00edteni, k\u00eds\u00e9rletezni \u00e9s menni el\u0151re. Az elm\u00falt \u00e9vtizedek sosem fognak m\u00e1r visszaj\u00f6nni, egy eg\u00e9szen m\u00e1s vil\u00e1g \u00e9rkezik most.\u201d<\/p>\n\n\n\n<blockquote class=\"wp-block-quote is-layout-flow wp-block-quote-is-layout-flow\"><p>\u201eMusz\u00e1j el\u0151re tekinteni \u00e9s rengeteget tanulni ahhoz, hogy relev\u00e1nsak tudjunk maradni\u201d \u2013 emelte ki.<\/p><\/blockquote>\n\n\n\n<h3 class=\"wp-block-heading\"><strong>A <\/strong><strong>\u201eFuck-Up Stories\u201d m\u00e1sik el\u0151ad\u00f3jak\u00e9nt Shane Tusup cs\u00facsteljes\u00edtm\u00e9ny coach, motiv\u00e1ci\u00f3s el\u0151ad\u00f3 \u00e9s \u00fczletember osztotta meg t\u00f6rt\u00e9net\u00e9t. Az el\u0151ad\u00e1st k\u00f6vet\u0151en k\u00e9rd\u00e9s\u00fcnkre v\u00e1laszolva kiemelte, a Trust Summit fantasztikus \u00e9lm\u00e9ny a sz\u00e1m\u00e1ra:<\/strong><\/h3>\n\n\n\n<p><strong>&nbsp;<\/strong>\u201eNem tudtam, mire sz\u00e1m\u00edtsak,sz\u00e1mos esem\u00e9nyen voltam kor\u00e1bban, de a Bizalmi K\u00f6rben remek hangulat uralkodik. Olyan, mint egy csal\u00e1d, akik igyekeznek t\u00e1mogatni egym\u00e1st \u00e9s \u00e1gazatokon \u00e1t\u00edvel\u0151en seg\u00edteni. Megosztj\u00e1k a tud\u00e1sukat \u00e9s mindenki \u00f6r\u00fcl a m\u00e1sik siker\u00e9nek.\u201d<\/p>\n\n\n\n<figure class=\"wp-block-image size-large\"><img loading=\"lazy\" decoding=\"async\" width=\"1024\" height=\"400\" src=\"https:\/\/bizalmikor.hu\/blog\/wp-content\/uploads\/2023\/04\/365-1-1024x400.jpg\" alt=\"\" class=\"wp-image-6601\" srcset=\"https:\/\/bizalmikor.hu\/blog\/wp-content\/uploads\/2023\/04\/365-1-1024x400.jpg 1024w, https:\/\/bizalmikor.hu\/blog\/wp-content\/uploads\/2023\/04\/365-1-300x117.jpg 300w, https:\/\/bizalmikor.hu\/blog\/wp-content\/uploads\/2023\/04\/365-1-768x300.jpg 768w, https:\/\/bizalmikor.hu\/blog\/wp-content\/uploads\/2023\/04\/365-1-1536x600.jpg 1536w, https:\/\/bizalmikor.hu\/blog\/wp-content\/uploads\/2023\/04\/365-1.jpg 1920w\" sizes=\"(max-width: 1024px) 100vw, 1024px\" \/><figcaption>Shane Tusup a Fuck-Up Stories el\u0151ad\u00e1s\u00e1n<\/figcaption><\/figure>\n\n\n\n<p><em>\u201eMegtiszteltet\u00e9s sz\u00e1momra, hogy itt lehetek\u201d \u2013 hangs\u00falyozta, majd el\u00e1rulta, szerinte mi a legnagyobb kih\u00edv\u00e1s a c\u00e9gvezet\u0151k \u00e9let\u00e9ben \u00e9s mit tan\u00e1csolna sz\u00e1mukra:<\/em><\/p>\n\n\n\n<p>\u201eRajtad \u00e1ll, hogy olyan c\u00e9lt t\u0171z\u00f6l-e ki, amelyet a csapat el tud \u00e9rni. Te vagy a vezet\u0151, ez a te d\u00f6nt\u00e9sed. Te vagy az, akinek el\u0151l kell \u00e1llnia \u00e9s a csoport tagjak\u00e9nt mutatni az ir\u00e1nyt. Neh\u00e9z, mert egyens\u00falyozni kell, inspir\u00e1ci\u00f3t adni \u00e9s mindenkit meg\u00e9rteni. Ez lehets\u00e9ges, de ha irre\u00e1lisan magasra tessz\u00fck a l\u00e9cet, ha elkezd\u00fcnk lehetetlen dolgokon gondolkodni, akkor rossz ir\u00e1nyba terelhetj\u00fck \u0151ket. Ez a c\u00e9gvezet\u0151 felel\u0151ss\u00e9ge.<\/p>\n\n\n\n<p>Ha egyed\u00fcl vagy, akkor nem kell f\u00e9lned a mer\u00e9szs\u00e9gt\u0151l, att\u00f3l, hogy megpr\u00f3b\u00e1lj megval\u00f3s\u00edtani valamit, amit eddig lehetetlennek tartottak. Vezet\u0151k\u00e9nt ez egy kem\u00e9nyebb harc, igaz\u00e1n biztosnak kell lenned magadban. Ha van m\u00f6g\u00f6tted t\u00f6bb sz\u00e1z ember, b\u00e1tornak kell lenned, hogy magasra tedd az elv\u00e1r\u00e1sokat, m\u00e9gis magabiztosan vezesd \u0151ket. Ez egy nagy kih\u00edv\u00e1s lehet sokak sz\u00e1m\u00e1ra.<\/p>\n\n\n\n<p>\u00dagy gondolom, a nap v\u00e9g\u00e9n k\u00e9szen kell \u00e1llnunk arra a lehet\u0151s\u00e9gre, hogy elbukunk. El kell fogadnunk, hogy ez egy val\u00f3s es\u00e9ly \u00e9s meg\u00e9rten\u00fcnk, hogy ez az utaz\u00e1sr\u00f3l sz\u00f3l, nem a c\u00e9lr\u00f3l. A buk\u00e1s lehets\u00e9ges opci\u00f3, de nem olyan ijeszt\u0151, ha felteszed magadnak a k\u00e9rd\u00e9st: Mi a legrosszabb, ami t\u00f6rt\u00e9nhet?\u201d<\/p>\n\n\n\n<blockquote class=\"wp-block-quote is-layout-flow wp-block-quote-is-layout-flow\"><p>\u201eHa elfogadod azt az eshet\u0151s\u00e9get, hogy elbukhatsz, k\u00e9pes leszel meghozni a j\u00f3 d\u00f6nt\u00e9st \u00e9s fel\u00e9p\u00edteni a helyes strat\u00e9gi\u00e1t\u201d \u2013 emelte ki.<\/p><\/blockquote>\n\n\n\n<figure class=\"wp-block-image size-large\"><img loading=\"lazy\" decoding=\"async\" width=\"1024\" height=\"400\" src=\"https:\/\/bizalmikor.hu\/blog\/wp-content\/uploads\/2023\/04\/364-1-1024x400.jpg\" alt=\"\" class=\"wp-image-6602\" srcset=\"https:\/\/bizalmikor.hu\/blog\/wp-content\/uploads\/2023\/04\/364-1-1024x400.jpg 1024w, https:\/\/bizalmikor.hu\/blog\/wp-content\/uploads\/2023\/04\/364-1-300x117.jpg 300w, https:\/\/bizalmikor.hu\/blog\/wp-content\/uploads\/2023\/04\/364-1-768x300.jpg 768w, https:\/\/bizalmikor.hu\/blog\/wp-content\/uploads\/2023\/04\/364-1-1536x600.jpg 1536w, https:\/\/bizalmikor.hu\/blog\/wp-content\/uploads\/2023\/04\/364-1.jpg 1920w\" sizes=\"(max-width: 1024px) 100vw, 1024px\" \/><figcaption>A Trust Summit k\u00f6zel 600 r\u00e9sztvev\u0151j\u00e9nek mott\u00f3ja: I DON&#8217;T FAIL, I LEARN.<\/figcaption><\/figure>\n\n\n\n<p>A Trust Summit r\u00e9sztvev\u0151inek lehet\u0151s\u00e9g\u00fck volt nagym\u00e9rt\u00e9kben b\u0151v\u00edteni vezet\u0151i kapcsolati h\u00e1l\u00f3jukat \u00e9s felid\u00e9zni saj\u00e1t buk\u00e1suk t\u00f6rt\u00e9net\u00e9t, levonni a sz\u00fcks\u00e9ges tanuls\u00e1gokat. J\u00f6v\u0151beli \u00e9nj\u00fck val\u00f3sz\u00edn\u0171leg h\u00e1l\u00e1s lesz ezek\u00e9rt, amikor egy \u00e9v m\u00falva a Bizalmi K\u00f6r csapata kipost\u00e1zza sz\u00e1mukra az \u00e1ltaluk \u00edrt leveleket. Van, hogy a hib\u00e1k er\u0151sebb\u00e9 tesznek \u00e9s ezek felv\u00e1llal\u00e1sa m\u00e1sok sz\u00e1m\u00e1ra rem\u00e9nyt jelenhet.<\/p>\n\n\n\n<p>\u00c9ppen ez\u00e9rt a konferencia v\u00e9g\u00e9n minden lev\u00e9l\u00edr\u00f3 egy sz\u00ednpadon \u00e1llt a t\u00f6rt\u00e9net\u00fcket felv\u00e1llal\u00f3, kiemelked\u0151 el\u0151ad\u00f3kkal. Rem\u00e9lj\u00fck, j\u00f6v\u0151beli \u00e9nj\u00fck \u00e9p\u00edtkezik a hib\u00e1kb\u00f3l, s\u0151t, tal\u00e1n az el\u0151ad\u00e1sok seg\u00edts\u00e9g\u00e9vel a k\u00f6vetkez\u0151 \u201eball\u00e9p\u00e9sek\u201d t\u00f6bbs\u00e9g\u00e9t el is ker\u00fcli.<\/p>\n\n\n\n<p>Az 5. Trust Summit lehet\u0151s\u00e9get biztos\u00edtott, hogy minden oldalr\u00f3l felv\u00e9rtezz\u00fck magunkat a j\u00f6v\u0151 kih\u00edv\u00e1saival \u00e9s v\u00e1ltoz\u00e1saival szemben, magabiztosan uralhassuk \u0151ket. B\u00edzzunk benne, hogy j\u00f6v\u0151re is sok csillog\u00f3 szemp\u00e1r tekint egym\u00e1sra \u00e9s t\u00e1mogat\u00e1st ny\u00fajtva mes\u00e9lnek sikereikr\u0151l, valamint azokr\u00f3l a t\u00f6rt\u00e9netekr\u0151l, amelyek \u00e1ltal er\u0151sebb\u00e9 v\u00e1ltak.<\/p>\n\n\n\n<h3 class=\"wp-block-heading\">Szerz\u0151: Balatoni Kitti<\/h3>\n\n\n\n<hr class=\"wp-block-separator has-text-color has-background is-style-wide\" style=\"background-color:#14496b;color:#14496b\"\/>\n\n\n\n<h1 class=\"has-text-align-center has-white-color has-text-color has-background wp-block-heading\" style=\"background-color:#bd9756\"><strong>A Bizalmi K\u00f6r Vezet\u0151i Klub tags\u00e1ga egy mindennapos Trust Summit! Fejl\u0151dj\u00fcnk egy\u00fctt, dinamikusabban.<\/strong><\/h1>\n\n\n\n<div class=\"wp-block-button aligncenter\"><a class=\"wp-block-button__link has-background\" href=\"https:\/\/bizalmikor.hu\/kapcsolat\/\" style=\"background-color:#14496b\" target=\"_blank\" rel=\"noreferrer noopener\"><strong>\u00c9rdekel a Bizalmi K\u00f6r klubtags\u00e1g<\/strong><\/a><\/div>\n\n\n\n<hr class=\"wp-block-separator has-text-color has-background is-style-wide\" style=\"background-color:#14496b;color:#14496b\"\/>\n","protected":false},"excerpt":{"rendered":"<p>A jelenlegi, dinamikusan v\u00e1ltoz\u00f3 k\u00f6rnyezetben nem vezetheted \u00fagy a v\u00e1llalkoz\u00e1sodat ma, ahogyan tegnap tetted. Uralnod kell a v\u00e1ltoz\u00e1sokat! A v\u00e1ltoz\u00e1s \u00f6r\u00f6k velej\u00e1r\u00f3ja az \u00e9let\u00fcnknek. Nincs ez m\u00e1sk\u00e9nt a c\u00e9gvezet\u0151k mindennapjaiban sem. A felgyorsul\u00f3 vil\u00e1gban \u00fagy t\u0171nik, m\u00e9g sebesebben kell alkalmazkodnunk, hogy fejl\u0151dhess\u00fcnk. Az elm\u00falt \u00e9vek sz\u00e1mos, gazdas\u00e1gilag s\u00falyos v\u00e1ltoz\u00e1st eredm\u00e9nyeztek, melyek k\u00f6vetkezm\u00e9nyeivel a k\u00e9s\u0151bbiekben is [&hellip;]<\/p>\n","protected":false},"author":6,"featured_media":6594,"comment_status":"closed","ping_status":"open","sticky":false,"template":"","format":"standard","meta":{"footnotes":""},"categories":[30,24,16],"tags":[],"yoast_head":"<!-- This site is optimized with the Yoast SEO plugin v15.4 - https:\/\/yoast.com\/wordpress\/plugins\/seo\/ -->\n<title>A c\u00e9gvezet\u0151k \u00edgy uralj\u00e1k a v\u00e1ltoz\u00e1sokat: Kih\u00edv\u00e1sok, mindset, \u00e9rt\u00e9kes kapcsolatok, mesters\u00e9ges intelligencia<\/title>\n<meta name=\"description\" content=\"A jelenlegi, dinamikusan v\u00e1ltoz\u00f3 k\u00f6rnyezetben, vezet\u0151k\u00e9nt nem vezetheted \u00fagy a v\u00e1llalkoz\u00e1sodat ma, ahogyan tegnap tetted. Uralnod kell a v\u00e1ltoz\u00e1sokat!\" \/>\n<meta name=\"robots\" content=\"index, follow, max-snippet:-1, max-image-preview:large, max-video-preview:-1\" \/>\n<link rel=\"canonical\" href=\"https:\/\/bizalmikor.hu\/blog\/2023\/04\/26\/a-cegvezetok-igy-uraljak-a-valtozasokat\/\" \/>\n<meta property=\"og:locale\" content=\"hu_HU\" \/>\n<meta property=\"og:type\" content=\"article\" \/>\n<meta property=\"og:title\" content=\"A c\u00e9gvezet\u0151k \u00edgy uralj\u00e1k a v\u00e1ltoz\u00e1sokat: Kih\u00edv\u00e1sok, mindset, \u00e9rt\u00e9kes kapcsolatok, mesters\u00e9ges intelligencia\" \/>\n<meta property=\"og:description\" content=\"A jelenlegi, dinamikusan v\u00e1ltoz\u00f3 k\u00f6rnyezetben, vezet\u0151k\u00e9nt nem vezetheted \u00fagy a v\u00e1llalkoz\u00e1sodat ma, ahogyan tegnap tetted. Uralnod kell a v\u00e1ltoz\u00e1sokat!\" \/>\n<meta property=\"og:url\" content=\"https:\/\/bizalmikor.hu\/blog\/2023\/04\/26\/a-cegvezetok-igy-uraljak-a-valtozasokat\/\" \/>\n<meta property=\"og:site_name\" content=\"Bizalmi K\u00f6r blog\" \/>\n<meta property=\"article:publisher\" content=\"https:\/\/www.facebook.com\/bizalmikor\" \/>\n<meta property=\"article:published_time\" content=\"2023-04-26T09:06:40+00:00\" \/>\n<meta property=\"article:modified_time\" content=\"2023-04-29T10:40:40+00:00\" \/>\n<meta property=\"og:image\" content=\"https:\/\/bizalmikor.hu\/blog\/wp-content\/uploads\/2023\/04\/Boritokep.jpg\" \/>\n\t<meta property=\"og:image:width\" content=\"1920\" \/>\n\t<meta property=\"og:image:height\" content=\"1080\" \/>\n<meta name=\"twitter:card\" content=\"summary_large_image\" \/>\n<meta name=\"twitter:title\" content=\"A c\u00e9gvezet\u0151k \u00edgy uralj\u00e1k a v\u00e1ltoz\u00e1sokat: Kih\u00edv\u00e1sok, mindset, \u00e9rt\u00e9kes kapcsolatok, mesters\u00e9ges intelligencia\" \/>\n<meta name=\"twitter:description\" content=\"A jelenlegi, dinamikusan v\u00e1ltoz\u00f3 k\u00f6rnyezetben, vezet\u0151k\u00e9nt nem vezetheted \u00fagy a v\u00e1llalkoz\u00e1sodat ma, ahogyan tegnap tetted. Uralnod kell a v\u00e1ltoz\u00e1sokat!\" \/>\n<meta name=\"twitter:image\" content=\"https:\/\/bizalmikor.hu\/blog\/wp-content\/uploads\/2023\/04\/Boritokep.jpg\" \/>\n<meta name=\"twitter:label1\" content=\"Szerz\u0151:\">\n\t<meta name=\"twitter:data1\" content=\"Kov\u00e1cs D\u00e1niel\">\n\t<meta name=\"twitter:label2\" content=\"Becs\u00fclt olvas\u00e1si id\u0151\">\n\t<meta name=\"twitter:data2\" content=\"13 perc\">\n<script type=\"application\/ld+json\" class=\"yoast-schema-graph\">{\"@context\":\"https:\/\/schema.org\",\"@graph\":[{\"@type\":\"Organization\",\"@id\":\"https:\/\/bizalmikor.hu\/blog\/#organization\",\"name\":\"Bizalmi K\\u00f6r Kft.\",\"url\":\"https:\/\/bizalmikor.hu\/blog\/\",\"sameAs\":[\"https:\/\/www.facebook.com\/bizalmikor\",\"https:\/\/www.instagram.com\/bizalmikor\/\",\"https:\/\/www.linkedin.com\/company\/19165894\",\"https:\/\/www.youtube.com\/channel\/UC7fAD3QCIWeSexU5t6F3YOw?view_as=subscriber\"],\"logo\":{\"@type\":\"ImageObject\",\"@id\":\"https:\/\/bizalmikor.hu\/blog\/#logo\",\"inLanguage\":\"hu\",\"url\":\"https:\/\/bizalmikor.hu\/blog\/wp-content\/uploads\/2019\/02\/Group-2.png\",\"width\":4033,\"height\":1192,\"caption\":\"Bizalmi K\\u00f6r Kft.\"},\"image\":{\"@id\":\"https:\/\/bizalmikor.hu\/blog\/#logo\"}},{\"@type\":\"WebSite\",\"@id\":\"https:\/\/bizalmikor.hu\/blog\/#website\",\"url\":\"https:\/\/bizalmikor.hu\/blog\/\",\"name\":\"Bizalmi K\\u00f6r blog\",\"description\":\"Egynek minden neh\\u00e9z, soknak semmi sem lehetetlen.\",\"publisher\":{\"@id\":\"https:\/\/bizalmikor.hu\/blog\/#organization\"},\"potentialAction\":[{\"@type\":\"SearchAction\",\"target\":\"https:\/\/bizalmikor.hu\/blog\/?s={search_term_string}\",\"query-input\":\"required name=search_term_string\"}],\"inLanguage\":\"hu\"},{\"@type\":\"ImageObject\",\"@id\":\"https:\/\/bizalmikor.hu\/blog\/2023\/04\/26\/a-cegvezetok-igy-uraljak-a-valtozasokat\/#primaryimage\",\"inLanguage\":\"hu\",\"url\":\"https:\/\/bizalmikor.hu\/blog\/wp-content\/uploads\/2023\/04\/Boritokep.jpg\",\"width\":1920,\"height\":1080},{\"@type\":\"WebPage\",\"@id\":\"https:\/\/bizalmikor.hu\/blog\/2023\/04\/26\/a-cegvezetok-igy-uraljak-a-valtozasokat\/#webpage\",\"url\":\"https:\/\/bizalmikor.hu\/blog\/2023\/04\/26\/a-cegvezetok-igy-uraljak-a-valtozasokat\/\",\"name\":\"A c\\u00e9gvezet\\u0151k \\u00edgy uralj\\u00e1k a v\\u00e1ltoz\\u00e1sokat: Kih\\u00edv\\u00e1sok, mindset, \\u00e9rt\\u00e9kes kapcsolatok, mesters\\u00e9ges intelligencia\",\"isPartOf\":{\"@id\":\"https:\/\/bizalmikor.hu\/blog\/#website\"},\"primaryImageOfPage\":{\"@id\":\"https:\/\/bizalmikor.hu\/blog\/2023\/04\/26\/a-cegvezetok-igy-uraljak-a-valtozasokat\/#primaryimage\"},\"datePublished\":\"2023-04-26T09:06:40+00:00\",\"dateModified\":\"2023-04-29T10:40:40+00:00\",\"description\":\"A jelenlegi, dinamikusan v\\u00e1ltoz\\u00f3 k\\u00f6rnyezetben, vezet\\u0151k\\u00e9nt nem vezetheted \\u00fagy a v\\u00e1llalkoz\\u00e1sodat ma, ahogyan tegnap tetted. Uralnod kell a v\\u00e1ltoz\\u00e1sokat!\",\"inLanguage\":\"hu\",\"potentialAction\":[{\"@type\":\"ReadAction\",\"target\":[\"https:\/\/bizalmikor.hu\/blog\/2023\/04\/26\/a-cegvezetok-igy-uraljak-a-valtozasokat\/\"]}]},{\"@type\":\"Article\",\"@id\":\"https:\/\/bizalmikor.hu\/blog\/2023\/04\/26\/a-cegvezetok-igy-uraljak-a-valtozasokat\/#article\",\"isPartOf\":{\"@id\":\"https:\/\/bizalmikor.hu\/blog\/2023\/04\/26\/a-cegvezetok-igy-uraljak-a-valtozasokat\/#webpage\"},\"author\":{\"@id\":\"https:\/\/bizalmikor.hu\/blog\/#\/schema\/person\/d48fd5a86cd7b719ff423ad6a892c47c\"},\"headline\":\"A c\\u00e9gvezet\\u0151k \\u00edgy uralj\\u00e1k a v\\u00e1ltoz\\u00e1sokat: Kih\\u00edv\\u00e1sok, mindset, \\u00e9rt\\u00e9kes kapcsolatok, mesters\\u00e9ges intelligencia\",\"datePublished\":\"2023-04-26T09:06:40+00:00\",\"dateModified\":\"2023-04-29T10:40:40+00:00\",\"mainEntityOfPage\":{\"@id\":\"https:\/\/bizalmikor.hu\/blog\/2023\/04\/26\/a-cegvezetok-igy-uraljak-a-valtozasokat\/#webpage\"},\"publisher\":{\"@id\":\"https:\/\/bizalmikor.hu\/blog\/#organization\"},\"image\":{\"@id\":\"https:\/\/bizalmikor.hu\/blog\/2023\/04\/26\/a-cegvezetok-igy-uraljak-a-valtozasokat\/#primaryimage\"},\"articleSection\":\"Trust Summit,\\u00dczleti \\u00e9rdekess\\u00e9gek,V\\u00e1llalkoz\\u00e1s\",\"inLanguage\":\"hu\"},{\"@type\":\"Person\",\"@id\":\"https:\/\/bizalmikor.hu\/blog\/#\/schema\/person\/d48fd5a86cd7b719ff423ad6a892c47c\",\"name\":\"Kov\\u00e1cs D\\u00e1niel\",\"image\":{\"@type\":\"ImageObject\",\"@id\":\"https:\/\/bizalmikor.hu\/blog\/#personlogo\",\"inLanguage\":\"hu\",\"url\":\"https:\/\/secure.gravatar.com\/avatar\/47d716fe03040c0eeabaaae8b662c6b9?s=96&d=mm&r=g\",\"caption\":\"Kov\\u00e1cs D\\u00e1niel\"}}]}<\/script>\n<!-- \/ Yoast SEO plugin. -->","_links":{"self":[{"href":"https:\/\/bizalmikor.hu\/blog\/wp-json\/wp\/v2\/posts\/6582"}],"collection":[{"href":"https:\/\/bizalmikor.hu\/blog\/wp-json\/wp\/v2\/posts"}],"about":[{"href":"https:\/\/bizalmikor.hu\/blog\/wp-json\/wp\/v2\/types\/post"}],"author":[{"embeddable":true,"href":"https:\/\/bizalmikor.hu\/blog\/wp-json\/wp\/v2\/users\/6"}],"replies":[{"embeddable":true,"href":"https:\/\/bizalmikor.hu\/blog\/wp-json\/wp\/v2\/comments?post=6582"}],"version-history":[{"count":7,"href":"https:\/\/bizalmikor.hu\/blog\/wp-json\/wp\/v2\/posts\/6582\/revisions"}],"predecessor-version":[{"id":6608,"href":"https:\/\/bizalmikor.hu\/blog\/wp-json\/wp\/v2\/posts\/6582\/revisions\/6608"}],"wp:featuredmedia":[{"embeddable":true,"href":"https:\/\/bizalmikor.hu\/blog\/wp-json\/wp\/v2\/media\/6594"}],"wp:attachment":[{"href":"https:\/\/bizalmikor.hu\/blog\/wp-json\/wp\/v2\/media?parent=6582"}],"wp:term":[{"taxonomy":"category","embeddable":true,"href":"https:\/\/bizalmikor.hu\/blog\/wp-json\/wp\/v2\/categories?post=6582"},{"taxonomy":"post_tag","embeddable":true,"href":"https:\/\/bizalmikor.hu\/blog\/wp-json\/wp\/v2\/tags?post=6582"}],"curies":[{"name":"wp","href":"https:\/\/api.w.org\/{rel}","templated":true}]}}