{"id":6616,"date":"2023-05-15T11:54:20","date_gmt":"2023-05-15T11:54:20","guid":{"rendered":"https:\/\/bizalmikor.hu\/blog\/?p=6616"},"modified":"2023-05-15T13:26:08","modified_gmt":"2023-05-15T13:26:08","slug":"mar-nem-feltem-attol-hogy-mi-van-ha-nem-jon-a-vastag-boritek-minden-egyes-honap-vegen","status":"publish","type":"post","link":"https:\/\/bizalmikor.hu\/blog\/2023\/05\/15\/mar-nem-feltem-attol-hogy-mi-van-ha-nem-jon-a-vastag-boritek-minden-egyes-honap-vegen\/","title":{"rendered":"\u201eM\u00e1r nem f\u00e9ltem att\u00f3l, hogy mi van, ha nem j\u00f6n a vastag bor\u00edt\u00e9k minden egyes h\u00f3nap v\u00e9g\u00e9n\u201d"},"content":{"rendered":"\n<p><strong>Piros Attila 2022-ben a Leader of the Year Nagyv\u00e1llalati kateg\u00f3ria gy\u0151ztese lett. Piros Attila 2023-ban 20 \u00e9v ut\u00e1n fel\u00e1llt a multit\u00f3l, elengedte az egzisztenci\u00e1lis f\u00e9lelmeit. A legnagyobb fordul\u00f3pontok az \u201eAttila, baj van\u201d mondattal indultak az elm\u00falt \u00e9vek sor\u00e1n. Most mindenki arra k\u00edv\u00e1ncsi: \u201eAttila, baj van?\u201d.<\/strong><\/p>\n\n\n\n<p>Attila a Bizalmi K\u00f6r L\u00e1nch\u00edd vezet\u0151i klubj\u00e1nak tagja, vezet\u0151i mott\u00f3ja pedig \u00edgy hangzik: \u201eJ\u00f6jj\u00f6n b\u00e1rmi, egy\u00fctt mindent legy\u0151z\u00fcnk.\u201d Most arr\u00f3l mes\u00e9lt nek\u00fcnk, hogy neki mit is kellett \u201elegy\u0151znie\u201d ahhoz, hogy meghaladhassa \u00f6nmag\u00e1t \u00e9s 53 \u00e9vesen 32 \u00e9vnyi vezet\u0151i m\u0171k\u00f6d\u00e9s \u00e9s tapasztalat ut\u00e1n \u00fagy d\u00f6nts\u00f6n, fel\u00e1ll \u00e9s ezt \u00edgy nem folytatja tov\u00e1bb. El\u0151ad\u00e1s\u00e1t a k\u00f6vetkez\u0151 mondatokkal z\u00e1rta: \u201eNem tudom, hogy err\u0151l akartatok-e hallani, de \u00e9n k\u00f6sz\u00f6n\u00f6m, hogy olyasmir\u0151l besz\u00e9lhettem nektek, ami teljesen friss. Ha csak egy mondatot haza tudtok vinni, vigy\u00e9tek. K\u00f6sz\u00f6n\u00f6m sz\u00e9pen.\u201d<\/p>\n\n\n\n<p class=\"has-text-align-center\">*<\/p>\n\n\n\n<h2 class=\"wp-block-heading\">\u201eEz volt az a pillanat, amikor azt mondtam, hogy nekem nem a honv\u00e9ds\u00e9g a j\u00f6v\u0151\u201d<\/h2>\n\n\n\n<p>Aki nem ismeri Attila t\u00f6rt\u00e9net\u00e9t, annak hadd foglaljuk \u00f6ssze a kezdeteket, amik eljuttatak oda egy nagyon is sikeres, megbecs\u00fclt nagyv\u00e1llalati vezet\u0151t, hogy felismerje, l\u00e9nyeg\u00e9ben v\u00e9gig valami m\u00e1s hajtotta. Egy olyan bels\u0151 megfelel\u00e9si v\u00e1gy, amivel \u00e9let\u00fcnk egy pontj\u00e1n \u2013 ha el\u00e9g tudatosak \u00e9s el\u00e9g szerencs\u00e9sek vagyunk \u2013 mind szembes\u00fcl\u00fcnk. Persze, hogy melyik\u00fcnk megfelel\u00e9si programj\u00e1nak m\u00e9ly\u00e9n mi van, az a szem\u00e9lyes utaz\u00e1sunk sor\u00e1n der\u00fclhet csak ki. M\u00e9gis, egy-egy ilyen t\u00f6rt\u00e9net adhat n\u00e9mi t\u00e1mpontot vagy \u00e9pp megadhatja azt a kezd\u0151 l\u00f6k\u00e9st, amire sz\u00fcks\u00e9g\u00fcnk volt. Teh\u00e1t hogyan \u00e9rett meg 20 \u00e9v ut\u00e1n Attila d\u00f6nt\u00e9se? Kezdj\u00fck az elej\u00e9r\u0151l!<\/p>\n\n\n\n<p>Piros Attila a katonai f\u0151iskola ut\u00e1n a BME-n v\u00e9gzett v\u00f6r\u00f6s diplom\u00e1s \u2013 ma summa cum laude \u2013 m\u00e9rn\u00f6kk\u00e9nt. P\u00e1ly\u00e1j\u00e1t folyamatos botr\u00e1nyok, meg nem \u00e9rt\u00e9sek k\u00eds\u00e9rt\u00e9k. 6 \u00e9ves kora el\u0151tt m\u00e1r \u00e1ltal\u00e1nos iskol\u00e1s volt \u00e9s mivel mindent a sztenderd id\u0151 alatt v\u00e9gzett el, a katonai f\u0151iskol\u00e1ra is 18 \u00e9ves kora el\u0151tt ker\u00fclt be, azaz kiskor\u00fak\u00e9nt. <\/p>\n\n\n\n<p>A rendszerv\u00e1lt\u00e1s els\u0151 tisztavat\u00e1s\u00e1n 1990-ben \u0151 mondhatta a katonai esk\u00fc sz\u00f6veg\u00e9t a Kossuth t\u00e9ren, ami komoly politikai\/t\u00f6rt\u00e9nelmi jelent\u0151s\u00e9g\u0171 esem\u00e9nynek sz\u00e1m\u00edtott, a kor\u00e1bbi bel\u00fcgyminiszter Piros L\u00e1szl\u00f3val val\u00f3 n\u00e9vrokons\u00e1g miatt. Hogy pont egy Piros mondja el az esk\u00fct, pont a rendszerv\u00e1lt\u00e1skor\u2026 De megt\u00f6rt\u00e9nt \u00e9s Attila a mai napig b\u00fcszke r\u00e1. N\u00e9gy \u00e9v ut\u00e1n azonban otthagyta a katons\u00e1got azzal, hogy ez nem neki val\u00f3 terep. Ekkor j\u00f6tt a BME, majd miut\u00e1n \u00fajra, fiatal kor\u00e1ra val\u00f3 tekintettel nem engedt\u00e9k angolul tanulni, a leszerel\u00e9s \u00e9s a v\u00e1llalkoz\u00f3i l\u00e9tbe val\u00f3 bel\u00e9p\u00e9s.<\/p>\n\n\n\n<blockquote class=\"wp-block-quote is-layout-flow wp-block-quote-is-layout-flow\"><p>\u201e\u2026bejelentkeztem az egyetemre, term\u00e9szetesen fel is vettek. Nem sokra r\u00e1 meghirdett\u00e9k az angol nyelvtanfolyamot, mert azt gondolt\u00e1k, hogy Magyarorsz\u00e1gnak a NATOban van a helye, teh\u00e1t legyenek olyan tisztjeink, akik angolul tanulnak. \u00c9n jelentkeztem, hogy fiatal vagyok, \u00fagy \u00e9rzem, nekem ez testhez\u00e1ll\u00f3 lenne, ha tanulhatn\u00e9k angolul. Azt mondt\u00e1k, hogy \u2019\u00e1csi, t\u00fal fiatal vagy m\u00e9g hogy annyi mindent tanulj\u2019. \u00c9s ez volt az a pillanat, amikor azt mondtam, hogy nekem nem a honv\u00e9ds\u00e9g a j\u00f6v\u0151.\u201d<\/p><\/blockquote>\n\n\n\n<h2 class=\"wp-block-heading\">\u201e\u00cdrd \u00e9s mondd minden\u00fcnket beletett\u00fck \u00e9s egy \u00e9v alatt elvesz\u00edtett\u00fcnk mindent\u201d<\/h2>\n\n\n\n<p>A leszerel\u00e9s ut\u00e1n \u00e9desapja ABC \u00e1ruh\u00e1zain\u00e1l dolgozott, k\u00e9s\u0151bb pedig egy \u00e1llami \u00e9p\u00edt\u0151ipari v\u00e1llalat vezet\u0151je lett. A t\u00f6rt\u00e9net ezen pontj\u00e1n hangzik el, hogy Attila l\u00e9nyeg\u00e9ben hivat\u00e1sos katon\u00e1v\u00e1 avat\u00e1sa \u00f3ta mindig is valamilyen vezet\u0151i beoszt\u00e1sban dolgozott. De l\u00e1ssuk, mi t\u00f6rt\u00e9nt ann\u00e1l a bizonyos \u00e1llami v\u00e1llalatn\u00e1l. A 2002-es v\u00e1laszt\u00e1sok ut\u00e1n, aki \u00e1llami c\u00e9gn\u00e9l dolgozott azt \u00e1tvil\u00e1g\u00edthatt\u00e1k. A csup\u00e1n politikai \u00e9rdekek ment\u00e9n zajl\u00f3, egy\u00e9bir\u00e1nt indokolatlan \u00e9s megk\u00e9rd\u0151jelezhet\u0151 vizsg\u00e1l\u00f3d\u00e1sok hat\u00e1s\u00e1ra pedig Attila \u00fagy d\u00f6nt\u00f6tt, ez volt az utols\u00f3 \u00e9v, amikor \u00e1llami c\u00e9gnek dolgozott.<\/p>\n\n\n\n<p>A k\u00f6vetkez\u0151 l\u00e9p\u00e9s egy \u00e9tterem megnyit\u00e1sa volt sz\u00fcl\u0151v\u00e1ros\u00e1ban, Hajd\u00faszoboszl\u00f3n. Err\u0151l \u00edgy mes\u00e9l: <\/p>\n\n\n\n<blockquote class=\"wp-block-quote is-layout-flow wp-block-quote-is-layout-flow\"><p>\u201eHivat\u00e1sos katona voltam \u00e9s \u00e9p\u00edt\u0151ipari v\u00e1llalatot vezettem. H\u00e1t, innent\u0151l kezdve adja mag\u00e1t, hogy \u00e9ttermet nyisson az ember Hajd\u00faszoboszl\u00f3n (hajd\u00faszoboszl\u00f3i vagyok). \u00cdrd \u00e9s mondd minden\u00fcnket beletett\u00fck \u00e9s egy \u00e9v alatt elvesz\u00edtett\u00fcnk mindent. De nem kicsit, hanem \u00fagy tisztess\u00e9gesen, teh\u00e1t \u00fagy, hogy egyszer csak a feles\u00e9ged al\u00f3l kiveszik a vadi\u00faj aut\u00f3t \u00e9s minden\u00fcnket elvesz\u00edtett\u00fck az utols\u00f3 napokra.\u201d<\/p><\/blockquote>\n\n\n\n<p>De ekkor, \u00e9pp az \u00e9tteremben zajlott egy \u00e1ll\u00e1sinterj\u00fa egy francia multinacion\u00e1lis c\u00e9ghez. \u00c9rt\u00e9kes\u00edt\u00e9si k\u00e9pvisel\u0151t kerestek. Attila ismerte az interj\u00faztat\u00f3t, aki eleinte nem \u00e9rtette az \u00e9rdekl\u0151d\u00e9st, hiszen m\u00e1r ekkor is komoly vezet\u0151i karrier \u00e1llt a most lek\u00f6sz\u00f6n\u0151 Saint-Gobain vezet\u0151 m\u00f6g\u00f6tt. A mondat, amivel meggy\u0151zte? <\/p>\n\n\n\n<blockquote class=\"wp-block-quote is-layout-flow wp-block-quote-is-layout-flow\"><p>\u201eIgen, pap\u00edrjaim vannak, de jelen pillanatban p\u00e9nzem nincs \u00e9s al\u00e1zatosan kell hozz\u00e1\u00e1llni az \u00e9lethez, mert el kell tartani a csal\u00e1dot.\u201d&nbsp; <\/p><\/blockquote>\n\n\n\n<p>\u00cdgy kezd\u0151d\u00f6tt a karrierje az akkor m\u00e9g Weber Terranova n\u00e9ven fut\u00f3 v\u00e1llalatn\u00e1l, mint \u00e9rt\u00e9kes\u00edt\u00e9si k\u00e9pvisel\u0151.<\/p>\n\n\n\n<h2 class=\"wp-block-heading\">\u201eAttila, van egy rossz h\u00edrem\u201d<\/h2>\n\n\n\n<p>A Webern\u00e9l az els\u0151 \u00e9vben ter\u00fcleti k\u00e9pvisel\u0151 volt, majd r\u00e9gi\u00f3s vezet\u0151 lett, a harmadik \u00e9vre pedig m\u00e1r \u0151 volt a c\u00e9g \u00e9rt\u00e9kes\u00edt\u00e9si igazgat\u00f3ja. A negyedik \u00e9vre a v\u00e1llalat \u00fcgyvezet\u0151j\u00e9v\u00e9 l\u00e9pett el\u0151. Elmond\u00e1sa szerint tudta, hogy nem akart minden\u00e1ron a piacon dolgozni, de megvolt benne az a vezet\u0151i attit\u0171d, amit kerestek \u00e9s ebb\u0151l ki lehetett hozni valamit. Kih\u00edv\u00e1sok \u00edgy is mindig akadtak.<\/p>\n\n\n\n<p>Ilyen volt a pillanat, amikor a f\u0151n\u00f6ke beh\u00edvta, mint m\u00e9g \u00e9rt\u00e9kes\u00edt\u00e9si vezet\u0151t \u00e9s azt mondta: \u201eAttila van egy rossz h\u00edrem \u2026 k\u00e9pzeld el kineveztek K\u00edn\u00e1ba \u00fcgyvezet\u0151 igazgat\u00f3nak.\u201d \u201eIlyenkor v\u00e9gigfut az emberen a hideg,\u201d \u2013 folytatja a t\u00f6rt\u00e9netet \u2013\u201ehiszen nem besz\u00e9ltem a sz\u00fcks\u00e9ges nyelvet.\u201d <\/p>\n\n\n\n<p>Kider\u00fclt, hogy az akkori felettese javasolta a vezet\u0151s\u00e9gnek Attil\u00e1t az \u00fcgyvezet\u0151i poz\u00edci\u00f3ba \u00e9s annyira megb\u00edzott benne, hogy azt sem \u00edt\u00e9lte komoly kih\u00edv\u00e1snak, hogy Attil\u00e1nak \u00f6sszesen 2 h\u00f3napja volt egy elfogadhat\u00f3 szint\u0171 angoltud\u00e1s megszerz\u00e9s\u00e9re. Elmond\u00e1sa szerint az\u00f3ta is annyira besz\u00e9li a nyelvet, amennyit abban a 2 h\u00f3napban elsaj\u00e1t\u00edtott.<\/p>\n\n\n\n<blockquote class=\"wp-block-quote is-layout-flow wp-block-quote-is-layout-flow\"><p>\u201e\u00c9n azt mondom, hogy nincs gond, k\u00f6sz\u00f6n\u00f6m sz\u00e9pen, azzal a k\u00e9t h\u00f3nappal b\u0151ven j\u00f3l vagyok [\u2026] teh\u00e1t ilyen attit\u0171ddel vezettem egy nemzetk\u00f6zi multit 20 \u00e9vig.\u201d<\/p><\/blockquote>\n\n\n\n<p>A Weberrel sz\u00e9p eredm\u00e9nyeket \u00e9rtek el. Ekkoriban a c\u00e9gcsoporthoz tartozott m\u00e1r a Rigips \u00e9s az Isover is. Attila egy prezent\u00e1ci\u00f3ra tartott, el\u0151tte pedig a Rigips \u00fcgyvezet\u0151je volt bent az irod\u00e1ban. Az \u00fcgyvezet\u0151 azonban 10 perc m\u00falva kij\u00f6tt \u00e9s odabent a region\u00e1lis vezet\u0151, a region\u00e1lis HR igazgat\u00f3 \u00e9s a magyarorsz\u00e1gi HR igazgat\u00f3 fogadta Attil\u00e1t, a m\u00e1r j\u00f3l ismert mondattal: \u201eAttila, baj van.\u201d Teh\u00e1t, ez nem egy sima biznisz meeting lesz.<\/p>\n\n\n\n<p>Az id\u0151szak az a bizonyos sv\u00e1jci frankos hiteles, neh\u00e9zs\u00e9gekkel teli n\u00e9h\u00e1ny \u00e9v, amikor a s\u00e1rga csekkek csak \u00fagy z\u00e1poroztak az emberre \u00e9s, amire a legkev\u00e9sb\u00e9 sz\u00e1m\u00edtott, az \u00fajra a mondat v\u00e9ge volt: \u201e\u00dagy d\u00f6nt\u00f6tt\u00fcnk, hogy te leszel m\u00e1t\u00f3l a Rigips \u00fcgyvezet\u0151 igazgat\u00f3ja.\u201d V\u00e9g\u00fcl egy k\u00e1v\u00e9nyi gondolkod\u00e1si id\u0151 sem kellett hozz\u00e1, hogy igent mondjon \u00e9s kisv\u00e1rtatva hozz\u00e1 csatolt\u00e1k az Isvoert is.<\/p>\n\n\n\n<figure class=\"wp-block-image size-large\"><img loading=\"lazy\" decoding=\"async\" width=\"1024\" height=\"768\" src=\"https:\/\/bizalmikor.hu\/blog\/wp-content\/uploads\/2023\/05\/Image_20230509_094632_737-1024x768.jpeg\" alt=\"\" class=\"wp-image-6737\" srcset=\"https:\/\/bizalmikor.hu\/blog\/wp-content\/uploads\/2023\/05\/Image_20230509_094632_737-1024x768.jpeg 1024w, https:\/\/bizalmikor.hu\/blog\/wp-content\/uploads\/2023\/05\/Image_20230509_094632_737-300x225.jpeg 300w, https:\/\/bizalmikor.hu\/blog\/wp-content\/uploads\/2023\/05\/Image_20230509_094632_737-768x576.jpeg 768w, https:\/\/bizalmikor.hu\/blog\/wp-content\/uploads\/2023\/05\/Image_20230509_094632_737-1536x1152.jpeg 1536w, https:\/\/bizalmikor.hu\/blog\/wp-content\/uploads\/2023\/05\/Image_20230509_094632_737-2048x1536.jpeg 2048w\" sizes=\"(max-width: 1024px) 100vw, 1024px\" \/><figcaption>Piros Attila a 2023. m\u00e1jusi Kossuth Vezet\u0151i Klub esem\u00e9ny\u00e9n<\/figcaption><\/figure>\n\n\n\n<h2 class=\"wp-block-heading\">\u201eR\u00e1j\u00f6ttem, hogy val\u00f3j\u00e1ban \u00e9n sose&#8217; voltam multi vezet\u0151\u201d<\/h2>\n\n\n\n<p>N\u00e9h\u00e1ny \u00e9vvel k\u00e9s\u0151bb lehet\u0151s\u00e9ge ny\u00edlt egy saj\u00e1t pilot projektet \u00f6sszerakni, ami v\u00e9g\u00fcl nem val\u00f3sult meg. Az akkori f\u0151n\u00f6ke megk\u00e9rdezte, mit csin\u00e1lna sz\u00edvesen Magyarorsz\u00e1gon, Attila pedig el\u0151\u00e1llt az \u00f6tlettel, hogy a nagyv\u00e1llalatok \u00fcgyvezet\u0151i poz\u00edci\u00f3it \u00f6ssze lehetne vonni. Szabad kezet kapott az \u00f6tlet kidolgoz\u00e1s\u00e1ra, kifejlesztett egy szervezeti m\u0171k\u00f6d\u00e9si tervet, rendszert \u00e9s mindez eljutott a francia k\u00f6zpontba, Attila lelkes felettes\u00e9nek h\u00e1la. Ott azonban elkasz\u00e1lt\u00e1k a projektet, az att\u00f3l val\u00f3 f\u00e9lelemben, hogyha ez kicsiben m\u0171k\u00f6dik, akkor nagyban is m\u0171k\u00f6dhetne.<\/p>\n\n\n\n<blockquote class=\"wp-block-quote is-layout-flow wp-block-quote-is-layout-flow\"><p>\u201eTelt m\u00falt az id\u0151, 3 \u00e9v m\u00falva volt egy nagy projektje a Saint-Gobainnek, ami egy teljes meg\u00fajul\u00e1sr\u00f3l sz\u00f3lt \u00e9s akkor megk\u00e9rtek &#8211; ez volt 4 \u00e9s f\u00e9l \u00e9vvel ezel\u0151tt -, hogy v\u00e1llaljam el a magyarorsz\u00e1gi v\u00e1llalatoknak a vezet\u00e9s\u00e9t, akkor volt a h\u00e1rom c\u00e9g egy\u00fctt 26 milli\u00e1rdos.\u201d<\/p><\/blockquote>\n\n\n\n<p>\u201eEgy biztos \u2013 mondja Attila \u2013 \u00e9s azt l\u00e1tnotok kell, hogy sosem voltam tipikus multi vezet\u0151. Teh\u00e1t igaz\u00e1b\u00f3l most arr\u00f3l kellene besz\u00e9lnem, hogyan tudsz 20 \u00e9vig \u00fagy megmaradni a multin\u00e1l, hogy te nem olyan vezet\u0151, amit r\u00f3luk gondolunk.. Sz\u00e1momra egyetlen egy fontos dolog volt, hogy minden\u00e9rt \u00e9n vagyok a felel\u0151s. Nem tudom a te saj\u00e1t v\u00e1llalkoz\u00e1sodban te hogy vagy minden nap, de alapvet\u0151en te vagy a felel\u0151s, mint vezet\u0151 minden\u00e9rt, ami ott t\u00f6rt\u00e9nik.\u201d<\/p>\n\n\n\n<p>Hogy honnan sz\u00e1rmazik ez a hitvall\u00e1sa? Katonak\u00e9nt tanulta meg. Ahogyan azt is, hogy kell egy j\u00f3 csapat. Azt mondja, ez sem tipikus multi-szeml\u00e9let. Ahogyan az sem felt\u00e9tlen\u00fcl n\u00e9pszer\u0171 elk\u00e9pzel\u00e9s, hogy szerinte a magyar munkav\u00e1llal\u00f3knak igenis kell egy olyan vezet\u0151, aki ki mer \u00e1llni, akinek vannak \u00e1lmai, vannak elk\u00e9pzel\u00e9sei, aki l\u00e1tja, hogy a c\u00e9ge hova szeretne eljutni.<\/p>\n\n\n\n<h2 class=\"wp-block-heading\">\u201eHa j\u00f3k a sz\u00e1maid, a multin\u00e1l mindent megbocs\u00e1tanak neked\u201d<\/h2>\n\n\n\n<p>\u201eA multin\u00e1l \u00fagy van \u2013 folytatja -, hogy amikor azt mondod, meg tudod csin\u00e1lni a 100 egys\u00e9get, akkor a f\u0151n\u00f6k\u00f6d azt mondja, legyen 110.\u201d Ha ezt a vezet\u0151 \u00fagy tudja kommunik\u00e1lni a csapat\u00e1nak, hogy azok biztons\u00e1gban \u00e9rezz\u00e9k magukat vele, akkor siker\u00fcl az a 110. Attil\u00e1\u00e9knak 115, 120 is \u00f6sszej\u00f6tt. Ez a fajta attit\u0171d volt az, ami folyamatosan hozta az elismer\u00e9seket, mert a sz\u00e1mok nem hazudtak. Egy vezet\u0151n\u00e9l, aki nem tartotta mag\u00e1t igaz\u00e1b\u00f3l multis vezet\u0151nek.<\/p>\n\n\n\n<blockquote class=\"wp-block-quote is-layout-flow wp-block-quote-is-layout-flow\"><p>\u201eHa f\u00e9lreteszed azokat a szab\u00e1lyokat, amelyek a multiban m\u0171k\u00f6dnek \u00e9s megpr\u00f3b\u00e1lod kital\u00e1lni azt, hogyan lehetsz sikeres ott, ahol vagy \u00e9s mindenhez egyetlen egy dolog sz\u00e1m\u00edt igaz\u00e1n: hogy mik a sz\u00e1maid, akkor, ha j\u00f3k a sz\u00e1maid, a multin\u00e1l mindent megbocs\u00e1tanak neked, m\u00e9g azt is ha saj\u00e1t szab\u00e1lyokat \u00edrsz.\u201d<\/p><\/blockquote>\n\n\n\n<p>\u00cdgy t\u00f6rt\u00e9nhetett, hogy l\u00e9nyeg\u00e9ben b\u00e1rmit elfogadtak Attil\u00e1nak, m\u00e9g akkor is, ha az szembement a szok\u00e1sos elj\u00e1r\u00e1sokkal, m\u0171k\u00f6d\u00e9sm\u00f3ddal. A csapat, amit siker\u00fclt fel\u00e9p\u00edteni egy\u00fcttm\u0171k\u00f6d\u00f6tt \u00e9s \u201e\u00e9rezte a feelinget\u201d. <\/p>\n\n\n\n<p>Amit pedig k\u00fcl\u00f6n\u00f6sen fontos elemk\u00e9nt emel ki Attila, az a k\u00f6vetkez\u0151: \u201eCsak \u00e9s kiz\u00e1r\u00f3lag olyan embereket tettem meg vezet\u0151i poz\u00edci\u00f3ba, akiben megb\u00edztam. Minden koll\u00e9g\u00e1m, aki ma magyarorsz\u00e1gi v\u00e1llalatoknak valamilyen vezet\u0151i poz\u00edci\u00f3j\u00e1ban \u00fcl, legyen \u00e9rt\u00e9kes\u00edt\u00e9si igazgat\u00f3, marketing igazgat\u00f3,&nbsp;gy\u00e1rt\u00e1s\u00e9rt felel\u0151s igazgat\u00f3 stb. az valamilyen alacsonyabb poz\u00edci\u00f3ban kezdett. N\u00e1lam ma az a gy\u00e1rt\u00e1s\u00e9rt felel\u0151s igazgat\u00f3 aki mint logisztikus, a fuvarokat szervezte anno.\u201d<\/p>\n\n\n\n<p>A felel\u0151s vezet\u0151i olyan koll\u00e9g\u00e1k, akik kor\u00e1bban \u201cmezei sales-esek\u201d voltak, a marketing igazgat\u00f3 asszisztensk\u00e9nt kezdte \u00e9s j\u00e1rta v\u00e9gig a rangl\u00e9tr\u00e1t, a p\u00e9nz\u00fcgyi vezet\u0151 k\u00f6nyvel\u0151i poz\u00edci\u00f3b\u00f3l jutott el oda, ahol ma tart. <\/p>\n\n\n\n<blockquote class=\"wp-block-quote is-layout-flow wp-block-quote-is-layout-flow\"><p>\u201eMegtanultam, hogy a&nbsp; karrier ut\u00e1n lehet megszerezni azt a tud\u00e1st, amit a legalacsonyabb szintekr\u0151l haladva teszel magad\u00e9v\u00e1 fokozatosan. \u00c9s, amit \u00edgy tanulsz meg, az elvehetetlen t\u0151led.\u201d <\/p><\/blockquote>\n\n\n\n<p>Attila \u00fagy gondolja \u2013 \u00e9s a tapasztalatok \u0151t igazolj\u00e1k -, hogy \u00edgy lehet olyan vezet\u0151ket kinevelni, akik igaz\u00e1n tudj\u00e1k, mi az, amire sz\u00fcks\u00e9g van adott ter\u00fcleteken.<\/p>\n\n\n\n<h2 class=\"wp-block-heading\">\u201e\u00c9p\u00edtsd fel \u00fagy a c\u00e9gedet, hogy b\u00e1rmikor, ki tudj j\u00f6nni bel\u0151le \u00e9s foglalkozz azzal, amit szeretsz\u201d<\/h2>\n\n\n\n<p>Az \u00fczleti k\u00f6r\u00f6kben, amikben \u00e9lete sor\u00e1n mozgott, megtanulta, egy c\u00e9get \u00fagy \u00e9rdemes fel\u00e9p\u00edteni, hogy a vezet\u0151 b\u00e1rmikor kisz\u00e1llhasson \u00e9s a c\u00e9g n\u00e9lk\u00fcle is k\u00e9pes legyen m\u0171k\u00f6dni. Mi ennek a kulcsa? Hogy ne a vezet\u0151n\u00e9l \u00f6sszpontosuljanak az effekt\u00edv operat\u00edv feladatok. A vezet\u0151 foglalkozzon azzal, amivel igaz\u00e1n szeret \u00e9s deleg\u00e1lja a feladatokat. \u00cdgy Attila c\u00e9lja is az volt, hogy az \u00e1ltala vitt magyarorsz\u00e1gi v\u00e1llalatok termeljenek \u00e9s n\u00e9lk\u00fcle is k\u00e9pesek legyenek a zavartalan m\u0171k\u00f6d\u00e9sre. Ehhez volt sz\u00fcks\u00e9ges az el\u0151bb m\u00e1r eml\u00edtett csapat, akik tudt\u00e1k a felel\u0151ss\u00e9g\u00fcket \u00e9s v\u00e1llalt\u00e1k is azt. Akikre minden k\u00f6r\u00fclm\u00e9nyek k\u00f6zt lehetett sz\u00e1m\u00edtani.<\/p>\n\n\n\n<blockquote class=\"wp-block-quote is-layout-flow wp-block-quote-is-layout-flow\"><p>\u201eVolt olyan id\u0151szak, amikor elmentem nyaralni \u00e9s ki tudtam kapcsolni a telefonomat. El\u0151fordult, hogy ilyenkor az\u00e9rt rosszul esett, hogy n\u00e9lk\u00fclem is megy minden. Hogy akkor hozz\u00e1k a legjobb eredm\u00e9nyeket, mikor nem vagyok ott. Teh\u00e1t hagyd ott nyugodtan a csapatodat, mert akkor j\u00f6nnek a csod\u00e1latos sz\u00e1mok. N\u00e9ha ugyanis hajlamosak vagyunk beleokoskodni abba a rendszerbe, amit mi magunk hoztunk l\u00e9tre.\u201d<\/p><\/blockquote>\n\n\n\n<p>A karrierje cs\u00facsa \u2013 mostani visszatekint\u00e9se szerint \u2013 az volt, amikor a Revcot siker\u00fclt felv\u00e1s\u00e1rolni. Divatos kifejez\u00e9ssel \u00e9lve, akkora bev\u00e9telt csin\u00e1ltak ezzel, \u201eami m\u00e9g a Holdr\u00f3l is l\u00e1tszik\u201d. \u00c9s ekkor t\u00f6rt\u00e9nt meg, hogy: \u201eAl\u00e1\u00edrtam az ad\u00e1sv\u00e9teli szerz\u0151d\u00e9st, hazamentem, le\u00fcltem \u00e9s r\u00e1 kellett j\u00f6nn\u00f6m, hogy minden tervem \u00e9s minden \u00e1lmom, amit elk\u00e9pzeltem, megval\u00f3sult.\u201d<\/p>\n\n\n\n<p>Attila ugyanis erre az id\u0151szakra 35 milli\u00e1rd k\u00f6r\u00fcli \u00e1rbev\u00e9tellel tervezett \u00e9s az el\u00e9rt 42+4 milli\u00e1rd mindent fel\u00fclm\u00falt. Nem voltak tov\u00e1bbi \u00e1lmai. M\u00e1snap felh\u00edvta a region\u00e1lis igazgat\u00f3t \u00e9s azt mondta, 20 \u00e9v ut\u00e1n szeretne elmenni a c\u00e9gt\u0151l, mert \u00fagy \u00e9rzi, m\u00e1r nincs mi\u00e9rt felkelnie reggelente. El\u00e9rte azt a szintet, ahol a meetingeken m\u00e1r csak rajzolgatott, hogy egy\u00e1ltal\u00e1n k\u00e9pes legyen jelen lenni. A csapat tudta a dolg\u00e1t, \u0151 pedig sz\u00f3 szerint mindent \u00e9s m\u00e9g ann\u00e1l is t\u00f6bbet \u00e9rt el.<\/p>\n\n\n\n<h2 class=\"wp-block-heading\">\u201eEljutottam od\u00e1ig, hogy m\u00e1r nem volt bennem egzisztenci\u00e1lis f\u00e9lelem\u201d<\/h2>\n\n\n\n<p>50 \u00e9ves kora ut\u00e1n \u00e9rkezett el arra a pontra az \u00e9let\u00e9ben, ahol elkezdett m\u00e1s megk\u00f6zel\u00edt\u00e9sb\u0151l foglalkozni mag\u00e1val. Azt mondja, tal\u00e1lt egy j\u00f3 mentort \u00e9s az \u0151 seg\u00edts\u00e9g\u00e9vel sz\u00e1mos hi\u00e1nyoss\u00e1g\u00e1t siker\u00fclt meg\u00e9rtenie. Az egyik legfontosabb ezek k\u00f6z\u00fcl? Kimondani, felismerni, hogy: \u201e\u00e9n egy ilyen minden\u00e1ron bizony\u00edtani akar\u00f3 sr\u00e1c vagyok\u201d. <\/p>\n\n\n\n<p>53 \u00e9vesen eljutni addig, hogy felismerj\u00fck, m\u00e9g mindig az \u00e9desany\u00e1nkkal vannak megoldatlan probl\u00e9m\u00e1ink, konfliktusaink megr\u00e1z\u00f3 \u00e9lm\u00e9ny is lehet. De mindenk\u00e9pp komoly l\u00e9p\u00e9s ezt felv\u00e1llalni olyan poz\u00edci\u00f3b\u00f3l, olyan \u00e9let\u00fattal, amilyet Piros Attila a mag\u00e1\u00e9nak mondhat. Ez az a t\u00edpus\u00fa felel\u0151ss\u00e9gv\u00e1llal\u00e1s, ami szint\u00e9n a j\u00f3 vezet\u0151 ism\u00e9rve. B\u00e1rmennyire is sz\u00f3lt ez az el\u0151ad\u00e1s arr\u00f3l, hogy \u0151 maga nem tartja mag\u00e1t tipikus multi vezet\u0151nek.<\/p>\n\n\n\n<p>\u201e\u00c9n mindig azt tanultam t\u0151le, hogy ragaszkodj foggal-k\u00f6r\u00f6mmel a munk\u00e1dhoz, hogy el kell tartani a csal\u00e1dot, mert mi lesz akkor, hogyha gyerekeid vannak, a gyereknek majd h\u00e1zat kell venni, iskol\u00e1ztatni kell \u00e9s a legfontosabb, hogy: mit fognak sz\u00f3lni a szomsz\u00e9dok?\u201d<\/p>\n\n\n\n<blockquote class=\"wp-block-quote is-layout-flow wp-block-quote-is-layout-flow\"><p>\u201eEz egy nagyon komoly utaz\u00e1s volt, rengeteg felismer\u00e9ssel, nagyon sok megr\u00e1z\u00f3 felismer\u00e9sel. Mindezt 53 \u00e9vesen. Eljutottam od\u00e1ig a tavalyi \u00e9v augusztus\u00e1ra, hogy ezt a dolgot siker\u00fclt letennem. \u00c9s r\u00e1j\u00f6ttem, mi a fontos sz\u00e1momra. 53 \u00e9ves koromban kellett eljutni oda, hogy \u00e9n vagyok a fontos saj\u00e1t magam sz\u00e1m\u00e1ra \u00e9s ha \u00e9n j\u00f3l vagyok, akkor a k\u00f6r\u00fcl\u00f6ttem l\u00e9v\u0151 dolgok is nagyon j\u00f3k. \u00cdgy tudtam f\u00f6l\u00e1llni.\u201d<\/p><\/blockquote>\n\n\n\n<p>Ezeken a l\u00e9p\u00e9seken kereszt\u00fcl siker\u00fclt eljutnia addig, hogy a Revco felv\u00e1s\u00e1rl\u00e1sa ut\u00e1n k\u00e9szen \u00e1lljon a kisz\u00e1ll\u00e1sra. Ahogy mondja: \u201eEljutottam od\u00e1ig, hogy m\u00e1r nem volt bennem egzisztenci\u00e1lis f\u00e9lelem. Nem f\u00e9ltem att\u00f3l, hogy mi van, hogyha nem j\u00f6n a vastag bor\u00edt\u00e9k minden egyes h\u00f3nap v\u00e9g\u00e9n.\u201d<\/p>\n\n\n\n<p>Az a pillanat, amikor egy ember felismeri, hogy mi az \u0151 hozz\u00e1adott \u00e9rt\u00e9ke a saj\u00e1t v\u00e1llakoz\u00e1s\u00e1ban, hogy ki az, aki a legfontosabb a saj\u00e1t \u00e9let\u00e9ben, sorsford\u00edt\u00f3 pillanat. Ahogy mostanra l\u00e1tjuk, Attila \u00e9let\u00e9ben sem volt ez m\u00e1sk\u00e9nt. Onnant\u00f3l m\u00e1r \u2013 saj\u00e1t elmond\u00e1sa szerint \u2013 k\u00f6nny\u0171 volt meghozni a d\u00f6nt\u00e9st, m\u00e1r nem f\u00e9lt.&nbsp; El is kezdt\u00e9k megtal\u00e1lni azonnal \u00faj lehet\u0151s\u00e9gekkel. De innent\u0151l kezdve pontosan tudta, hogy multiba nem akar visszamenni.<\/p>\n\n\n\n<p>A legkedvesebb t\u00e9m\u00e1i a k\u00f6rnyezetv\u00e9delem \u00e9s a fenntarthat\u00f3s\u00e1g, s \u00e9pp most indul egy stratup \u00e9s egy kis \u00fczleti akad\u00e9mia is, ahol fiataloknak \u00e9s profi vezet\u0151knek is akar seg\u00edteni. Ahol \u00e1tadhatja azt a 32 \u00e9vnyi tapasztalatot, probl\u00e9makezel\u00e9si strat\u00e9gi\u00e1t, amit \u0151 m\u00e1r megdolgozott. Olyan embereknek akar seg\u00edteni, akiknek vannak \u00e1lmaik \u00e9s szeretn\u00e9nek eljutni valahov\u00e1, mik\u00f6zben ki\u00e9p\u00edtik a v\u00e1llalkoz\u00e1saikat.<\/p>\n\n\n\n<h2 class=\"wp-block-heading\">\u201e\u2026igen, magad miatt hozol egy d\u00f6nt\u00e9st\u201d<\/h2>\n\n\n\n<p>Az el\u0151ad\u00e1s \u00f6sszegz\u00e9sek\u00e9nt pedig visszakanyarodunk a k\u00e9rd\u00e9shez, hogy 20 \u00e9v ut\u00e1n mi\u00e9rt \u00e1ll f\u00f6l valaki egy multi vezet\u0151i poz\u00edci\u00f3j\u00e1b\u00f3l? Sokan sokf\u00e9lek\u00e9pp v\u00e9lekednek m\u00e1r most is Attila d\u00f6nt\u00e9s\u00e9r\u0151l. Kezdve azzal, hogy a t\u00f6rt\u00e9nelem legjobb csomagj\u00e1val z\u00e1rt egy karrierszakaszt, eg\u00e9szen od\u00e1ig, hogy zseni\u00e1lisan \u00e9s id\u0151ben hagyta el az \u00e9p\u00edt\u0151ipar \u201es\u00fcllyed\u0151 haj\u00f3j\u00e1t\u201d. Mindez azonban m\u00e1r nem kell, hogy \u00e9rdekelje azt az embert, aki k\u00e9pes csak \u00e9s kiz\u00e1r\u00f3lag saj\u00e1t maga miatt meghozni egy ekkora d\u00f6nt\u00e9st.<\/p>\n\n\n\n<blockquote class=\"wp-block-quote is-layout-flow wp-block-quote-is-layout-flow\"><p>\u201eIgaz\u00e1b\u00f3l, amit szeretn\u00e9k, hogy ebb\u0151l az eg\u00e9szb\u0151l kihalljatok, hogy \u00e9n ugyan\u00fagy vezettem a multinacion\u00e1lis c\u00e9gek magyarorsz\u00e1gi le\u00e1nyv\u00e1llalatait, mint ahogy ti vezetitek a saj\u00e1t c\u00e9geiket, mert ami itt a kulcs, az a j\u00f3zan gondolkoz\u00e1s. Persze vannak szab\u00e1lyaink, vannak rendszereink, de higgy\u00e9tek el ezek n\u00e9ha csak a folyamatokat lass\u00edtj\u00e1k. <\/p><\/blockquote>\n\n\n\n<p>Val\u00f3sz\u00edn\u0171leg ez\u00e9rt voltam kakukktoj\u00e1s, ez\u00e9rt volt furcsa, hogy ezzel a mentalit\u00e1ssal 20 \u00e9vig sikeres voltam a multin\u00e1l. De egy biztos, hogy ez egy m\u0171k\u00f6d\u0151 modell, amivel igenis komoly sikereket lehet el\u00e9rni. Tan\u00fas\u00edthatom, mert \u00e9n \u00edgy \u00e9rtem el sikereket a saj\u00e1t c\u00e9geimen bel\u00fcl.\u201d<\/p>\n\n\n\n<hr class=\"wp-block-separator has-text-color has-background is-style-wide\" style=\"background-color:#14496b;color:#14496b\"\/>\n\n\n\n<h1 class=\"has-text-align-center has-white-color has-text-color has-background wp-block-heading\" style=\"background-color:#bd9756\"><strong>Vezet\u0151i tapasztalatmegoszt\u00e1s, \u00e9rt\u00e9kes kapcsolatok, dinamikusabb fejl\u0151d\u00e9s. Ez v\u00e1r r\u00e1d a Bizalmi K\u00f6rben!<\/strong><\/h1>\n\n\n\n<div class=\"wp-block-button aligncenter\"><a class=\"wp-block-button__link has-background\" href=\"https:\/\/bizalmikor.hu\/kapcsolat\/\" style=\"background-color:#14496b\" target=\"_blank\" rel=\"noreferrer noopener\"><strong>\u00c9rdekel a Bizalmi K\u00f6r klubtags\u00e1g<\/strong><\/a><\/div>\n\n\n\n<hr class=\"wp-block-separator has-text-color has-background is-style-wide\" style=\"background-color:#14496b;color:#14496b\"\/>\n","protected":false},"excerpt":{"rendered":"<p>Piros Attila 20 \u00e9v ut\u00e1n \u00e1llt fel a multi vezet\u0151i sz\u00e9k\u00e9b\u0151l. A Saint-Gobain ut\u00e1n \u00faj utakon folytatja &#8211; hogy hogyan jutott erre a d\u00f6nt\u00e9sre \u00e9s milyen vezet\u0151i utat j\u00e1rt be, a Kossuth Klub m\u00e1jusi esem\u00e9ny\u00e9n mes\u00e9lte el.<\/p>\n","protected":false},"author":4,"featured_media":6736,"comment_status":"closed","ping_status":"open","sticky":false,"template":"","format":"standard","meta":{"footnotes":""},"categories":[16],"tags":[13,52,51],"yoast_head":"<!-- This site is optimized with the Yoast SEO plugin v15.4 - https:\/\/yoast.com\/wordpress\/plugins\/seo\/ -->\n<title>\u201eM\u00e1r nem f\u00e9ltem att\u00f3l, hogy mi van, ha nem j\u00f6n a vastag bor\u00edt\u00e9k minden egyes h\u00f3nap v\u00e9g\u00e9n\u201d<\/title>\n<meta name=\"robots\" content=\"index, follow, max-snippet:-1, max-image-preview:large, max-video-preview:-1\" \/>\n<link rel=\"canonical\" href=\"https:\/\/bizalmikor.hu\/blog\/2023\/05\/15\/mar-nem-feltem-attol-hogy-mi-van-ha-nem-jon-a-vastag-boritek-minden-egyes-honap-vegen\/\" \/>\n<meta property=\"og:locale\" content=\"hu_HU\" \/>\n<meta property=\"og:type\" content=\"article\" \/>\n<meta property=\"og:title\" content=\"\u201eM\u00e1r nem f\u00e9ltem att\u00f3l, hogy mi van, ha nem j\u00f6n a vastag bor\u00edt\u00e9k minden egyes h\u00f3nap v\u00e9g\u00e9n\u201d\" \/>\n<meta property=\"og:description\" content=\"Piros Attila 20 \u00e9v ut\u00e1n \u00e1llt fel a multi vezet\u0151i sz\u00e9k\u00e9b\u0151l. A Saint-Gobain ut\u00e1n \u00faj utakon folytatja - hogy hogyan jutott erre a d\u00f6nt\u00e9sre \u00e9s milyen vezet\u0151i utat j\u00e1rt be, a Kossuth Klub m\u00e1jusi esem\u00e9ny\u00e9n mes\u00e9lte el.\" \/>\n<meta property=\"og:url\" content=\"https:\/\/bizalmikor.hu\/blog\/2023\/05\/15\/mar-nem-feltem-attol-hogy-mi-van-ha-nem-jon-a-vastag-boritek-minden-egyes-honap-vegen\/\" \/>\n<meta property=\"og:site_name\" content=\"Bizalmi K\u00f6r blog\" \/>\n<meta property=\"article:publisher\" content=\"https:\/\/www.facebook.com\/bizalmikor\" \/>\n<meta property=\"article:published_time\" content=\"2023-05-15T11:54:20+00:00\" \/>\n<meta property=\"article:modified_time\" content=\"2023-05-15T13:26:08+00:00\" \/>\n<meta property=\"og:image\" content=\"https:\/\/bizalmikor.hu\/blog\/wp-content\/uploads\/2023\/05\/Image_20230509_100508_825-1-1-scaled.jpg\" \/>\n\t<meta property=\"og:image:width\" content=\"2560\" \/>\n\t<meta property=\"og:image:height\" content=\"1920\" \/>\n<meta name=\"twitter:card\" content=\"summary_large_image\" \/>\n<meta name=\"twitter:label1\" content=\"Szerz\u0151:\">\n\t<meta name=\"twitter:data1\" content=\"Kov\u00e1cs Betti\">\n\t<meta name=\"twitter:label2\" content=\"Becs\u00fclt olvas\u00e1si id\u0151\">\n\t<meta name=\"twitter:data2\" content=\"14 perc\">\n<script type=\"application\/ld+json\" class=\"yoast-schema-graph\">{\"@context\":\"https:\/\/schema.org\",\"@graph\":[{\"@type\":\"Organization\",\"@id\":\"https:\/\/bizalmikor.hu\/blog\/#organization\",\"name\":\"Bizalmi K\\u00f6r Kft.\",\"url\":\"https:\/\/bizalmikor.hu\/blog\/\",\"sameAs\":[\"https:\/\/www.facebook.com\/bizalmikor\",\"https:\/\/www.instagram.com\/bizalmikor\/\",\"https:\/\/www.linkedin.com\/company\/19165894\",\"https:\/\/www.youtube.com\/channel\/UC7fAD3QCIWeSexU5t6F3YOw?view_as=subscriber\"],\"logo\":{\"@type\":\"ImageObject\",\"@id\":\"https:\/\/bizalmikor.hu\/blog\/#logo\",\"inLanguage\":\"hu\",\"url\":\"https:\/\/bizalmikor.hu\/blog\/wp-content\/uploads\/2019\/02\/Group-2.png\",\"width\":4033,\"height\":1192,\"caption\":\"Bizalmi K\\u00f6r Kft.\"},\"image\":{\"@id\":\"https:\/\/bizalmikor.hu\/blog\/#logo\"}},{\"@type\":\"WebSite\",\"@id\":\"https:\/\/bizalmikor.hu\/blog\/#website\",\"url\":\"https:\/\/bizalmikor.hu\/blog\/\",\"name\":\"Bizalmi K\\u00f6r blog\",\"description\":\"Egynek minden neh\\u00e9z, soknak semmi sem lehetetlen.\",\"publisher\":{\"@id\":\"https:\/\/bizalmikor.hu\/blog\/#organization\"},\"potentialAction\":[{\"@type\":\"SearchAction\",\"target\":\"https:\/\/bizalmikor.hu\/blog\/?s={search_term_string}\",\"query-input\":\"required name=search_term_string\"}],\"inLanguage\":\"hu\"},{\"@type\":\"ImageObject\",\"@id\":\"https:\/\/bizalmikor.hu\/blog\/2023\/05\/15\/mar-nem-feltem-attol-hogy-mi-van-ha-nem-jon-a-vastag-boritek-minden-egyes-honap-vegen\/#primaryimage\",\"inLanguage\":\"hu\",\"url\":\"https:\/\/bizalmikor.hu\/blog\/wp-content\/uploads\/2023\/05\/Image_20230509_100508_825-1-1-scaled.jpg\",\"width\":2560,\"height\":1920},{\"@type\":\"WebPage\",\"@id\":\"https:\/\/bizalmikor.hu\/blog\/2023\/05\/15\/mar-nem-feltem-attol-hogy-mi-van-ha-nem-jon-a-vastag-boritek-minden-egyes-honap-vegen\/#webpage\",\"url\":\"https:\/\/bizalmikor.hu\/blog\/2023\/05\/15\/mar-nem-feltem-attol-hogy-mi-van-ha-nem-jon-a-vastag-boritek-minden-egyes-honap-vegen\/\",\"name\":\"\\u201eM\\u00e1r nem f\\u00e9ltem att\\u00f3l, hogy mi van, ha nem j\\u00f6n a vastag bor\\u00edt\\u00e9k minden egyes h\\u00f3nap v\\u00e9g\\u00e9n\\u201d\",\"isPartOf\":{\"@id\":\"https:\/\/bizalmikor.hu\/blog\/#website\"},\"primaryImageOfPage\":{\"@id\":\"https:\/\/bizalmikor.hu\/blog\/2023\/05\/15\/mar-nem-feltem-attol-hogy-mi-van-ha-nem-jon-a-vastag-boritek-minden-egyes-honap-vegen\/#primaryimage\"},\"datePublished\":\"2023-05-15T11:54:20+00:00\",\"dateModified\":\"2023-05-15T13:26:08+00:00\",\"inLanguage\":\"hu\",\"potentialAction\":[{\"@type\":\"ReadAction\",\"target\":[\"https:\/\/bizalmikor.hu\/blog\/2023\/05\/15\/mar-nem-feltem-attol-hogy-mi-van-ha-nem-jon-a-vastag-boritek-minden-egyes-honap-vegen\/\"]}]},{\"@type\":\"Article\",\"@id\":\"https:\/\/bizalmikor.hu\/blog\/2023\/05\/15\/mar-nem-feltem-attol-hogy-mi-van-ha-nem-jon-a-vastag-boritek-minden-egyes-honap-vegen\/#article\",\"isPartOf\":{\"@id\":\"https:\/\/bizalmikor.hu\/blog\/2023\/05\/15\/mar-nem-feltem-attol-hogy-mi-van-ha-nem-jon-a-vastag-boritek-minden-egyes-honap-vegen\/#webpage\"},\"author\":{\"@id\":\"https:\/\/bizalmikor.hu\/blog\/#\/schema\/person\/00e7299231a853d1516a79accc72c9e5\"},\"headline\":\"\\u201eM\\u00e1r nem f\\u00e9ltem att\\u00f3l, hogy mi van, ha nem j\\u00f6n a vastag bor\\u00edt\\u00e9k minden egyes h\\u00f3nap v\\u00e9g\\u00e9n\\u201d\",\"datePublished\":\"2023-05-15T11:54:20+00:00\",\"dateModified\":\"2023-05-15T13:26:08+00:00\",\"mainEntityOfPage\":{\"@id\":\"https:\/\/bizalmikor.hu\/blog\/2023\/05\/15\/mar-nem-feltem-attol-hogy-mi-van-ha-nem-jon-a-vastag-boritek-minden-egyes-honap-vegen\/#webpage\"},\"publisher\":{\"@id\":\"https:\/\/bizalmikor.hu\/blog\/#organization\"},\"image\":{\"@id\":\"https:\/\/bizalmikor.hu\/blog\/2023\/05\/15\/mar-nem-feltem-attol-hogy-mi-van-ha-nem-jon-a-vastag-boritek-minden-egyes-honap-vegen\/#primaryimage\"},\"keywords\":\"c\\u00e9gvezet\\u00e9s,tapasztalatmegoszt\\u00e1s,vezet\\u0151i tapasztalat\",\"articleSection\":\"V\\u00e1llalkoz\\u00e1s\",\"inLanguage\":\"hu\"},{\"@type\":\"Person\",\"@id\":\"https:\/\/bizalmikor.hu\/blog\/#\/schema\/person\/00e7299231a853d1516a79accc72c9e5\",\"name\":\"Kov\\u00e1cs Betti\",\"image\":{\"@type\":\"ImageObject\",\"@id\":\"https:\/\/bizalmikor.hu\/blog\/#personlogo\",\"inLanguage\":\"hu\",\"url\":\"https:\/\/secure.gravatar.com\/avatar\/fd71c9c38ea56f339b6854f07e38a15d?s=96&d=mm&r=g\",\"caption\":\"Kov\\u00e1cs Betti\"}}]}<\/script>\n<!-- \/ Yoast SEO plugin. -->","_links":{"self":[{"href":"https:\/\/bizalmikor.hu\/blog\/wp-json\/wp\/v2\/posts\/6616"}],"collection":[{"href":"https:\/\/bizalmikor.hu\/blog\/wp-json\/wp\/v2\/posts"}],"about":[{"href":"https:\/\/bizalmikor.hu\/blog\/wp-json\/wp\/v2\/types\/post"}],"author":[{"embeddable":true,"href":"https:\/\/bizalmikor.hu\/blog\/wp-json\/wp\/v2\/users\/4"}],"replies":[{"embeddable":true,"href":"https:\/\/bizalmikor.hu\/blog\/wp-json\/wp\/v2\/comments?post=6616"}],"version-history":[{"count":17,"href":"https:\/\/bizalmikor.hu\/blog\/wp-json\/wp\/v2\/posts\/6616\/revisions"}],"predecessor-version":[{"id":6739,"href":"https:\/\/bizalmikor.hu\/blog\/wp-json\/wp\/v2\/posts\/6616\/revisions\/6739"}],"wp:featuredmedia":[{"embeddable":true,"href":"https:\/\/bizalmikor.hu\/blog\/wp-json\/wp\/v2\/media\/6736"}],"wp:attachment":[{"href":"https:\/\/bizalmikor.hu\/blog\/wp-json\/wp\/v2\/media?parent=6616"}],"wp:term":[{"taxonomy":"category","embeddable":true,"href":"https:\/\/bizalmikor.hu\/blog\/wp-json\/wp\/v2\/categories?post=6616"},{"taxonomy":"post_tag","embeddable":true,"href":"https:\/\/bizalmikor.hu\/blog\/wp-json\/wp\/v2\/tags?post=6616"}],"curies":[{"name":"wp","href":"https:\/\/api.w.org\/{rel}","templated":true}]}}