{"id":6876,"date":"2023-07-18T12:56:43","date_gmt":"2023-07-18T12:56:43","guid":{"rendered":"https:\/\/bizalmikor.hu\/blog\/?p=6876"},"modified":"2023-07-18T13:41:15","modified_gmt":"2023-07-18T13:41:15","slug":"biotechusa-sikersztori-es-ami-mogotte-van","status":"publish","type":"post","link":"https:\/\/bizalmikor.hu\/blog\/2023\/07\/18\/biotechusa-sikersztori-es-ami-mogotte-van\/","title":{"rendered":"\u201eHa figyelembe vessz\u00fck az embereink ig\u00e9nyeit, motiv\u00e1ci\u00f3it, akkor a sz\u00e1mok val\u00f3j\u00e1ban magukt\u00f3l kezdenek j\u00f6nni.\u201d"},"content":{"rendered":"\n<h5 class=\"wp-block-heading\">Exkluz\u00edv: A BioTechUSA sikersztori \u00e9s ami m\u00f6g\u00f6tte van<\/h5>\n\n\n\n<p><strong>Mi motiv\u00e1lhatja, mozgathatja napi szinten egy olyan c\u00e9g vezet\u0151it, akik k\u00e9pesek kevesebb, mint egy \u00e9vtized alatt megtizenk\u00e9tszerezni nett\u00f3 \u00e1rbev\u00e9tel\u00fcket? Hihetetlen n\u00f6veked\u00e9s, elk\u00e9peszt\u0151 temp\u00f3 \u00e9s hat\u00e9konys\u00e1g. Ezek a cikk\u00fcnk legf\u0151bb h\u00edv\u00f3szavai. L\u00e9vai Bal\u00e1zs nemcsak t\u00e1rstulajdonosa \u00e9s kereskedelmi igazgat\u00f3ja a <\/strong><a href=\"https:\/\/biotechusa.hu\/\"><strong>BioTechUSA<\/strong><\/a><strong>-c\u00e9gcsoportnak, de operat\u00edvan foglalkozik t\u00f6bb, mint 100 orsz\u00e1gra, 4500 partnerre \u00e9s 286 \u00fczletre kiterjed\u0151en a sales tev\u00e9kenys\u00e9g strat\u00e9giai ir\u00e1ny\u00edt\u00e1s\u00e1val is!&nbsp;<\/strong><\/p>\n\n\n\n<p><strong>Vele besz\u00e9lgett\u00fcnk a <a href=\"https:\/\/bizalmikor.hu\/vezetoi-klubok-szegmentalt-klubok\/\">Bizalmi K\u00f6r<\/a> 2023.07.13-\u00e1n megrendezett exkluz\u00edv cs\u00facstal\u00e1lkoz\u00f3j\u00e1n.<\/strong><\/p>\n\n\n\n<p class=\"has-text-align-center\">*<\/p>\n\n\n\n<p><em>A<\/em><a href=\"http:\/\/www.biotechusa.hu\/\"><em> <\/em><\/a><em>magyar tulajdonban l\u00e9v\u0151 BioTechUSA-c\u00e9gcsoport Eur\u00f3pa egyik legnagyobb \u00e9s legdinamikusabban n\u00f6vekv\u0151 \u00e9trend-kieg\u00e9sz\u00edt\u0151, <\/em><a href=\"https:\/\/shop.biotechusa.hu\/pages\/ruhazat\"><em>sportruh\u00e1zat<\/em><\/a><em> \u00e9s speci\u00e1lis \u00e9lelmiszer gy\u00e1rt\u00f3ja \u00e9s forgalmaz\u00f3ja.<\/em><em> <\/em><em>A BioTechUSA-n t\u00fal a c\u00e9gcsoporthoz tov\u00e1bbi n\u00e9gy m\u00e1rka tartozik: az edz\u0151termi edz\u00e9st \u00e9letvitelszer\u0171en \u0171z\u0151ket kiszolg\u00e1l\u00f3<\/em><a href=\"https:\/\/scitec.hu\/\"><em> <\/em><\/a><a href=\"https:\/\/scitec.hu\"><em>Scitec Nutrition<\/em><\/a><em>; a t\u00f6bb, mint 20 \u00e9ves m\u00faltra visszatekint\u0151 \u00e9trendkieg\u00e9sz\u00edt\u0151 web\u00e1ruh\u00e1z, a<\/em><a href=\"https:\/\/shopbuilder.hu\/\"><em> <\/em><\/a><a href=\"https:\/\/shopbuilder.hu\"><em>Builder<\/em><\/a><em>; az egyedi kever\u0151palackokat gy\u00e1rt\u00f3<\/em><a href=\"https:\/\/shaker-store.com\/\"><em> <\/em><\/a><a href=\"https:\/\/shaker-store.com\"><em>ShakerStore<\/em><\/a><em> \u00e9s a multibrand vitamin web\u00e1ruh\u00e1z, a<\/em><a href=\"https:\/\/vitaminshop.hu\/\"><em> <\/em><\/a><a href=\"https:\/\/vitaminshop.hu\"><em>VitaminShop<\/em><\/a><em>. A v\u00e1llalat gy\u00e1rt\u00f3\u00fczemeit \u00e9s logisztikai k\u00f6zpontjait Szad\u00e1n \u00e9s Dunakeszin alak\u00edtotta ki. 2020-ban \u00e1tadott, 3 200 nm-es budapesti sz\u00e9kh\u00e1za elnyerte <\/em><a href=\"https:\/\/azevirodaja.hu\/nevezok\/48513\"><em>Az \u00c9v Irod\u00e1ja verseny f\u0151d\u00edj\u00e1t<\/em><\/a><em>. Aktu\u00e1lis term\u00e9kk\u00edn\u00e1lata t\u00f6bb, mint 2000 term\u00e9kb\u0151l \u00e1ll, \u00edgy t\u00e1mogatva a legk\u00fcl\u00f6nf\u00e9l\u00e9bb v\u00e1s\u00e1rl\u00f3i c\u00e9lokat, legyen sz\u00f3 fogy\u00e1sr\u00f3l, izomt\u00f6meg-n\u00f6vel\u00e9sr\u0151l vagy teljes \u00e9letm\u00f3dv\u00e1lt\u00e1sr\u00f3l. <\/em><a href=\"https:\/\/biotechusa.hu\/felelossegvallalas\"><em>Akt\u00edv adom\u00e1nyoz\u00e1si tev\u00e9kenys\u00e9get folytat<\/em><\/a><em>, az elm\u00falt k\u00e9t \u00e9s f\u00e9l \u00e9v sor\u00e1n t\u00f6bb, mint 300 milli\u00f3 forint \u00f6sszeg\u0171 k\u00e9szp\u00e9nz- \u00e9s term\u00e9kadom\u00e1nyokkal t\u00e1mogatott eg\u00e9szs\u00e9g\u00fcgyi dolgoz\u00f3kat, r\u00e1szorul\u00f3kat \u00e9s nonprofit szervezeteket. A <\/em><a href=\"https:\/\/biotechusa.hu\/content\/uploads\/2008\/06\/BioTechUSA_Annual_Report_2022_FINAL.pdf\"><em>tavalyi \u00e9vben<\/em><\/a><em> 80,4 milli\u00e1rd forintos rekord \u00e1rbev\u00e9telt \u00e9rt el, ezzel t\u00f6bb, mint 40%-os n\u00f6vekm\u00e9nyt gener\u00e1lt az el\u0151z\u0151 \u00e9vhez k\u00e9pest \u00e9s elind\u00edtotta t\u00f6rt\u00e9net\u00e9nek legnagyobb beruh\u00e1z\u00e1si hull\u00e1m\u00e1t.&nbsp;<\/em><\/p>\n\n\n\n<p><em>A v\u00e1llalat kereskedelmi igazgat\u00f3ja mes\u00e9lt nek\u00fcnk \u00e9rt\u00e9kes\u00edt\u00e9si strat\u00e9gi\u00e1kr\u00f3l, c\u00e9ges strukt\u00far\u00e1r\u00f3l, k\u00fclf\u00f6ldi terjeszked\u00e9sr\u0151l, a gener\u00e1ci\u00f3v\u00e1lt\u00e1s k\u00f6r\u00fclm\u00e9nyeir\u0151l, a legbels\u0151bb motiv\u00e1ci\u00f3ir\u00f3l, a c\u00e9gcsoport j\u00f6v\u0151beni terveir\u0151l, valamint szem\u00e9lyes \u00e9rt\u00e9keir\u0151l \u00e9s arr\u00f3l is, hogyan siker\u00fclt elker\u00fclnie, hogy bedar\u00e1lja az a bizonyos tapos\u00f3malom.&nbsp;<\/em><\/p>\n\n\n\n<p class=\"has-text-align-center\">*<\/p>\n\n\n\n<h2 class=\"wp-block-heading\"><strong>Gyorstalpal\u00f3 BioTechUSA csal\u00e1dt\u00f6rt\u00e9net, avagy BioTechUSA: Origins<\/strong><\/h2>\n\n\n\n<p>L\u00e9vai Ferenc, a BioTechUSA alap\u00edt\u00f3ja a 90-es \u00e9vekben kezdett v\u00e1llalkozni. Az \u00e9trendkieg\u00e9sz\u00edt\u0151k forgalmaz\u00e1sa el\u0151tt Ferenc \u00e9s feles\u00e9ge, Katalin edz\u0151termi g\u00e9pek importj\u00e1val foglalkoztak. Az amerikai MLO \u00e9s BioTechUSA term\u00e9keit Magyarorsz\u00e1gra import\u00e1l\u00f3 c\u00e9g\u00fck megalap\u00edt\u00e1s\u00e1nak \u00e9ve 1993 volt, m\u00edg a BioTechUSA m\u00e1rkanevet 1999-ban vett\u00e9k \u00e1t, ahogyan a recept\u00far\u00e1t \u00e9s a gy\u00e1rt\u00f3i kapcsolatokat is ekkor szerezt\u00e9k meg. A v\u00e1llalat 2004-ben teljesen felhagyott a kondig\u00e9pek forgalmaz\u00e1s\u00e1val. Ferenc 13 \u00e9v alatt 160 milli\u00f3r\u00f3l 5 milli\u00e1rd forintra n\u00f6velte az \u00e1rbev\u00e9telt.<\/p>\n\n\n\n<p>Ennek a v\u00e1llalkoz\u00f3i mili\u0151nek voltak r\u00e9szesei Ferenc \u00e9s Katalin fiai, a ma m\u00e1r a c\u00e9g \u00e9l\u00e9n \u00e1ll\u00f3 Bal\u00e1zs, aki kereskedelmi igazgat\u00f3k\u00e9nt er\u0151s\u00edti a csapatot, mely poz\u00edci\u00f3j\u00e1t 29 \u00e9ves kora \u00f3ta t\u00f6lti be \u00e9s B\u00e1lint, aki a v\u00e1llalat vez\u00e9rigazgat\u00f3ja, mindketten t\u00e1rstulajdonosok. A testv\u00e9rek a c\u00e9ggel egy\u00fctt n\u0151ttek fel, gyerekkorukt\u00f3l kezdve bekapcsol\u00f3dtak a csal\u00e1di v\u00e1llalat m\u0171k\u00f6d\u00e9s\u00e9be.&nbsp;A kezdetekkor term\u00e9keket c\u00edmk\u00e9ztek, k\u00e9s\u0151bb ford\u00edtottak, majd t\u00e1rgyal\u00e1sokra j\u00e1rtak \u00e9desapjukkal. 2010-t\u0151l, k\u00f6zvetlen\u00fcl a b\u00e9csi K\u00f6zgazdas\u00e1gtudom\u00e1nyi Egyetem elv\u00e9gz\u00e9se ut\u00e1n a c\u00e9g kereskedelmi \u00e9s marketing oszt\u00e1lyain dolgoztak. 2012-ben a L\u00e9vai testv\u00e9rek a k\u00f6z\u00e9pvezet\u00e9st er\u0151s\u00edtett\u00e9k, t\u00fal voltak egyetemi \u00f6tlet\u00fck sikeres bevezet\u00e9s\u00e9n: B\u00e1lint osztr\u00e1k feles\u00e9g\u00e9vel, Alexandr\u00e1val kieg\u00e9sz\u00fclve Eur\u00f3pa vezet\u0151 gy\u00e1rt\u00f3j\u00e1v\u00e1 tett\u00e9k a c\u00e9get a shaker \u00fczlet\u00e1gban. <a href=\"https:\/\/www.bet.hu\/Kibocsatok\/bet50\/2016\/BET50-vallalatok-2016\/Kirobbano-ero-biotechusa\">2014-ben \u00f3ri\u00e1si lend\u00fclettel vett\u00e9k \u00e1t a csal\u00e1di v\u00e1llalkoz\u00e1st<\/a>, meg\u00fajult a teljes arculat, a recept\u00fara, \u00faj v\u00e1llalatir\u00e1ny\u00edt\u00e1si rendszert vezettek be, szervezeti folyamatokat alak\u00edtottak \u00e1t, in-house term\u00e9kfejleszt\u00e9si \u00e9s min\u0151s\u00e9gellen\u0151rz\u00e9si laborokat hoztak l\u00e9tre \u00e9s elindult a saj\u00e1t gy\u00e1rt\u00e1s Szad\u00e1n, k\u00f6zvetlen\u00fcl a 2007-ben fel\u00e9p\u00edtett logisztikai k\u00f6zpont mellett. A testv\u00e9rek az \u00e9vek sor\u00e1n k\u00e9tszer is szerepeltek a Forbes c\u00edmlapj\u00e1n, elnyert\u00e9k <a href=\"https:\/\/biotechusa.hu\/tulajdonosaink-nyertek-az-ev-uzletembere-dijat\/\">Az \u00c9v \u00dczletembere d\u00edjat<\/a>, a <a href=\"https:\/\/biotechusa.hu\/vezerigazgatonk-levai-balint-nyerte-iden-az-ev-fiatal-menedzsere-dijat\/\">Menedzsersz\u00f6vets\u00e9g \u00c9v Fiatal Menedzsere D\u00edj\u00e1t<\/a> \u00e9s a <a href=\"https:\/\/biotechusa.hu\/tulajdonosaink-forbes-novekedesi-i-dijat-vettek-at\/\">Forbes N\u00f6veked\u00e9si I. D\u00edjat<\/a>.&nbsp;&nbsp;<\/p>\n\n\n\n<figure class=\"wp-block-image size-large\"><img loading=\"lazy\" decoding=\"async\" width=\"1024\" height=\"681\" src=\"https:\/\/bizalmikor.hu\/blog\/wp-content\/uploads\/2023\/07\/2023_O\u0308bo\u0308lha\u0301z_167-1-1024x681.jpg\" alt=\"\" class=\"wp-image-6893\" srcset=\"https:\/\/bizalmikor.hu\/blog\/wp-content\/uploads\/2023\/07\/2023_O\u0308bo\u0308lha\u0301z_167-1-1024x681.jpg 1024w, https:\/\/bizalmikor.hu\/blog\/wp-content\/uploads\/2023\/07\/2023_O\u0308bo\u0308lha\u0301z_167-1-300x200.jpg 300w, https:\/\/bizalmikor.hu\/blog\/wp-content\/uploads\/2023\/07\/2023_O\u0308bo\u0308lha\u0301z_167-1-768x511.jpg 768w, https:\/\/bizalmikor.hu\/blog\/wp-content\/uploads\/2023\/07\/2023_O\u0308bo\u0308lha\u0301z_167-1-1536x1022.jpg 1536w, https:\/\/bizalmikor.hu\/blog\/wp-content\/uploads\/2023\/07\/2023_O\u0308bo\u0308lha\u0301z_167-1-2048x1363.jpg 2048w\" sizes=\"(max-width: 1024px) 100vw, 1024px\" \/><figcaption>L\u00e9vai Bal\u00e1zs, a BioTechUSA kereskedelmi igazgat\u00f3ja \u00e9s t\u00e1rstulajdonosa (Fot\u00f3: Labancz Vikt\u00f3ria, 2023.07.13. &#8211; Bizalmi K\u00f6r cs\u00facstal\u00e1lkoz\u00f3)<\/figcaption><\/figure>\n\n\n\n<h2 class=\"wp-block-heading\"><strong>Magyar csal\u00e1di v\u00e1llalat, ami \u201cleuralja\u201d a vil\u00e1got. Besz\u00e9ljenek a sz\u00e1mok.<\/strong><\/h2>\n\n\n\n<p>Mivel a sz\u00e1mokkal \u00edrhat\u00f3 le leghat\u00e9konyabban \u00e9s r\u00f6videbben az, amir\u0151l a k\u00f6vetkez\u0151kben olvashattok, hadd adjuk k\u00f6zre ezeket az igaz\u00e1n impoz\u00e1ns mutat\u00f3kat, miel\u0151tt, mint egy stabil alapra, felh\u00fazzuk r\u00e1juk a sztorit.<\/p>\n\n\n\n<ul><li>7 \u00e9v alatt 12x-es nett\u00f3 \u00e1rbev\u00e9tel<\/li><li>2014-ben 32 000 nm-es gy\u00e1rat \u00e9p\u00edtettek Szad\u00e1n, ma Szad\u00e1n \u00e9s Dunakeszin kialak\u00edtott gy\u00e1rt\u00f3\u00fczemeik \u00e9s logisztikai k\u00f6zpontjaik t\u00f6bb, mint 80 000 nm alapter\u00fcleten helyezkednek el<\/li><li>Amikor \u00e1tvett\u00e9k a c\u00e9get, az 7 milli\u00e1rdos \u00e1rbev\u00e9tellel b\u00edrt, 2022-re ez a sz\u00e1m 80,4 milli\u00e1rd forintra n\u00f6vekedett<\/li><li>2014-ben a c\u00e9gnek k\u00f6r\u00fclbel\u00fcl 200 alkalmazottja volt, ma m\u00e1r 1800 f\u0151 er\u0151s\u00edti a BioTechUSA csapat\u00e1t<\/li><li>Mostanra 4500 partnerrel rendelkeznek \u00e9s jelen vannak mind a 6 kontinensen. A c\u00e9g \u00e1tv\u00e9tel\u00e9nek idej\u00e9n a BioTechUSA kb. 130 franchise partnerrel b\u00edrt<\/li><\/ul>\n\n\n\n<h2 class=\"wp-block-heading\"><strong>Egy p\u00e9ldamutat\u00f3 gener\u00e1ci\u00f3v\u00e1lt\u00e1s folyamata bel\u00fclr\u0151l<\/strong><\/h2>\n\n\n\n<p>\u201e<em>A gener\u00e1ci\u00f3v\u00e1lt\u00e1s a magyar csal\u00e1di v\u00e1llalatok klubj\u00e1ban el\u00e9g sarkalatos t\u00e9ma. K\u00f6r\u00fclbel\u00fcl most \u00e9rkezik el a \u201990 \u2013 \u201995 k\u00f6rny\u00e9k\u00e9n alap\u00edtott c\u00e9gek tulajdonosi k\u00f6re abba az \u00e9letf\u00e1zisba, hogy \u00e1tadja vagy megpr\u00f3b\u00e1lja \u00e1tadni a v\u00e1llalatot. Ha van megfelel\u0151 ut\u00f3d \u00e9s megfelel\u0151 akarat ehhez, akkor sikerrel j\u00e1rhatnak, ha viszont nincs akarat, vagy nem megfelel\u0151 az ut\u00f3d, esetleg m\u00e9g nem tudj\u00e1k pontosan, hogyan kezelj\u00e9k ezt a folyamatot, akkor a proced\u00fara hosszadalmass\u00e1 v\u00e1lik. Ez nagyon neh\u00e9z folyamat \u00e9s mindenkinek csak kitart\u00e1st tudok k\u00edv\u00e1nni, mert van f\u00e9ny az alag\u00fat v\u00e9g\u00e9n!<\/em>\u201d \u2013 kezdi a t\u00f6rt\u00e9netet Bal\u00e1zs \u2013 \u201e<em>Persze, ha annak idej\u00e9n tudom, hogy ez milyen durva menet lesz, f\u0151leg az elej\u00e9n, k\u00e9tszer is meggondolom, \u00e9s nem megyek bele ilyen laz\u00e1n.\u201d<\/em><\/p>\n\n\n\n<p>De hogyan ker\u00fcltek mostani poz\u00edci\u00f3jukba a L\u00e9vai fiv\u00e9rek? Bal\u00e1zs mindig is sz\u00edvesen szocializ\u00e1l\u00f3dott, \u00e9lvezte az elad\u00e1s ter\u00e9n el\u00e9rt sikereket, a ki\u00e1ll\u00edt\u00e1sokat, a kapcsolat\u00e9p\u00edt\u00e9st. B\u00e1lint ezzel szemben jobban m\u0171k\u00f6d\u00f6tt a h\u00e1tt\u00e9rben, az olyan folyamatokat pontos\u00edtva, fejlesztve, mint a marketing \u00e9s a design. Emellett, Bal\u00e1zs elbesz\u00e9l\u00e9s\u00e9b\u0151l megtudjuk, hogy testv\u00e9re nem rajongott k\u00fcl\u00f6n\u00f6sebben a fitnesz ipar\u00e1g\u00e9rt, ami r\u00e9gebben a m\u00e1r-m\u00e1r t\u00faltolt test\u00e9p\u00edt\u00e9sr\u0151l \u00e9s a hatalmas izmokr\u00f3l sz\u00f3lt: \u201e<em>A fitnesz ipar\u00e1g akkoriban j\u00f3val kev\u00e9sb\u00e9 sz\u00e1m\u00edtott szexinek, mint manaps\u00e1g \u00e9s ez \u0151t nemigen vonzotta.<\/em>\u201d \u2013 osztja meg Bal\u00e1zs.&nbsp;<\/p>\n\n\n\n<p>A gener\u00e1ci\u00f3v\u00e1lt\u00e1s legnagyobb indik\u00e1tora \u2013 mint tal\u00e1n a legt\u00f6bb esetben \u2013 a fejl\u0151d\u00e9s ir\u00e1nti ig\u00e9ny volt a BioTechUSA eset\u00e9ben is. 2010 k\u00f6rny\u00e9k\u00e9n egy j\u00f3l prosper\u00e1l\u00f3, kisebb v\u00e1llalkoz\u00e1sr\u00f3l besz\u00e9lhett\u00fcnk, 50 f\u0151vel \u00e9s egy vezet\u0151vel, aki nagyon szeretett volna v\u00e1ltani \u00e9s n\u00f6vekedni.<\/p>\n\n\n\n<blockquote class=\"wp-block-quote is-layout-flow wp-block-quote-is-layout-flow\"><p>\u201e\u00c9desap\u00e1m szerette volna, hogy a c\u00e9g tov\u00e1bb tudjon n\u00f6vekedni, de nem felt\u00e9tlen\u00fcl tudta, hogy mi is kellene ehhez. Benn\u00fcnk l\u00e1tta, t\u0151l\u00fcnk szerette volna megkapni a v\u00e1laszt, a megold\u00e1st, illetve mindig rem\u00e9lte szerintem azt is, hogy itt k\u00f6t\u00fcnk ki a c\u00e9gn\u00e9l. Nem titkolt v\u00e1gya volt ez, de alapvet\u0151en nem k\u00e9nyszer\u00edtett bele minket ebbe az \u00e9let\u00fatba.\u201d<\/p><cite>L\u00e9vai Bal\u00e1zs, BioTechUSA &#8211; kereskedelmi igazgat\u00f3, t\u00e1rstulajdonos<\/cite><\/blockquote>\n\n\n\n<figure class=\"wp-block-image size-large\"><img loading=\"lazy\" decoding=\"async\" width=\"1024\" height=\"681\" src=\"https:\/\/bizalmikor.hu\/blog\/wp-content\/uploads\/2023\/07\/2023_O\u0308bo\u0308lha\u0301z_135-1024x681.jpg\" alt=\"\" class=\"wp-image-6878\" srcset=\"https:\/\/bizalmikor.hu\/blog\/wp-content\/uploads\/2023\/07\/2023_O\u0308bo\u0308lha\u0301z_135-1024x681.jpg 1024w, https:\/\/bizalmikor.hu\/blog\/wp-content\/uploads\/2023\/07\/2023_O\u0308bo\u0308lha\u0301z_135-300x200.jpg 300w, https:\/\/bizalmikor.hu\/blog\/wp-content\/uploads\/2023\/07\/2023_O\u0308bo\u0308lha\u0301z_135-768x511.jpg 768w, https:\/\/bizalmikor.hu\/blog\/wp-content\/uploads\/2023\/07\/2023_O\u0308bo\u0308lha\u0301z_135-1536x1022.jpg 1536w, https:\/\/bizalmikor.hu\/blog\/wp-content\/uploads\/2023\/07\/2023_O\u0308bo\u0308lha\u0301z_135-2048x1363.jpg 2048w\" sizes=\"(max-width: 1024px) 100vw, 1024px\" \/><figcaption>L\u00e9vai Bal\u00e1zs el\u0151ad\u00e1sa, K\u00f6b\u00f6l Anita k\u00f6zrem\u0171k\u00f6d\u00e9s\u00e9vel (Fot\u00f3: Labancz Vikt\u00f3ria, 2023.07.13. &#8211; Bizalmi K\u00f6r cs\u00facstal\u00e1lkoz\u00f3)<\/figcaption><\/figure>\n\n\n\n<h2 class=\"wp-block-heading\"><strong>A nyugodt \u00e1lom titka: a megfelel\u0151 c\u00e9ges strukt\u00fara<\/strong><\/h2>\n\n\n\n<p>Nyilv\u00e1nval\u00f3, hogy egy ekkora v\u00e1llalatot sem fel\u00e9p\u00edteni, sem vezetni nem lehet egyed\u00fcl. Ebb\u0151l ad\u00f3dik, osztja meg Bal\u00e1zs, hogy nagyon komoly vezet\u0151i g\u00e1rd\u00e1juk van, egy csapat bar\u00e1tokb\u00f3l \u00e9s bizalmasokb\u00f3l, akik azonban kiz\u00e1r\u00f3lag szakmai kvalit\u00e1saik ment\u00e9n juthatnak \u00e9s juthattak el\u0151re. Fontos \u00e9s rugalmatlan szab\u00e1ly a BioTechUSA csal\u00e1dn\u00e1l, hogy kiz\u00e1rt a kedvess\u00e9g vagy hangoss\u00e1g alap\u00fa el\u0151l\u00e9ptet\u00e9s. Ez a g\u00e1rda teh\u00e1t az, akikkel m\u00e1r 8-9 \u00e9ve \u00e9p\u00edtik k\u00f6z\u00f6sen a v\u00e1llalatot. A csapat az\u00f3ta fix, m\u00e1ra pedig igazi \u00f6sszeszokott, profi k\u00f6z\u00f6ss\u00e9gg\u00e9 n\u0151tte ki mag\u00e1t. Bal\u00e1zs kiemeli, hogy koll\u00e9g\u00e1i minden ter\u00fcleten kell\u0151 szak\u00e9rtelemmel, ipar\u00e1gi tapasztalattal rendelkeznek \u00e9s ez a legnagyobb kulcs.<\/p>\n\n\n\n<p>Az, hogy id\u00e1ig eljuthattak, a bizalomnak k\u00f6sz\u00f6nhet\u0151, tudjuk meg a k\u00f6vetkez\u0151kben. Egy csillagk\u00f6zpont\u00fa vezet\u00e9sr\u0151l \u2013 ahol egyetlen \u00fcgyvezet\u0151 felelt gyakorlatilag minden\u00e9rt, jelenleg a c\u00e9gnek h\u00e1rom \u00fcgyvezet\u0151je van: L\u00e9vai Bal\u00e1zs, L\u00e9vai B\u00e1lint \u00e9s Markovics Di\u00e1na \u2013 v\u00e1ltottak bizalmi alap\u00fa c\u00e9gvezet\u00e9si modellre. Hiszen, hi\u00e1ba voltak j\u00f3 embereik, j\u00f3 vezet\u0151i kvalit\u00e1sokkal rendelkez\u0151 koll\u00e9g\u00e1ik, mert: \u201e<em>aki val\u00f3ban j\u00f3 vezet\u0151, aki hasonl\u00f3 kvalit\u00e1sokkal vagy ak\u00e1r jobbakkal b\u00edr, mint \u00e9n, az nem szereti, ha joystickkal vez\u00e9rlik \u00e9s megmondj\u00e1k neki, mikor mit tegyen. Neki igenis teret, lehet\u0151s\u00e9get \u00e9s bizalmat kellett adni ahhoz, hogy mind fejl\u0151dhess\u00fcnk<\/em>.\u201d<\/p>\n\n\n\n<p>Ez volt az egyik legnagyobb l\u00e9p\u00e9s, amit meg kellett hozniuk \u00e9s amiben az is seg\u00edts\u00e9g\u00fckre volt, hogy egy\u00e9rtelm\u0171en egy ilyen k\u00f6zegben \u00e9rezt\u00e9k magukat jobban \u0151k is, mint \u00fajgener\u00e1ci\u00f3s vezet\u0151k. Mindazon\u00e1ltal \u201e<em>nem vonalz\u00f3val \u00e9s k\u00f6rz\u0151vel rajzoltuk meg, hogy ez legyen a strukt\u00fara, \u00edgy n\u00e9zzen ki, hanem annak ment\u00e9n indultunk el, mi hogyan szeretn\u00e9nk a h\u00e9tk\u00f6znapjainkat j\u00f3l t\u00f6lteni, ha m\u00e1r kem\u00e9nyen dolgozunk. T\u00e1mogat\u00f3 k\u00f6zegben akartunk lenni, \u00e9s ez a d\u00f6nt\u00e9s hozta mag\u00e1val a v\u00e1ltoz\u00e1st<\/em>.\u201d<\/p>\n\n\n\n<p>Bal\u00e1zs kiemeli, hogy term\u00e9szetesen ez t\u00e1volr\u00f3l sem jelenti azt, hogy az oszt\u00e1lyok mindenf\u00e9le \u00e1tgondolts\u00e1g n\u00e9lk\u00fcl, csup\u00e1n a j\u00f3 \u00e9rz\u00e9sre alapozva sz\u00fclettek volna meg. A strukt\u00far\u00e1t nagyon tudatosan \u00e9p\u00edtett\u00e9k ki. Eleinte a kereskedelemre helyezt\u00e9k a hangs\u00falyt, hogy annak alakul\u00e1sa adja meg az ig\u00e9nyek \u00e1tform\u00e1l\u00e1s\u00e1nak medr\u00e9t is. Ez a m\u00f3dszer pedig bev\u00e1lt, hiszen a kereskedelem h\u00fazta mag\u00e1val az \u00fajabb \u00e9s \u00fajabb ig\u00e9nyeket: \u00e1tform\u00e1l\u00f3dott a logisztika, elindult a gy\u00e1rt\u00e1s. A strukt\u00fara lek\u00f6vette a v\u00e1ltoz\u00e1sokat, azaz organikusan fejl\u0151d\u00f6tt. A c\u00e9gcsoport, ahogyan ma ismerj\u00fck, napr\u00f3l-napra \u00e9p\u00fclt, minden szak\u00e9rt\u0151 a saj\u00e1t ter\u00fclet\u00e9n dolgozott, gondolkodott, igyekezett megk\u00f6nny\u00edteni ezt a folyamatot.<\/p>\n\n\n\n<h2 class=\"wp-block-heading\"><strong>A legfontosabb \u00e9p\u00edt\u0151elemek: a munkat\u00e1rsak<\/strong><\/h2>\n\n\n\n<p>Minden<strong> <\/strong>v\u00e1llalkoz\u00e1s r\u00e1juk \u00e9p\u00fcl a h\u00e9tk\u00f6znapi szeml\u00e9l\u0151 sz\u00e1m\u00e1ra is l\u00e1that\u00f3 szinteken. Komoly szerep\u00fck van az olyan eredm\u00e9nyek el\u00e9r\u00e9s\u00e9ben, mint amiket a v\u00e1llalat mag\u00e1\u00e9nak tudhat. A h\u00e1tt\u00e9rben ez\u00fattal sem a p\u00e9nz \u00e1ll. Legal\u00e1bbis semmik\u00e9pp sem az els\u0151 \u00e9s legfontosabb helyen. Term\u00e9szetesen versenyk\u00e9pes fizet\u00e9sekkel v\u00e1rj\u00e1k a hozz\u00e1juk szerz\u0151d\u0151ket, m\u00edg kereskedelemi partnereik sz\u00e1m\u00e1ra b\u00f3nuszrendszert alak\u00edtottak ki \u00e9s m\u00e9g folytathatn\u00e1nk, de a val\u00f3s motiv\u00e1ci\u00f3t, elismer\u00e9st sem Bal\u00e1zs, sem B\u00e1lint nem a p\u00e9nzben l\u00e1tj\u00e1k kiz\u00e1r\u00f3lagosan.<\/p>\n\n\n\n<blockquote class=\"wp-block-quote is-layout-flow wp-block-quote-is-layout-flow\"><p>\u201eHa valakinek val\u00f3ban, val\u00f3di bizalmat szavazunk \u00e9s nem csak \u00fagy tesz\u00fcnk, mintha bizalmat szavazn\u00e1nk, akkor ezt vissza is fogjuk kapni. Ha val\u00f3ban odafigyel\u00fcnk az emberekre \u00e9s nem felt\u00e9tlen\u00fcl sz\u00e1mokat akarunk el\u00e9rni \u00e9s mindenkin kereszt\u00fclpassz\u00edrozni ezt az akaratunkat, mint c\u00e9gvezet\u0151k, tulajdonosok, hanem figyelembe vessz\u00fck az embereink ig\u00e9nyeit, motiv\u00e1ci\u00f3it, akkor a sz\u00e1mok val\u00f3j\u00e1ban magukt\u00f3l fognak j\u00f6nni.\u201d<\/p><cite>L\u00e9vai Bal\u00e1zs, BioTechUSA &#8211; kereskedelmi igazgat\u00f3, t\u00e1rstulajdonos<\/cite><\/blockquote>\n\n\n\n<p>Vezet\u0151k\u00e9nt felismert\u00e9k, mes\u00e9li tov\u00e1bb Bal\u00e1zs, mekkora a felel\u0151ss\u00e9g\u00fck dolgoz\u00f3ik, munkat\u00e1rsaik j\u00f3ll\u00e9t\u00e9ben. Ezek ut\u00e1n pedig egy\u00e9rtelm\u0171 volt, hogy egy olyan l\u00e9gk\u00f6r kialak\u00edt\u00e1s\u00e1ra t\u00f6rekedtek, ahol hib\u00e1zni megengedett \u2013 mindaddig, m\u00edg az adott koll\u00e9ga hajland\u00f3 tanulni a hib\u00e1b\u00f3l \u2013 \u00e9s ahov\u00e1 gyomorg\u00f6rcs n\u00e9lk\u00fcl t\u00e9rhetnek be az emberek nap, mint nap, legyen sz\u00f3 b\u00e1rmelyik r\u00e9szlegr\u0151l.<\/p>\n\n\n\n<figure class=\"wp-block-image size-large\"><img loading=\"lazy\" decoding=\"async\" width=\"1024\" height=\"681\" src=\"https:\/\/bizalmikor.hu\/blog\/wp-content\/uploads\/2023\/07\/2023_O\u0308bo\u0308lha\u0301z_146-1024x681.jpg\" alt=\"\" class=\"wp-image-6879\" srcset=\"https:\/\/bizalmikor.hu\/blog\/wp-content\/uploads\/2023\/07\/2023_O\u0308bo\u0308lha\u0301z_146-1024x681.jpg 1024w, https:\/\/bizalmikor.hu\/blog\/wp-content\/uploads\/2023\/07\/2023_O\u0308bo\u0308lha\u0301z_146-300x200.jpg 300w, https:\/\/bizalmikor.hu\/blog\/wp-content\/uploads\/2023\/07\/2023_O\u0308bo\u0308lha\u0301z_146-768x511.jpg 768w, https:\/\/bizalmikor.hu\/blog\/wp-content\/uploads\/2023\/07\/2023_O\u0308bo\u0308lha\u0301z_146-1536x1022.jpg 1536w, https:\/\/bizalmikor.hu\/blog\/wp-content\/uploads\/2023\/07\/2023_O\u0308bo\u0308lha\u0301z_146-2048x1363.jpg 2048w\" sizes=\"(max-width: 1024px) 100vw, 1024px\" \/><figcaption>(Fot\u00f3: Labancz Vikt\u00f3ria, 2023.07.13. &#8211; Bizalmi K\u00f6r cs\u00facstal\u00e1lkoz\u00f3)<\/figcaption><\/figure>\n\n\n\n<h2 class=\"wp-block-heading\"><strong>Hib\u00e1zni emberi dolog? Igen, s\u0151t fels\u0151vezet\u0151i dolog is.<\/strong><\/h2>\n\n\n\n<p>A BioTechUSA c\u00e9ges protokollja hib\u00e1z\u00e1s eset\u00e9n az eln\u00e9z\u0151, \u00e1m szigor\u00fa hozz\u00e1\u00e1ll\u00e1s elv\u00e9t k\u00f6veti. Alapvet\u0151en b\u00edznak abban, hogy a hib\u00e1k nem sz\u00e1nd\u00e9koss\u00e1gb\u00f3l vagy rosszindulatb\u00f3l sz\u00e1rmaznak.<\/p>\n\n\n\n<p>\u201e<em>Term\u00e9szetesen mindenki hib\u00e1zik. Mi is el\u0151fordult, s\u0151t ma is el\u0151fordul, hogy hib\u00e1t k\u00f6vet\u00fcnk el. Nyilv\u00e1n csak az hib\u00e1zik, aki dolgozik. Ez fontos alapvet\u00e9s. Amikor olyan ter\u00fcleteket, dolgokat pr\u00f3b\u00e1lunk ki, melyeket kor\u00e1bban m\u00e9g nem, akkor hib\u00e1zni fogunk. Ez eg\u00e9sz egyszer\u0171en elker\u00fclhetetlen. K\u00e9rd\u00e9s, hogy mennyire vagyunk saj\u00e1t magunkkal eln\u00e9z\u0151ek? Eln\u00e9z\u0151knek kell lenn\u00fcnk, de ugyan\u00fagy szigor\u00faaknak is, hogy tanuljunk a hib\u00e1inkb\u00f3l<\/em>.\u201d- folytatja Bal\u00e1zs, aki kiemeli, hogy c\u00e9g\u00fck minden koll\u00e9g\u00e1j\u00e1t\u00f3l \u00e9s saj\u00e1t magukt\u00f3l is ugyanazt v\u00e1rj\u00e1k: motiv\u00e1lts\u00e1got a folyamatos fejl\u0151d\u00e9sre \u00e9s tanul\u00e1sra.<\/p>\n\n\n\n<h2 class=\"wp-block-heading\"><strong>Az a bizonyos t\u00f6bb, mint 80 milli\u00e1rdos \u00e1rbev\u00e9tel \u00e9s az \u00e9rt\u00e9kes\u00edt\u00e9si strat\u00e9gi\u00e1k, amik ezt lehet\u0151v\u00e9 tett\u00e9k<\/strong><\/h2>\n\n\n\n<p>A t\u00e1pl\u00e1l\u00e9kkieg\u00e9sz\u00edt\u0151k piac\u00e1n a BioTechUSA-c\u00e9gcsoportot az ipar\u00e1gi szerepl\u0151k rendszerint az eur\u00f3pai TOP5 gy\u00e1rt\u00f3 \u00e9s forgalmaz\u00f3 k\u00f6z\u00e9 sorolj\u00e1k. A v\u00e1llalat term\u00e9keivel \u00e9s tev\u00e9kenys\u00e9g\u00e9vel vil\u00e1gszerte jelen van, Magyarorsz\u00e1gon \u00e9vek \u00f3ta piacvezet\u0151k. A konkr\u00e9t \u00e9rt\u00e9kes\u00edt\u00e9sben omnichannel strat\u00e9gi\u00e1val dolgoznak Bal\u00e1zs\u00e9k, azaz minden lehets\u00e9ges platformon \u00e9rt\u00e9kes\u00edtenek: term\u00e9keikhez hozz\u00e1 lehet jutni offline \u00e9s online, saj\u00e1t \u00e9s partneri web\u00e1ruh\u00e1zakban \u00e9s boltokban, edz\u0151termekben, hipermarketekben, \u00e9lelmiszerbolt-l\u00e1ncokban, drog\u00e9ri\u00e1kban, t\u00f6lt\u0151\u00e1llom\u00e1sokon \u00e9s patik\u00e1kban.&nbsp;<\/p>\n\n\n\n<p>Az offline \u00e9rt\u00e9kes\u00edt\u00e9s egyik fontos platformja a bolth\u00e1l\u00f3zat, a v\u00e1llalat imm\u00e1r 286 franchise boltot \u00fczemeltet szerte Eur\u00f3p\u00e1ban, azon bel\u00fcl Magyarorsz\u00e1gon, Szlov\u00e1ki\u00e1ban, Ausztri\u00e1ban, N\u00e9metorsz\u00e1gban, Franciaorsz\u00e1gban, Hollandi\u00e1ban, Lengyelorsz\u00e1gban \u00e9s Spanyolorsz\u00e1gban \u00e9s tov\u00e1bbi nyit\u00e1sokat terveznek. Belf\u00f6ld\u00f6n j\u00faniusban ny\u00edlt meg a 104. BioTechUSA \u00fczlet az Allee bev\u00e1s\u00e1rl\u00f3k\u00f6zpontban, ahol fizikailag is el\u00e9rhet\u0151ek az eddig csak online megv\u00e1s\u00e1rolhat\u00f3, saj\u00e1t tervez\u00e9s\u0171 <a href=\"https:\/\/shop.biotechusa.hu\/pages\/ruhazat\">Apparel<\/a> ruh\u00e1zati term\u00e9kek, mely \u00fczlet\u00e1ggal f\u0151k\u00e9nt az edz\u0151termi edz\u00e9st \u0171z\u0151ket c\u00e9lozt\u00e1k meg. A BioTechUSA m\u00e1rkaboltok mellett haz\u00e1nkban 87 Scitec Nutrition \u00fczletet\u00fck van. Az online \u00e9rt\u00e9kes\u00edt\u00e9s tekintet\u00e9ben 50 saj\u00e1t k\u00e9zben l\u00e9v\u0151 webshopot \u00fczemeltetnek, 13 BioTechUSA \u00e9s \u00f6sszesen 37 Scitec Nutrition, Builder \u00e9s VitaminShop web\u00e1ruh\u00e1zat, illetve \u00e9vek \u00f3ta jelen vannak az Amazonon is. A strat\u00e9gi\u00e1k pedig term\u00e9szetesen orsz\u00e1gonk\u00e9nt elt\u00e9r(het)nek.<\/p>\n\n\n\n<p>\u201e<em>Minden piacnak megvan a saj\u00e1toss\u00e1ga. M\u00e1s influencerekkel, m\u00e1s fel\u00fcleteken tudjuk eljuttatni a fogyaszt\u00f3khoz az \u00fczenetet, de alapvet\u0151en a c\u00e9lunk minden orsz\u00e1g eset\u00e9ben ugyanaz: hogy a m\u00e1rk\u00e1nk olyan ismertt\u00e9 v\u00e1ljon, mint Magyarorsz\u00e1gon, ahol, ha megk\u00e9rdezek valakit az utc\u00e1n, nagy val\u00f3sz\u00edn\u0171s\u00e9ggel m\u00e1r fogyasztotta a term\u00e9keinket vagy ismeri a brandet.<\/em>\u201d \u2013 mondja Bal\u00e1zs.<\/p>\n\n\n\n<h2 class=\"wp-block-heading\"><strong>L\u00e9p\u00e9sek kr\u00edzis eset\u00e9n<\/strong><\/h2>\n\n\n\n<p>Az elm\u00falt \u00e9vekben minden v\u00e1llalkoz\u00e1s sz\u00e1mos kih\u00edv\u00e1ssal n\u00e9zett szembe. El\u00e9g csak a covidra, az alapanyag v\u00e1ls\u00e1gra, az infl\u00e1ci\u00f3ra gondolnunk. Az ilyen vesz\u00e9lyek eset\u00e9re a BioTechUSA minden alkalommal k\u00fcl\u00f6nb\u00f6z\u0151 szcen\u00e1ri\u00f3kat dolgozott ki, melyek egyik sarkalatos pontja az, hogy \u00e1rbev\u00e9tel visszaes\u00e9s eset\u00e9n meddig finansz\u00edroznak bizonyos k\u00f6lts\u00e9ges folyamatokat.&nbsp;&nbsp;<\/p>\n\n\n\n<blockquote class=\"wp-block-quote is-layout-flow wp-block-quote-is-layout-flow\"><p>\u201eAlapvet\u0151en mindig az lebegett \u00e9s lebeg a szem\u00fcnk el\u0151tt, hogy minden kr\u00edzisnek v\u00e9ge van egyszer, \u00e9s hogyha beh\u00fazzuk a k\u00e9zif\u00e9ket, akkor sokkal nehezebb lesz kij\u00f6nni a g\u00f6d\u00f6rb\u0151l, mint hogyha cs\u0151g\u00e1zon \u00e1tmegy\u00fcnk rajta. Rizik\u00f3s lehet, de mi ezt a strat\u00e9gi\u00e1t k\u00f6vetj\u00fck.<strong> <\/strong>Term\u00e9szetesen megvizsg\u00e1ljuk vagy legal\u00e1bbis megpr\u00f3b\u00e1ljuk megvizsg\u00e1lni, milyen m\u00e9ly is az a g\u00f6d\u00f6r, amin \u00e1tmegy\u00fcnk, s hogy mi m\u00f3don befoly\u00e1sol minket.\u201d<\/p><cite>L\u00e9vai Bal\u00e1zs, BioTechUSA &#8211; kereskedelmi igazgat\u00f3, t\u00e1rstulajdonos<\/cite><\/blockquote>\n\n\n\n<figure class=\"wp-block-image size-large\"><img loading=\"lazy\" decoding=\"async\" width=\"1024\" height=\"681\" src=\"https:\/\/bizalmikor.hu\/blog\/wp-content\/uploads\/2023\/07\/2023_O\u0308bo\u0308lha\u0301z_152-1024x681.jpg\" alt=\"\" class=\"wp-image-6880\" srcset=\"https:\/\/bizalmikor.hu\/blog\/wp-content\/uploads\/2023\/07\/2023_O\u0308bo\u0308lha\u0301z_152-1024x681.jpg 1024w, https:\/\/bizalmikor.hu\/blog\/wp-content\/uploads\/2023\/07\/2023_O\u0308bo\u0308lha\u0301z_152-300x200.jpg 300w, https:\/\/bizalmikor.hu\/blog\/wp-content\/uploads\/2023\/07\/2023_O\u0308bo\u0308lha\u0301z_152-768x511.jpg 768w, https:\/\/bizalmikor.hu\/blog\/wp-content\/uploads\/2023\/07\/2023_O\u0308bo\u0308lha\u0301z_152-1536x1022.jpg 1536w, https:\/\/bizalmikor.hu\/blog\/wp-content\/uploads\/2023\/07\/2023_O\u0308bo\u0308lha\u0301z_152-2048x1363.jpg 2048w\" sizes=\"(max-width: 1024px) 100vw, 1024px\" \/><figcaption>L\u00e9vai Bal\u00e1zs, BioTechUSA &#8211; kereskedelmi igazgat\u00f3, t\u00e1rstulajdonos (Fot\u00f3: Labancz Vikt\u00f3ria, 2023.07.13. &#8211; Bizalmi K\u00f6r cs\u00facstal\u00e1lkoz\u00f3)<\/figcaption><\/figure>\n\n\n\n<h2 class=\"wp-block-heading\"><strong>Amikor a kr\u00edzis n\u00f6veked\u00e9shez vezet<\/strong><\/h2>\n\n\n\n<p>Az anyag\u00e1rakat \u00e9rint\u0151 infl\u00e1ci\u00f3s kr\u00edzishelyzet a L\u00e9vai csal\u00e1d ipari szektor\u00e1t sem ker\u00fclte el. Nekik azonban piacszerz\u00e9sre adott lehet\u0151s\u00e9get ez a v\u00e1ls\u00e1g, mivel konkurenseik k\u00f6z\u00fcl t\u00f6bben k\u00e9ptelenek voltak megfelel\u0151en szervezni \u00e1ruk\u00e9szleteiket, ami azt eredm\u00e9nyezte, hogy a BioTechUSA sok polchelyet szerezhetett Eur\u00f3pa- szerte. Ez pedig hozz\u00e1j\u00e1rult a v\u00e1llalkoz\u00f3i k\u00f6r\u00f6kben m\u00e9lt\u00e1n csod\u00e1lt n\u00f6veked\u00e9s\u00fckh\u00f6z. \u201e<em>\u00c9rezz\u00fck, hogy a bel\u00e9p\u0151sz\u00e1mok a pl\u00e1z\u00e1kba vagy a bolth\u00e1l\u00f3zatba cs\u00f6kken\u0151 tendenci\u00e1t mutatnak. M\u00e9gis, az infl\u00e1ci\u00f3 mellett is, a legjobb f\u00e9l\u00e9vet z\u00e1rtuk a c\u00e9g t\u00f6rt\u00e9net\u00e9ben.<\/em>\u201d \u2013 osztja meg vel\u00fcnk Bal\u00e1zs \u2013 \u201e<em>Tov\u00e1bbi szerencs\u00e9s mot\u00edvum, hogy a c\u00e9g \u00e1rbev\u00e9tel\u00e9nek csup\u00e1n 20 sz\u00e1zal\u00e9ka sz\u00e1rmazik Magyarorsz\u00e1gr\u00f3l, 80 sz\u00e1zal\u00e9k k\u00fclf\u00f6ldr\u0151l folyik be. Term\u00e9szetesen \u00edgy is sz\u00e1mottev\u0151, ha itthon baj van, de mindig pr\u00f3b\u00e1ljuk kihozni a legjobbat az adott helyzetb\u0151l<\/em>.\u201d<\/p>\n\n\n\n<p>Tov\u00e1bbi pozit\u00edvum volt, hogy a covidnak \u201ek\u00f6sz\u00f6nhet\u0151en\u201d az emberek egy j\u00f3 r\u00e9sze fordult az eg\u00e9szs\u00e9gtudatosabb \u00e9letm\u00f3d fel\u00e9. T\u00f6bben r\u00e1\u00e9bredtek, hogy a t\u00fals\u00faly eg\u00e9szs\u00e9g\u00fcgyi probl\u00e9m\u00e1khoz vezet(het), hogy mozogniuk kellene, illetve a bez\u00e1rts\u00e1g alatt komolyan k\u00e9pezni kezdt\u00e9k magukat ezekben a t\u00e9m\u00e1kban \u00e9s ebben a BioTechUSA is igyekezett seg\u00edteni szak\u00e9rt\u0151ivel, edukat\u00edv tartalmaival. Ez a v\u00e1ltoz\u00e1s v\u00e9g\u00fcl kirajzolta, hogy a hangs\u00falyt a pr\u00e9mium fogyaszt\u00f3k megnyer\u00e9s\u00e9re \u00e9rdemes ford\u00edtaniuk. Mindezt \u00f6sszevetve Bal\u00e1zs\u00e9k belf\u00f6ld\u00f6n k\u00f6r\u00fclbel\u00fcl 15-17 sz\u00e1zal\u00e9kos v\u00e1rhat\u00f3 n\u00f6veked\u00e9sben gondolkodnak.<\/p>\n\n\n\n<h2 class=\"wp-block-heading\"><strong>Csal\u00e1di v\u00e1llalkoz\u00e1sb\u00f3l vil\u00e1gc\u00e9g?! &#8211; terjeszked\u00e9s, kapcsolat\u00e9p\u00edt\u00e9s, kih\u00edv\u00e1sok, tervek<\/strong><\/h2>\n\n\n\n<p>Hogy mikor melyik piac fel\u00e9 nyitnak \u00e9s k\u00f6ltenek, ez mind strukt\u00farab\u0151v\u00edt\u00e9s, mind marketing szempontj\u00e1b\u00f3l olyan k\u00e9rd\u00e9s, amiben megh\u00faznak egy vonalat \u00e9s meghat\u00e1rozz\u00e1k a (f\u0151) f\u00f3kuszokat. Jelenleg a francia, a n\u00e9met \u00e9s az osztr\u00e1k piacaikra f\u00f3kusz\u00e1lnak jobban. Minden piac m\u00e1s \u00e9s minden piac kih\u00edv\u00e1s. Hogy a c\u00e9g hol \u00e9s milyen gyorsan lesz sikeres, azt nem tudni addig, m\u00edg \u00fajabb \u00fczletet nem nyitnak.&nbsp;<\/p>\n\n\n\n<p>\u201e<em>Olyan orsz\u00e1gokba megy\u00fcnk el\u0151re B2C \u00e9rt\u00e9kes\u00edt\u00e9ssel, ahol m\u00e1r van egy j\u00f3l megalapozott m\u00e1rkaismerets\u00e9g\u00fcnk, hogy egy, m\u00e1r meg\u00e1gyazott piacon tudjunk indulni. Ez \u00edgy n\u00e9z ki Spanyolorsz\u00e1gban \u00e9s id\u00e9n nyitunk Rom\u00e1nia fel\u00e9. Emellett elind\u00edtottunk egy nagyon komoly boltnyit\u00e1si hull\u00e1mot a n\u00e9met \u00e9s a francia ter\u00fcleteken, amik nagyon t\u0151keintenz\u00edv ter\u00fcletek.<\/em>\u201d \u2013 mes\u00e9l k\u00fclf\u00f6ldi terjeszked\u00e9si terveikr\u0151l L\u00e9vai Bal\u00e1zs.<\/p>\n\n\n\n<p>Hogy hogyan ker\u00fclik el sikeresen azt a helyzetet, hogy b\u00e1rki azt \u00e9rezhesse, elveszik a piac\u00e1t, arra Bal\u00e1zs a k\u00f6vetkez\u0151 v\u00e1laszt adja:&nbsp;<\/p>\n\n\n\n<blockquote class=\"wp-block-quote is-layout-flow wp-block-quote-is-layout-flow\"><p>\u201eAz a kulcs, hogy nagyon j\u00f3 kapcsolatot kellett a B2B \u00fczletfelekkel kialak\u00edtani ahhoz, hogy \u0151k is meg\u00e9rts\u00e9k, ez nekik j\u00f3 lesz \u00e9s meg\u00e9ri. Odafigyel\u00fcnk arra, hogy a B2B \u00fcgyfeleink eg\u00e9szs\u00e9ges \u00e1rr\u00e9ssel tudjanak dolgozni, k\u00fcl\u00f6nben nincsen alapja az \u00fczleti kapcsolatnak.\u201d<\/p><cite>L\u00e9vai Bal\u00e1zs, BioTechUSA &#8211; kereskedelmi igazgat\u00f3, t\u00e1rstulajdonos<\/cite><\/blockquote>\n\n\n\n<p>A c\u00e9gcsoport a covid el\u0151ttig mondhatni penge\u00e9len t\u00e1ncolt a k\u00fclf\u00f6ldi piacokon, mivel addig az itt megnyitott \u00fczleteik konkr\u00e9tan vesztes\u00e9get termeltek. A nyeres\u00e9ges \u00e9veket a covidot k\u00f6vet\u0151 id\u0151szakt\u00f3l sz\u00e1m\u00edtj\u00e1k. Ezt a neh\u00e9zs\u00e9g\u00fcket ellens\u00falyozta a B2B kereskedelem nyeres\u00e9gess\u00e9ge, de val\u00f3j\u00e1ban ki kellett tartaniuk 5-7 \u00e9vig \u00e9s csak b\u00edzhattak abban, hogy j\u00f3 ir\u00e1nyba haladnak.<\/p>\n\n\n\n<p>\u201e<em>Hogy mondjak egy p\u00e9ld\u00e1t, nem arr\u00f3l van sz\u00f3, hogy 2014-ben megnyitottuk az els\u0151 osztr\u00e1k \u00fczlet\u00fcnket, ami az\u00f3ta is stagn\u00e1l \u00e9s erre r\u00e1h\u00faztunk k\u00f6zel t\u00edz \u00e9v v\u00e1rakoz\u00e1st, hanem l\u00e1ttuk, mely ter\u00fcleteket kell fejleszteni. Ezek az eduk\u00e1ci\u00f3, a lok\u00e1lis marketing, a csapat, a term\u00e9kportf\u00f3li\u00f3nk, a brand ismerts\u00e9ge voltak. Egyszer\u0171en olyan ir\u00e1nyba mutatott minden, hogy ennek m\u0171k\u00f6dnie kell. Ebben b\u00edztunk, hogy ezt nem l\u00e1tjuk rosszul \u00e9s term\u00e9szetesen nagy k\u0151 esett le a sz\u00edv\u00fcnkr\u0151l, amikor v\u00e9g\u00fcl sikerrel j\u00e1rtunk<\/em>.\u201d \u2013 vallja be Bal\u00e1zs.&nbsp;<\/p>\n\n\n\n<figure class=\"wp-block-image size-large\"><img loading=\"lazy\" decoding=\"async\" width=\"1024\" height=\"681\" src=\"https:\/\/bizalmikor.hu\/blog\/wp-content\/uploads\/2023\/07\/2023_O\u0308bo\u0308lha\u0301z_147-1024x681.jpg\" alt=\"\" class=\"wp-image-6881\" srcset=\"https:\/\/bizalmikor.hu\/blog\/wp-content\/uploads\/2023\/07\/2023_O\u0308bo\u0308lha\u0301z_147-1024x681.jpg 1024w, https:\/\/bizalmikor.hu\/blog\/wp-content\/uploads\/2023\/07\/2023_O\u0308bo\u0308lha\u0301z_147-300x200.jpg 300w, https:\/\/bizalmikor.hu\/blog\/wp-content\/uploads\/2023\/07\/2023_O\u0308bo\u0308lha\u0301z_147-768x511.jpg 768w, https:\/\/bizalmikor.hu\/blog\/wp-content\/uploads\/2023\/07\/2023_O\u0308bo\u0308lha\u0301z_147-1536x1022.jpg 1536w, https:\/\/bizalmikor.hu\/blog\/wp-content\/uploads\/2023\/07\/2023_O\u0308bo\u0308lha\u0301z_147-2048x1363.jpg 2048w\" sizes=\"(max-width: 1024px) 100vw, 1024px\" \/><figcaption>(Fot\u00f3: Labancz Vikt\u00f3ria, 2023.07.13. &#8211; Bizalmi K\u00f6r cs\u00facstal\u00e1lkoz\u00f3)<\/figcaption><\/figure>\n\n\n\n<h2 class=\"wp-block-heading\"><strong>A h\u00f3labda-effektus \u00e9s a legnagyobb sikerek<\/strong><\/h2>\n\n\n\n<p>A BioTechUSA n\u00e9h\u00e1ny \u00e9vvel ezel\u0151tt \u00e9rte el az az\u00f3ta is emlegetett \u00f3ri\u00e1si \u00e1tt\u00f6r\u00e9st belf\u00f6ld\u00f6n. Bal\u00e1zs megl\u00e1t\u00e1sa szerint \u2013 r\u00e9szben legal\u00e1bbis \u2013 az \u00fagynevezett h\u00f3labda-effektus a seg\u00edts\u00e9g\u00fckre volt ebben. Ez alatt \u00e9rtj\u00fck a m\u00e1rka egyre t\u00f6bb helyen val\u00f3 felbukkan\u00e1s\u00e1t, a kommunik\u00e1ci\u00f3 finomod\u00e1s\u00e1t. A v\u00e1s\u00e1rl\u00f3k egyre t\u00f6bbet tal\u00e1lkoztak a branddel \u00e9s id\u0151vel ennek meglett a hat\u00e1sa. A sikeres folyamatb\u00f3l term\u00e9szetesen kihagyhatatlan a csapat mindennapi sikerorient\u00e1lt m\u0171k\u00f6d\u00e9se, amit Bal\u00e1zs k\u00fcl\u00f6n kiemel.<\/p>\n\n\n\n<p>Az \u00e1rbev\u00e9tel ugr\u00e1sszer\u0171 n\u00f6veked\u00e9se a kor\u00e1bbi konkurencia, a Scitec Nutrition 2020-ban t\u00f6rt\u00e9n\u0151 felv\u00e1s\u00e1rl\u00e1s\u00e1nak volt k\u00f6sz\u00f6nhet\u0151. Ekkor kezd\u0151dhetett meg a m\u00e9g hat\u00e9konyabb gy\u00e1rt\u00e1s \u00e9s a folyamatok optimaliz\u00e1l\u00e1sa, aktualiz\u00e1l\u00e1sa is. Ez a l\u00e9p\u00e9s egy\u00fattal egy \u00f3ri\u00e1si lehet\u0151s\u00e9g is volt, amivel \u00e9lt is a v\u00e1llalat, \u00edrja le Bal\u00e1zs az akkori esem\u00e9nyeket.<\/p>\n\n\n\n<p>\u201e<em>A Scitec 2007, 2010 k\u00f6rny\u00e9k\u00e9n \u2013 konkr\u00e9tan, amikor mi meg\u00e9rkezt\u00fcnk a testv\u00e9remmel a v\u00e1llalathoz \u2013 a legnagyobb eur\u00f3pai trend, brand volt. Nagyon sok mindent lest\u00fcnk el t\u0151l\u00fck. Az, hogy ezek ut\u00e1n a mi csapatunk k\u00e9pess\u00e9 v\u00e1lt a legnagyobb konkurenci\u00e1nk megel\u0151z\u00e9s\u00e9re, majd felv\u00e1s\u00e1rl\u00e1s\u00e1ra, az \u00e9rzelmileg nagyon komoly siker\u00e9lm\u00e9ny volt!\u201d<\/em><\/p>\n\n\n\n<h2 class=\"wp-block-heading\"><strong>A j\u00f6v\u0151 projektjei &#8211; t\u00f6rt\u00e9nelmi beruh\u00e1z\u00e1sok<\/strong><\/h2>\n\n\n\n<p>Hogy mi az, ami a legnagyobb j\u00f6v\u0151beni c\u00e9ljuk, arra Bal\u00e1zs keresetlen egyszer\u0171s\u00e9ggel annyit v\u00e1laszol: <strong>\u201e<\/strong><em>Egyszer\u0171en jobban szeretn\u00e9nk csin\u00e1lni a dolgainkat, mint eddig, illetve a fogyaszt\u00f3inkat magasabb szinten szeretn\u00e9nk kiszolg\u00e1lni. Ennek \u00e9rdek\u00e9ben tavaly elind\u00edtottuk a c\u00e9g t\u00f6rt\u00e9net\u00e9nek minden kor\u00e1bbin\u00e1l nagyobb beruh\u00e1z\u00e1si hull\u00e1m\u00e1t, t\u00f6bbek k\u00f6z\u00f6tt p\u00e9ld\u00e1ul a logisztik\u00e1t b\u0151v\u00edtj\u00fck egy automata rakt\u00e1rral.\u201d&nbsp;<\/em><\/p>\n\n\n\n<p>A legnagyobb \u00edv\u0171 beruh\u00e1z\u00e1s a szadai gy\u00e1rt\u00f3\u00fczemben zajlik, ahol pr\u00e9mium feh\u00e9rjeszelet gy\u00e1rt\u00e1s\u00e1ra alkalmas k\u00e9t \u00faj gy\u00e1rt\u00f3sor fel\u00e1ll\u00edt\u00e1s\u00e1n dolgoznak. A jelenlegi kapacit\u00e1s \u00e9vi kb. h\u00faszmilli\u00f3 proteinszelet, ezt a sz\u00e1mot tervezik \u00e9vi sz\u00e1z-sz\u00e1zh\u00faszmilli\u00f3ra emelni egy \u00e9ven bel\u00fcl. Ehhez nagyon komoly g\u00e9peket kell v\u00e1s\u00e1rolniuk, amik milli\u00e1rdos t\u00e9telek, illetve ehhez tartoz\u00f3 rakt\u00e1ri \u00e9s szoci\u00e1lis \u00e9p\u00fcletr\u00e9szeket \u00e9p\u00edtenek. Ez a projekt egy\u00fattal \u00fajabb nagy nyom\u00e1st is helyez a csapatra, akiknek ki kell tal\u00e1lniuk, hogyan adj\u00e1k majd el az extra volument. L\u00e9vai Bal\u00e1zs azonban ezt illet\u0151en is bizakod\u00f3: \u201e<em>Most \u00fagy \u00e1llunk hozz\u00e1 ehhez, hogy amikor oda\u00e9r\u00fcnk, megtal\u00e1ljuk a megfelel\u0151 megold\u00e1st erre is<\/em>.\u201d<\/p>\n\n\n\n<p>Egy\u00fattal v\u00e9gs\u0151 f\u00e1zis\u00e1ba \u00e9rt a budapesti Huszti \u00faton tal\u00e1lhat\u00f3 kor\u00e1bbi irodah\u00e1zuk fel\u00faj\u00edt\u00e1sa, mely k\u00f6zvetlen\u00fcl a h\u00e1rom \u00e9ve \u00e1tadott \u00faj sz\u00e9kh\u00e1z mellett tal\u00e1lhat\u00f3. A moderniz\u00e1lt \u00e9p\u00fclet egy kiz\u00e1r\u00f3lag dolgoz\u00f3i haszn\u00e1latra dedik\u00e1lt edz\u0151termet is mag\u00e1ban foglal, valamint 160 munka\u00e1llom\u00e1st, amely a tov\u00e1bbi l\u00e9tsz\u00e1mb\u0151v\u00edt\u00e9st is lehet\u0151v\u00e9 teszi.&nbsp;<\/p>\n\n\n\n<p>\u00c9s hogy hossz\u00fat\u00e1von mi a legnagyobb \u00e1lmuk? Arra az az egy\u00e9rtelm\u0171 \u00e9s azonnali v\u00e1lasz, hogy szeretn\u00e9k a BioTechUSA-t glob\u00e1lis m\u00e1rk\u00e1v\u00e1 emelni Magyarorsz\u00e1gr\u00f3l. Arra a k\u00e9rd\u00e9sre, hogy mi lesz, ha ennek megl\u00e9p\u00e9se m\u00e1r a gyerekeikre marad, s hogy szeretn\u00e9k-e, ha \u0151k is tov\u00e1bb \u00f6r\u00f6k\u00edthetn\u00e9k a c\u00e9get csal\u00e1don bel\u00fcl, Bal\u00e1zs \u00edgy v\u00e1laszol:<\/p>\n\n\n\n<blockquote class=\"wp-block-quote is-layout-flow wp-block-quote-is-layout-flow\"><p>\u201e\u00d6sszess\u00e9g\u00e9ben a h\u00e9tk\u00f6znapok teszik ezt az eg\u00e9sz utat sz\u00e9pp\u00e9, j\u00f3v\u00e1, \u00fagyhogy, ha majd a gyerekeinkre marad ennek megval\u00f3s\u00edt\u00e1sa, azzal sincsen gond. Az viszont nem c\u00e9l, hogy \u0151k vigy\u00e9k tov\u00e1bb a c\u00e9get. Szerintem egy felel\u0151s sz\u00fcl\u0151 ezt soha nem t\u0171zheti ki c\u00e9lul. Majd elv\u00e1lik, hogyan d\u00f6ntenek a gyerekek.\u201d<\/p><cite>L\u00e9vai Bal\u00e1zs, BioTechUSA &#8211; kereskedelmi igazgat\u00f3, t\u00e1rstulajdonos<\/cite><\/blockquote>\n\n\n\n<figure class=\"wp-block-image size-large\"><img loading=\"lazy\" decoding=\"async\" width=\"1024\" height=\"681\" src=\"https:\/\/bizalmikor.hu\/blog\/wp-content\/uploads\/2023\/07\/2023_O\u0308bo\u0308lha\u0301z_182-1024x681.jpg\" alt=\"\" class=\"wp-image-6882\" srcset=\"https:\/\/bizalmikor.hu\/blog\/wp-content\/uploads\/2023\/07\/2023_O\u0308bo\u0308lha\u0301z_182-1024x681.jpg 1024w, https:\/\/bizalmikor.hu\/blog\/wp-content\/uploads\/2023\/07\/2023_O\u0308bo\u0308lha\u0301z_182-300x200.jpg 300w, https:\/\/bizalmikor.hu\/blog\/wp-content\/uploads\/2023\/07\/2023_O\u0308bo\u0308lha\u0301z_182-768x511.jpg 768w, https:\/\/bizalmikor.hu\/blog\/wp-content\/uploads\/2023\/07\/2023_O\u0308bo\u0308lha\u0301z_182-1536x1022.jpg 1536w, https:\/\/bizalmikor.hu\/blog\/wp-content\/uploads\/2023\/07\/2023_O\u0308bo\u0308lha\u0301z_182-2048x1363.jpg 2048w\" sizes=\"(max-width: 1024px) 100vw, 1024px\" \/><figcaption>\u00c9rdekl\u0151d\u0151 tekintetek &#8211; a Bizalmi K\u00f6r vezet\u0151i klub tagjai (Fot\u00f3: Labancz Vikt\u00f3ria, 2023.07.13. &#8211; Bizalmi K\u00f6r cs\u00facstal\u00e1lkoz\u00f3)<\/figcaption><\/figure>\n\n\n\n<h2 class=\"wp-block-heading\"><strong>\u00dat a siker fel\u00e9<\/strong><\/h2>\n\n\n\n<p>Ahogy sz\u00e1mtalan fiatal v\u00e1llalkoz\u00f3nak, Bal\u00e1zsnak is meg kellett k\u00fczdenie a tizenk\u00e9t \u00f3r\u00e1s tapos\u00f3malom id\u0151szakkal, ami szerencs\u00e9re nem dar\u00e1lta be. Azt mondja, el\u0151ny\u00e9re v\u00e1lt, hogy fiatalon cs\u00f6ppent bele ebbe a neh\u00e9z szakaszba, emellett szerencs\u00e9snek \u00e9rzi mag\u00e1t, mert k\u00e9pes volt figyelmesen szeml\u00e9lni az esem\u00e9nyek alakul\u00e1s\u00e1t:<\/p>\n\n\n\n<p>\u201e<em>Az \u00e9n tapasztalatom az, hogy ha az ember odafigyel mag\u00e1ra \u2013 \u00e9s itt kiemeln\u00e9m, nagyon fontos, hogy odafigyelj\u00fcnk magunkra \u2013, arra, hogyan is \u00e9rzi mag\u00e1t az ember egy adott szitu\u00e1ci\u00f3ban \u00e9s a v\u00e1lasz az, hogy nem annyira j\u00f3l, akkor tal\u00e1lja meg azokat a pontokat, ahol nem boldog \u00e9s ahol v\u00e1ltoztatnia kell. \u00dagy gondolom, \u00e9n ezeket megtal\u00e1ltam. Ez olyasmi volt, ami nekem seg\u00edtett \u00e9s tal\u00e1n m\u00e1s is hasznos\u00edthatja ezt a tud\u00e1st. Ezzel egy\u00fctt nyilv\u00e1n nem \u00e9rtem el \u00e9n sem a nirv\u00e1n\u00e1t, folyamatosan dolgozom magamon.<\/em>\u201d<\/p>\n\n\n\n<p>\u00c9s hogy mit tart sikernek, mit rem\u00e9l a j\u00f6v\u0151t\u0151l? Szeretn\u00e9 min\u00e9l tov\u00e1bb folytatni a megkezdett utat a c\u00e9gn\u00e9l, a m\u00e1r sokat emlegetett csapattal. Mindemellett olyasmit mond, amire tal\u00e1n nem sz\u00e1m\u00edtan\u00e1nk egy ilyen komoly eredm\u00e9nyeket felmutat\u00f3 c\u00e9g egyik tulajdonos\u00e1t\u00f3l: \u201e<em>Azt gondolom, nem szabad f\u00fcggeni semmif\u00e9le olyan anyagi dologt\u00f3l, amir\u0151l azt gondoljuk, meghat\u00e1roz minket. Nem szabad, hogy b\u00e1rmi ilyesmi meghat\u00e1rozzon.<\/em>\u201d<\/p>\n\n\n\n<p>\u00c9s v\u00e9g\u00fcl mi a c\u00e9l, ami mozgatja? Az egyszer\u0171, h\u00e9tk\u00f6znapi boldogs\u00e1g. Ahogy mondja, szeretne min\u0151s\u00e9gi id\u0151t t\u00f6lteni a szeretteivel, a csal\u00e1dj\u00e1val, a bar\u00e1taival. Szeretne sportolni \u00e9s mond m\u00e9g valamit, ami viszont tal\u00e1n meglep\u0151 ennyi prof\u00e1n, h\u00e9tk\u00f6znapian kedves k\u00edv\u00e1ns\u00e1g, v\u00e1gy kifejez\u00e9se ut\u00e1n:<\/p>\n\n\n\n<blockquote class=\"wp-block-quote is-layout-flow wp-block-quote-is-layout-flow\"><p>\u201eSemmi, legyen az b\u00e1rmilyen apr\u00f3s\u00e1g vagy apr\u00f3s\u00e1gnak t\u0171n\u0151 dolog, nem mag\u00e1t\u00f3l \u00e9rtet\u0151d\u0151. Nem j\u00e1r alanyi jogon nekem. Mindig \u00e9szre kell vennem, mik is a sz\u00e9p, apr\u00f3 dolgok.\u201d<\/p><cite>L\u00e9vai Bal\u00e1zs, BioTechUSA &#8211; kereskedelmi igazgat\u00f3, t\u00e1rstulajdonos<\/cite><\/blockquote>\n\n\n\n<p><strong>Szerz\u0151: D\u00f3sa Judit<\/strong><\/p>\n\n\n\n<hr class=\"wp-block-separator has-text-color has-background is-style-wide\" style=\"background-color:#14496b;color:#14496b\"\/>\n\n\n\n<h1 class=\"has-text-align-center has-white-color has-text-color has-background wp-block-heading\" style=\"background-color:#bd9756\"><strong>C\u00e9gvezet\u0151 vagy? Szeretn\u00e9l dinamikusabban fejl\u0151dni? \u00daj kapcsolatokat kialak\u00edtani?<\/strong><\/h1>\n\n\n\n<div class=\"wp-block-button aligncenter\"><a class=\"wp-block-button__link has-background\" href=\"https:\/\/bizalmikor.hu\/kapcsolat\/\" style=\"background-color:#14496b\" target=\"_blank\" rel=\"noreferrer noopener\"><strong>\u00c9rdekel a Bizalmi K\u00f6r klubtags\u00e1g<\/strong><\/a><\/div>\n\n\n\n<hr class=\"wp-block-separator has-text-color has-background is-style-wide\" style=\"background-color:#14496b;color:#14496b\"\/>\n","protected":false},"excerpt":{"rendered":"<p>Exkluz\u00edv: A BioTechUSA sikersztori \u00e9s ami m\u00f6g\u00f6tte van Mi motiv\u00e1lhatja, mozgathatja napi szinten egy olyan c\u00e9g vezet\u0151it, akik k\u00e9pesek kevesebb, mint egy \u00e9vtized alatt megtizenk\u00e9tszerezni nett\u00f3 \u00e1rbev\u00e9tel\u00fcket? Hihetetlen n\u00f6veked\u00e9s, elk\u00e9peszt\u0151 temp\u00f3 \u00e9s hat\u00e9konys\u00e1g. Ezek a cikk\u00fcnk legf\u0151bb h\u00edv\u00f3szavai. L\u00e9vai Bal\u00e1zs nemcsak t\u00e1rstulajdonosa \u00e9s kereskedelmi igazgat\u00f3ja a BioTechUSA-c\u00e9gcsoportnak, de operat\u00edvan foglalkozik t\u00f6bb, mint 100 orsz\u00e1gra, 4500 [&hellip;]<\/p>\n","protected":false},"author":6,"featured_media":6884,"comment_status":"closed","ping_status":"open","sticky":false,"template":"","format":"standard","meta":{"footnotes":""},"categories":[24,16],"tags":[],"yoast_head":"<!-- This site is optimized with the Yoast SEO plugin v15.4 - https:\/\/yoast.com\/wordpress\/plugins\/seo\/ -->\n<title>BioTechUSA sikersztori \u00e9s ami m\u00f6g\u00f6tte van - \u201eHa figyelembe vessz\u00fck az embereink ig\u00e9nyeit, motiv\u00e1ci\u00f3it, akkor a sz\u00e1mok val\u00f3j\u00e1ban magukt\u00f3l kezdenek j\u00f6nni.\u201d<\/title>\n<meta name=\"description\" content=\"Hihetetlen n\u00f6veked\u00e9s, elk\u00e9peszt\u0151 temp\u00f3 \u00e9s hat\u00e9konys\u00e1g. Melyek a siker kulcsai? Mi a titok? L\u00e9vai Bal\u00e1zs, a BioTechUSA kereskedelmi igazgat\u00f3ja \u00e9s t\u00e1rstulajdonosa mes\u00e9lte el, exkluz\u00edv el\u0151ad\u00e1s\u00e1ban.\" \/>\n<meta name=\"robots\" content=\"index, follow, max-snippet:-1, max-image-preview:large, max-video-preview:-1\" \/>\n<link rel=\"canonical\" href=\"https:\/\/bizalmikor.hu\/blog\/2023\/07\/18\/biotechusa-sikersztori-es-ami-mogotte-van\/\" \/>\n<meta property=\"og:locale\" content=\"hu_HU\" \/>\n<meta property=\"og:type\" content=\"article\" \/>\n<meta property=\"og:title\" content=\"BioTechUSA sikersztori \u00e9s ami m\u00f6g\u00f6tte van - \u201eHa figyelembe vessz\u00fck az embereink ig\u00e9nyeit, motiv\u00e1ci\u00f3it, akkor a sz\u00e1mok val\u00f3j\u00e1ban magukt\u00f3l kezdenek j\u00f6nni.\u201d\" \/>\n<meta property=\"og:description\" content=\"Hihetetlen n\u00f6veked\u00e9s, elk\u00e9peszt\u0151 temp\u00f3 \u00e9s hat\u00e9konys\u00e1g. Melyek a siker kulcsai? Mi a titok? L\u00e9vai Bal\u00e1zs, a BioTechUSA kereskedelmi igazgat\u00f3ja \u00e9s t\u00e1rstulajdonosa mes\u00e9lte el, exkluz\u00edv el\u0151ad\u00e1s\u00e1ban.\" \/>\n<meta property=\"og:url\" content=\"https:\/\/bizalmikor.hu\/blog\/2023\/07\/18\/biotechusa-sikersztori-es-ami-mogotte-van\/\" \/>\n<meta property=\"og:site_name\" content=\"Bizalmi K\u00f6r blog\" \/>\n<meta property=\"article:publisher\" content=\"https:\/\/www.facebook.com\/bizalmikor\" \/>\n<meta property=\"article:published_time\" content=\"2023-07-18T12:56:43+00:00\" \/>\n<meta property=\"article:modified_time\" content=\"2023-07-18T13:41:15+00:00\" \/>\n<meta property=\"og:image\" content=\"https:\/\/bizalmikor.hu\/blog\/wp-content\/uploads\/2023\/07\/BioTechUSA_CikkCover-2.jpg\" \/>\n\t<meta property=\"og:image:width\" content=\"1920\" \/>\n\t<meta property=\"og:image:height\" content=\"1000\" \/>\n<meta name=\"twitter:card\" content=\"summary_large_image\" \/>\n<meta name=\"twitter:label1\" content=\"Szerz\u0151:\">\n\t<meta name=\"twitter:data1\" content=\"Kov\u00e1cs D\u00e1niel\">\n\t<meta name=\"twitter:label2\" content=\"Becs\u00fclt olvas\u00e1si id\u0151\">\n\t<meta name=\"twitter:data2\" content=\"20 perc\">\n<script type=\"application\/ld+json\" class=\"yoast-schema-graph\">{\"@context\":\"https:\/\/schema.org\",\"@graph\":[{\"@type\":\"Organization\",\"@id\":\"https:\/\/bizalmikor.hu\/blog\/#organization\",\"name\":\"Bizalmi K\\u00f6r Kft.\",\"url\":\"https:\/\/bizalmikor.hu\/blog\/\",\"sameAs\":[\"https:\/\/www.facebook.com\/bizalmikor\",\"https:\/\/www.instagram.com\/bizalmikor\/\",\"https:\/\/www.linkedin.com\/company\/19165894\",\"https:\/\/www.youtube.com\/channel\/UC7fAD3QCIWeSexU5t6F3YOw?view_as=subscriber\"],\"logo\":{\"@type\":\"ImageObject\",\"@id\":\"https:\/\/bizalmikor.hu\/blog\/#logo\",\"inLanguage\":\"hu\",\"url\":\"https:\/\/bizalmikor.hu\/blog\/wp-content\/uploads\/2019\/02\/Group-2.png\",\"width\":4033,\"height\":1192,\"caption\":\"Bizalmi K\\u00f6r Kft.\"},\"image\":{\"@id\":\"https:\/\/bizalmikor.hu\/blog\/#logo\"}},{\"@type\":\"WebSite\",\"@id\":\"https:\/\/bizalmikor.hu\/blog\/#website\",\"url\":\"https:\/\/bizalmikor.hu\/blog\/\",\"name\":\"Bizalmi K\\u00f6r blog\",\"description\":\"Egynek minden neh\\u00e9z, soknak semmi sem lehetetlen.\",\"publisher\":{\"@id\":\"https:\/\/bizalmikor.hu\/blog\/#organization\"},\"potentialAction\":[{\"@type\":\"SearchAction\",\"target\":\"https:\/\/bizalmikor.hu\/blog\/?s={search_term_string}\",\"query-input\":\"required name=search_term_string\"}],\"inLanguage\":\"hu\"},{\"@type\":\"ImageObject\",\"@id\":\"https:\/\/bizalmikor.hu\/blog\/2023\/07\/18\/biotechusa-sikersztori-es-ami-mogotte-van\/#primaryimage\",\"inLanguage\":\"hu\",\"url\":\"https:\/\/bizalmikor.hu\/blog\/wp-content\/uploads\/2023\/07\/BioTechUSA_CikkCover-2.jpg\",\"width\":1920,\"height\":1000},{\"@type\":\"WebPage\",\"@id\":\"https:\/\/bizalmikor.hu\/blog\/2023\/07\/18\/biotechusa-sikersztori-es-ami-mogotte-van\/#webpage\",\"url\":\"https:\/\/bizalmikor.hu\/blog\/2023\/07\/18\/biotechusa-sikersztori-es-ami-mogotte-van\/\",\"name\":\"BioTechUSA sikersztori \\u00e9s ami m\\u00f6g\\u00f6tte van - \\u201eHa figyelembe vessz\\u00fck az embereink ig\\u00e9nyeit, motiv\\u00e1ci\\u00f3it, akkor a sz\\u00e1mok val\\u00f3j\\u00e1ban magukt\\u00f3l kezdenek j\\u00f6nni.\\u201d\",\"isPartOf\":{\"@id\":\"https:\/\/bizalmikor.hu\/blog\/#website\"},\"primaryImageOfPage\":{\"@id\":\"https:\/\/bizalmikor.hu\/blog\/2023\/07\/18\/biotechusa-sikersztori-es-ami-mogotte-van\/#primaryimage\"},\"datePublished\":\"2023-07-18T12:56:43+00:00\",\"dateModified\":\"2023-07-18T13:41:15+00:00\",\"description\":\"Hihetetlen n\\u00f6veked\\u00e9s, elk\\u00e9peszt\\u0151 temp\\u00f3 \\u00e9s hat\\u00e9konys\\u00e1g. Melyek a siker kulcsai? Mi a titok? L\\u00e9vai Bal\\u00e1zs, a BioTechUSA kereskedelmi igazgat\\u00f3ja \\u00e9s t\\u00e1rstulajdonosa mes\\u00e9lte el, exkluz\\u00edv el\\u0151ad\\u00e1s\\u00e1ban.\",\"inLanguage\":\"hu\",\"potentialAction\":[{\"@type\":\"ReadAction\",\"target\":[\"https:\/\/bizalmikor.hu\/blog\/2023\/07\/18\/biotechusa-sikersztori-es-ami-mogotte-van\/\"]}]},{\"@type\":\"Article\",\"@id\":\"https:\/\/bizalmikor.hu\/blog\/2023\/07\/18\/biotechusa-sikersztori-es-ami-mogotte-van\/#article\",\"isPartOf\":{\"@id\":\"https:\/\/bizalmikor.hu\/blog\/2023\/07\/18\/biotechusa-sikersztori-es-ami-mogotte-van\/#webpage\"},\"author\":{\"@id\":\"https:\/\/bizalmikor.hu\/blog\/#\/schema\/person\/d48fd5a86cd7b719ff423ad6a892c47c\"},\"headline\":\"\\u201eHa figyelembe vessz\\u00fck az embereink ig\\u00e9nyeit, motiv\\u00e1ci\\u00f3it, akkor a sz\\u00e1mok val\\u00f3j\\u00e1ban magukt\\u00f3l kezdenek j\\u00f6nni.\\u201d\",\"datePublished\":\"2023-07-18T12:56:43+00:00\",\"dateModified\":\"2023-07-18T13:41:15+00:00\",\"mainEntityOfPage\":{\"@id\":\"https:\/\/bizalmikor.hu\/blog\/2023\/07\/18\/biotechusa-sikersztori-es-ami-mogotte-van\/#webpage\"},\"publisher\":{\"@id\":\"https:\/\/bizalmikor.hu\/blog\/#organization\"},\"image\":{\"@id\":\"https:\/\/bizalmikor.hu\/blog\/2023\/07\/18\/biotechusa-sikersztori-es-ami-mogotte-van\/#primaryimage\"},\"articleSection\":\"\\u00dczleti \\u00e9rdekess\\u00e9gek,V\\u00e1llalkoz\\u00e1s\",\"inLanguage\":\"hu\"},{\"@type\":\"Person\",\"@id\":\"https:\/\/bizalmikor.hu\/blog\/#\/schema\/person\/d48fd5a86cd7b719ff423ad6a892c47c\",\"name\":\"Kov\\u00e1cs D\\u00e1niel\",\"image\":{\"@type\":\"ImageObject\",\"@id\":\"https:\/\/bizalmikor.hu\/blog\/#personlogo\",\"inLanguage\":\"hu\",\"url\":\"https:\/\/secure.gravatar.com\/avatar\/47d716fe03040c0eeabaaae8b662c6b9?s=96&d=mm&r=g\",\"caption\":\"Kov\\u00e1cs D\\u00e1niel\"}}]}<\/script>\n<!-- \/ Yoast SEO plugin. -->","_links":{"self":[{"href":"https:\/\/bizalmikor.hu\/blog\/wp-json\/wp\/v2\/posts\/6876"}],"collection":[{"href":"https:\/\/bizalmikor.hu\/blog\/wp-json\/wp\/v2\/posts"}],"about":[{"href":"https:\/\/bizalmikor.hu\/blog\/wp-json\/wp\/v2\/types\/post"}],"author":[{"embeddable":true,"href":"https:\/\/bizalmikor.hu\/blog\/wp-json\/wp\/v2\/users\/6"}],"replies":[{"embeddable":true,"href":"https:\/\/bizalmikor.hu\/blog\/wp-json\/wp\/v2\/comments?post=6876"}],"version-history":[{"count":9,"href":"https:\/\/bizalmikor.hu\/blog\/wp-json\/wp\/v2\/posts\/6876\/revisions"}],"predecessor-version":[{"id":6894,"href":"https:\/\/bizalmikor.hu\/blog\/wp-json\/wp\/v2\/posts\/6876\/revisions\/6894"}],"wp:featuredmedia":[{"embeddable":true,"href":"https:\/\/bizalmikor.hu\/blog\/wp-json\/wp\/v2\/media\/6884"}],"wp:attachment":[{"href":"https:\/\/bizalmikor.hu\/blog\/wp-json\/wp\/v2\/media?parent=6876"}],"wp:term":[{"taxonomy":"category","embeddable":true,"href":"https:\/\/bizalmikor.hu\/blog\/wp-json\/wp\/v2\/categories?post=6876"},{"taxonomy":"post_tag","embeddable":true,"href":"https:\/\/bizalmikor.hu\/blog\/wp-json\/wp\/v2\/tags?post=6876"}],"curies":[{"name":"wp","href":"https:\/\/api.w.org\/{rel}","templated":true}]}}