{"id":6948,"date":"2024-02-14T09:49:00","date_gmt":"2024-02-14T09:49:00","guid":{"rendered":"https:\/\/bizalmikor.hu\/blog\/?p=6948"},"modified":"2024-02-14T09:49:01","modified_gmt":"2024-02-14T09:49:01","slug":"mesterseges-intelligencia-februar-klubesemeny-osszefoglalo","status":"publish","type":"post","link":"https:\/\/bizalmikor.hu\/blog\/2024\/02\/14\/mesterseges-intelligencia-februar-klubesemeny-osszefoglalo\/","title":{"rendered":"Mesters\u00e9ges Intelligencia: \u00c1ld\u00e1s vagy \u00e1tok? \u2014 a febru\u00e1ri klubesem\u00e9nyek marg\u00f3j\u00e1ra"},"content":{"rendered":"\n<p><strong>Technol\u00f3giai \u00e1tt\u00f6r\u00e9s, vagy elveszett v\u00e1llalatok? A febru\u00e1r 7-\u00e9n \u00e9s 8-\u00e1n megrendezett telth\u00e1zas klubesem\u00e9nyek f\u00f3kusz\u00e1ban a mesters\u00e9ges intelligencia \u00e1llt, a megh\u00edvott szak\u00e9rt\u0151k el\u0151ad\u00e1sai ut\u00e1n pedig a legt\u00f6bb r\u00e9sztvev\u0151 egy \u00e9letre sz\u00f3l\u00f3 \u00e9lm\u00e9nyt vihetett haza mag\u00e1val.<\/strong><\/p>\n\n\n\n<blockquote class=\"wp-block-quote is-layout-flow wp-block-quote-is-layout-flow\"><p>\u201eEz eg\u00e9szen hihetetlen\u201d, \u201eLe vagyok ny\u0171g\u00f6zve\u201d. <\/p><\/blockquote>\n\n\n\n<h2 class=\"wp-block-heading\">Ilyen mondatokt\u00f3l volt hangos a Bizalmi K\u00f6r els\u0151 idei klubesem\u00e9nyeinek otthont ad\u00f3 \u00d6b\u00f6lH\u00e1z Rendezv\u00e9nyk\u00f6zpont.&nbsp;<\/h2>\n\n\n\n<p><\/p>\n\n\n\n<p>Az ember k\u00f6nnyen gondolhatn\u00e1, hogy egy h\u00edres \u00e9nekes tette tisztelet\u00e9t a meg\u00fajult helysz\u00ednen, ebben az esetben azonban eg\u00e9szen m\u00e1sr\u00f3l van sz\u00f3 \u2014 ett\u0151l f\u00fcggetlen\u00fcl a csod\u00e1lkoz\u00e1s m\u00e9rt\u00e9ke a legnagyobb zenei fesztiv\u00e1lok nagykoncertjeit juttatta az esz\u00fcnkbe.<\/p>\n\n\n\n<p>A Sz\u00e9chenyi, a Kossuth, a De\u00e1k, \u00e9s L\u00e1nch\u00edd Vezet\u0151i Klub tagjai ugyanis napjaink egyik legfontosabb \u00e9s legmegoszt\u00f3bb jelens\u00e9ge, a mesters\u00e9ges intelligencia t\u00e9m\u00e1j\u00e1ban tekinthettek meg k\u00fcl\u00f6nb\u00f6z\u0151 el\u0151ad\u00e1sokat, amely k\u00e9rd\u00e9sk\u00f6r nem is lehetne aktu\u00e1lisabb, mint most.<\/p>\n\n\n\n<p>Az emberek szerte a vil\u00e1gon ugyanis gyakran f\u00e9lelemmel viseltetnek a mesters\u00e9ges intelligenci\u00e1val szemben. Ennek oka lehet az ismeretlent\u0151l val\u00f3 f\u00e9lelem, de az MI \u00e1ltal potenci\u00e1lisan jelentett kock\u00e1zatokat is rendszeresen eml\u00edtik.&nbsp;<\/p>\n\n\n\n<p>Tov\u00e1bb\u00e1, sokan att\u00f3l tartanak, hogy a mesters\u00e9ges intelligencia eljelent\u00e9ktelen\u00edtheti a sok \u00e9v alatt megszerzett tud\u00e1sukat, ez\u00e1ltal pedig elveszi a munk\u00e1jukat.<\/p>\n\n\n\n<h2 class=\"wp-block-heading\">Azt ugyan nem \u00e1ll\u00edtjuk, hogy minden l\u00e9tez\u0151 aggodalomat \u00e9s k\u00e9telyt eloszlattunk, de egy biztos: az el\u0151ad\u00e1sok ut\u00e1n m\u00e9g az MI-szkeptikus r\u00e9sztvev\u0151k is elismert\u00e9k, hogy igenis l\u00e9p\u00e9st kell tartani ezzel az \u00faj technol\u00f3gi\u00e1val, \u00e9s ki kell haszn\u00e1lni az el\u0151nyeit.&nbsp;<\/h2>\n\n\n\n<p><\/p>\n\n\n\n<p>Aprop\u00f3 fesztiv\u00e1lok, az ehavi rendezv\u00e9nyeink \u201eheadliner-list\u00e1ja\u201d igen impoz\u00e1nsra sikeredett: a Sz\u00e9chenyi Klub tagjainak <strong>Bene Gerg\u0151<\/strong>, az AI Media t\u00e1rstulajdonosa mutatta be a ChatGPT m\u0171k\u00f6d\u00e9s\u00e9t \u00e9s tr\u00fckkjeit, a Kossuth-klubesem\u00e9nyen pedig <strong>Balogh P\u00e9ter, Petya<\/strong> \u00e9s <strong>P. T\u00f3th Andr\u00e1s<\/strong> az MI jelenlegi \u00e9s j\u00f6v\u0151beli alkalmaz\u00e1sair\u00f3l \u00e9s szerepeir\u0151l besz\u00e9ltek a v\u00e1llalkoz\u00e1sok szemsz\u00f6g\u00e9b\u0151l.<\/p>\n\n\n\n<p>A szerdai nap r\u00e9sztvev\u0151inek sem lehetett okuk a panaszra, hiszen a De\u00e1k Klub tagjaival K\u00fcrti Tam\u00e1s moder\u00e1l\u00e1s\u00e1ban a K\u00fcrt Akad\u00e9mia szak\u00e9rt\u0151i, <strong>Orovica Szil\u00e1rd<\/strong> \u00e9s <strong>Szal\u00f3czy N\u00f3ra<\/strong> osztott\u00e1k meg a tapasztalataikat, m\u00edg Bene Gerg\u0151 a L\u00e1nch\u00edd Klubot is leny\u0171g\u00f6zte a prezent\u00e1ci\u00f3j\u00e1val.<\/p>\n\n\n\n<p>B\u00e1tran kijelenthetj\u00fck, hogy az el\u0151bb felsorolt el\u0151ad\u00e1sok mindegyike elk\u00e1pr\u00e1ztatta a klubtagokat, ami nem meglep\u0151, hiszen a strat\u00e9giai partnereink, a <strong>K\u00fcrt Akad\u00e9mia<\/strong>, a <strong>STRT Holding<\/strong>, \u00e9s a <strong>HVG <\/strong>\u00e1ltal biztos\u00edtott szak\u00e9rt\u0151k egy olyan \u00faj vil\u00e1gba kalauzolt\u00e1k el a r\u00e9sztvev\u0151ket, amely alapjaiban hat\u00e1rozza meg a v\u00e1llalkoz\u00e1sok \u00e9let\u00e9t.<\/p>\n\n\n\n<h2 class=\"wp-block-heading\">A lassacsk\u00e1n szinte mindent leural\u00f3 MI-t\u00e9ma mellett azonban a vezet\u0151i kih\u00edv\u00e1sokkal kapcsolatos k\u00e9rd\u00e9sk\u00f6r sem maradt h\u00e1tt\u00e9rben: a piacvezet\u0151i st\u00e1tuszr\u00f3l, a megfelel\u0151 strat\u00e9gi\u00e1r\u00f3l, \u00e9s a munka-mag\u00e1n\u00e9let egyens\u00faly fenntart\u00e1s\u00e1r\u00f3l ugyanis egy p\u00f3diumbesz\u00e9lget\u00e9s form\u00e1j\u00e1ban esett sz\u00f3.<\/h2>\n\n\n\n<p><\/p>\n\n\n\n<p>A f\u0151szerepl\u0151k a Bizalmi K\u00f6r nagy\u00e1gy\u00fai voltak, ugyanis a besz\u00e9lget\u00e9sen a 2022-es \u00e9s a 2023-as Leader of The Year-gy\u0151ztesek, azaz <strong>Juh\u00e1sz Attila<\/strong>, az \u00fajH\u00e1z Centrum \u00e9s a Piramis \u00c9p\u00edt\u0151h\u00e1z Kft. vezet\u0151je, illetve <strong>Kalocsai Zsolt<\/strong>, az RSM Hungary eln\u00f6k-vez\u00e9rigazgat\u00f3ja vett r\u00e9szt, amelyet a Bizalmi K\u00f6r alap\u00edt\u00f3ja, <strong>Gangel P\u00e9ter <\/strong>moder\u00e1lt.<\/p>\n\n\n\n<p>Az el\u0151ad\u00e1sok ut\u00e1n k\u00edv\u00e1ncsiak voltunk a klubtagjaink v\u00e9lem\u00e9ny\u00e9re, \u00e9s \u00f6r\u00f6mmel summ\u00e1ztuk, hogy a megk\u00e9rdezettek kiv\u00e9tel n\u00e9lk\u00fcl hi\u00e1nyp\u00f3tl\u00f3k\u00e9nt hivatkoztak mind a t\u00e9mav\u00e1laszt\u00e1sra, mind az el\u0151ad\u00f3kra. T\u00f6bben azt mondt\u00e1k, hogy az el\u0151ad\u00e1sok ut\u00e1n eg\u00e9szen m\u00e1shogy tekintenek az MI-re, s\u0151t, a v\u00e1llalkoz\u00e1saik mindennapjaiba is be akarj\u00e1k majd \u00e9p\u00edteni ezt az \u00faj technol\u00f3gi\u00e1t.<\/p>\n\n\n\n<p>Egy vadonat\u00faj innov\u00e1ci\u00f3t elsaj\u00e1t\u00edtani azonban nem k\u00f6nny\u0171 feladat, pont emiatt a m\u00e1rciusi klubesem\u00e9nyeken tov\u00e1bb robogunk az MI-vonalon, ugyanis Bene Gerg\u0151, K\u00fcrti Tam\u00e1s, illetve P. T\u00f3th Andr\u00e1s \u00e9s Balogh P\u00e9ter, Petya folytatj\u00e1k a febru\u00e1ri el\u0151ad\u00e1saikat, s\u0151t, Petya egy \u00f6n\u00e1ll\u00f3 workshoppal is k\u00e9sz\u00fcl. A k\u00f6vetkez\u0151 klubesem\u00e9nyeken, hasonl\u00f3an az ehavi programhoz, m\u00e1s t\u00e9m\u00e1kr\u00f3l is lesz sz\u00f3. Ezt a szekci\u00f3t <strong>Pongor-Juh\u00e1sz Attila <\/strong>\u00e9s <strong>Vityi P\u00e9ter <\/strong>el\u0151ad\u00e1sai fogj\u00e1k f\u00e9mjelezni.<\/p>\n\n\n\n<h2 class=\"wp-block-heading\">A j\u00f6v\u0151 h\u00f3napi el\u0151ad\u00e1sokra \u00f3ri\u00e1si az \u00e9rdekl\u0151d\u00e9s, ha nem akartok lemaradni, jelentkezzetek be m\u00e9g ma a Bizalmi K\u00f6r-applik\u00e1ci\u00f3ban a m\u00e1rciusi klubesem\u00e9nyekre, amelyek r\u00e9szleteit a k\u00f6z\u00f6ss\u00e9gi m\u00e9dia fel\u00fcleteinken megtal\u00e1lhatj\u00e1tok!<\/h2>\n\n\n\n<hr class=\"wp-block-separator is-style-wide\"\/>\n\n\n\n<p class=\"has-text-align-center has-white-color has-text-color has-background\" style=\"background-color:#bc9655\"><strong>Ha szeretn\u00e9l a leginnovat\u00edvabb c\u00e9gvezet\u0151k k\u00f6z\u00e9 tartozni, ne habozz, t\u00f6ltsd ki az al\u00e1bbi \u0171rlapot \u00e9s visszah\u00edvunk!<\/strong><\/p>\n\n\n\n<script async src=\"https:\/\/r3.minicrm.hu\/api\/minicrm.js?t=1707742343\"><\/script>\n<link rel=\"stylesheet\" href=\"https:\/\/r3.minicrm.hu\/api\/minicrm.css\">\n<style><\/style>\n<form FormHash=\"51855-1sl03jl6580kfr7ignab0oj7so5r9e\" action=\"https:\/\/r3.minicrm.hu\/Api\/Signup\" method=\"post\" class=\"TurnKeyCRM\" id=\"Web\">\n                        <fieldset>\n            <legend>\u00c9rdekl\u0151d\u00e9si \u0171rlap<\/legend>\n                                        <div class='InputBlock'>\n                    <label for=\"Contact_LastName_2413\" class=\"Required\">Vezet\u00e9kn\u00e9v<\/label>\n                                                                \n                                            <input  data-field=\"LastName\" data-table=\"Contact\" data-type=\"Person\" name=\"Contact[2413][LastName]\" id=\"Contact_LastName_2413\" language=\"HU\" type=\"text\" \/>\n                                                        <\/div>\n                            <div class='InputBlock'>\n                    <label for=\"Contact_FirstName_2413\" class=\"Required\">Keresztn\u00e9v<\/label>\n                                                                \n                                            <input  data-field=\"FirstName\" data-table=\"Contact\" data-type=\"Person\" name=\"Contact[2413][FirstName]\" id=\"Contact_FirstName_2413\" language=\"HU\" type=\"text\" \/>\n                                                        <\/div>\n                            <div class='InputBlock'>\n                    <label for=\"Contact_Name_2412\" class=\"Required\">C\u00e9gn\u00e9v<\/label>\n                                                                \n                                            <input  data-field=\"Name\" data-table=\"Contact\" data-type=\"Business\" name=\"Contact[2412][Name]\" id=\"Contact_Name_2412\" language=\"HU\" type=\"text\" \/>\n                                                        <\/div>\n                            <div class='InputBlock'>\n                    <label for=\"Contact_Phone_2413\" class=\"Required\">Telefonsz\u00e1m<\/label>\n                                                                \n                                            <input  data-field=\"Phone\" data-table=\"Contact\" data-type=\"Person\" name=\"Contact[2413][Phone]\" id=\"Contact_Phone_2413\" language=\"HU\" type=\"text\" \/>\n                                                        <\/div>\n                            <div class='InputBlock'>\n                    <label for=\"Contact_Email_2413\" class=\"Required\">Email-c\u00edm<\/label>\n                                                                \n                                            <input  data-field=\"Email\" data-table=\"Contact\" data-type=\"Person\" name=\"Contact[2413][Email]\" id=\"Contact_Email_2413\" language=\"HU\" type=\"text\" \/>\n                                                        <\/div>\n                            <div class='InputBlock'>\n                    <label for=\"ToDo_Comment_2415\" >\u00dczenet<\/label>\n                                                                \n                                            <textarea  data-field=\"Comment\" data-table=\"ToDo\" data-type=\"\" name=\"ToDo[2415][Comment]\" id=\"ToDo_Comment_2415\" language=\"HU\"><\/textarea>\n                                                        <\/div>\n                                <\/fieldset>\n        \n    <div id=\"Response_51855-1sl03jl6580kfr7ignab0oj7so5r9e\" style=\"display: none;\" class=\"Response\"><\/div>\n    <input id=\"Submit_51855-1sl03jl6580kfr7ignab0oj7so5r9e\" type=\"Submit\" value=\"K\u00fcld\u00e9s\">\n<\/form>\n","protected":false},"excerpt":{"rendered":"<p>Technol\u00f3giai \u00e1tt\u00f6r\u00e9s, vagy elveszett v\u00e1llalatok? A febru\u00e1r 7-\u00e9n \u00e9s 8-\u00e1n megrendezett telth\u00e1zas klubesem\u00e9nyek f\u00f3kusz\u00e1ban a mesters\u00e9ges intelligencia \u00e1llt, a megh\u00edvott szak\u00e9rt\u0151k el\u0151ad\u00e1sai ut\u00e1n pedig a legt\u00f6bb r\u00e9sztvev\u0151 egy \u00e9letre sz\u00f3l\u00f3 \u00e9lm\u00e9nyt vihetett haza mag\u00e1val.<\/p>\n","protected":false},"author":8,"featured_media":6963,"comment_status":"closed","ping_status":"open","sticky":false,"template":"","format":"standard","meta":{"footnotes":""},"categories":[32,27,16,21],"tags":[65,64,66,55,17,68,67,22],"yoast_head":"<!-- This site is optimized with the Yoast SEO plugin v15.4 - https:\/\/yoast.com\/wordpress\/plugins\/seo\/ -->\n<title>Mesters\u00e9ges Intelligencia: \u00c1ld\u00e1s vagy \u00e1tok? \u2014 a febru\u00e1ri klubesem\u00e9nyek marg\u00f3j\u00e1ra Mesters\u00e9ges Intelligencia: \u00c1ld\u00e1s vagy \u00e1tok?<\/title>\n<meta name=\"description\" content=\"A febru\u00e1r 7 \u00e9s 8-\u00e1n megrendezett Bizalmi K\u00f6rvezet\u0151i klubok el\u0151ad\u00e1sain a mesters\u00e9ges inteligencia volt a k\u00f6z\u00e9ppontban.\" \/>\n<meta name=\"robots\" content=\"index, follow, max-snippet:-1, max-image-preview:large, max-video-preview:-1\" \/>\n<link rel=\"canonical\" href=\"https:\/\/bizalmikor.hu\/blog\/2024\/02\/14\/mesterseges-intelligencia-februar-klubesemeny-osszefoglalo\/\" \/>\n<meta property=\"og:locale\" content=\"hu_HU\" \/>\n<meta property=\"og:type\" content=\"article\" \/>\n<meta property=\"og:title\" content=\"Mesters\u00e9ges Intelligencia: \u00c1ld\u00e1s vagy \u00e1tok? \u2014 a febru\u00e1ri klubesem\u00e9nyek marg\u00f3j\u00e1ra Mesters\u00e9ges Intelligencia: \u00c1ld\u00e1s vagy \u00e1tok?\" \/>\n<meta property=\"og:description\" content=\"A febru\u00e1r 7 \u00e9s 8-\u00e1n megrendezett Bizalmi K\u00f6rvezet\u0151i klubok el\u0151ad\u00e1sain a mesters\u00e9ges inteligencia volt a k\u00f6z\u00e9ppontban.\" \/>\n<meta property=\"og:url\" content=\"https:\/\/bizalmikor.hu\/blog\/2024\/02\/14\/mesterseges-intelligencia-februar-klubesemeny-osszefoglalo\/\" \/>\n<meta property=\"og:site_name\" content=\"Bizalmi K\u00f6r blog\" \/>\n<meta property=\"article:publisher\" content=\"https:\/\/www.facebook.com\/bizalmikor\" \/>\n<meta property=\"article:published_time\" content=\"2024-02-14T09:49:00+00:00\" \/>\n<meta property=\"article:modified_time\" content=\"2024-02-14T09:49:01+00:00\" \/>\n<meta property=\"og:image\" content=\"https:\/\/bizalmikor.hu\/blog\/wp-content\/uploads\/2024\/02\/Frame-1321-scaled.jpg\" \/>\n\t<meta property=\"og:image:width\" content=\"2560\" \/>\n\t<meta property=\"og:image:height\" content=\"1334\" \/>\n<meta name=\"twitter:card\" content=\"summary_large_image\" \/>\n<meta name=\"twitter:label1\" content=\"Szerz\u0151:\">\n\t<meta name=\"twitter:data1\" content=\"B\u00f3dis Tam\u00e1s\">\n\t<meta name=\"twitter:label2\" content=\"Becs\u00fclt olvas\u00e1si id\u0151\">\n\t<meta name=\"twitter:data2\" content=\"4 perc\">\n<script type=\"application\/ld+json\" class=\"yoast-schema-graph\">{\"@context\":\"https:\/\/schema.org\",\"@graph\":[{\"@type\":\"Organization\",\"@id\":\"https:\/\/bizalmikor.hu\/blog\/#organization\",\"name\":\"Bizalmi K\\u00f6r Kft.\",\"url\":\"https:\/\/bizalmikor.hu\/blog\/\",\"sameAs\":[\"https:\/\/www.facebook.com\/bizalmikor\",\"https:\/\/www.instagram.com\/bizalmikor\/\",\"https:\/\/www.linkedin.com\/company\/19165894\",\"https:\/\/www.youtube.com\/channel\/UC7fAD3QCIWeSexU5t6F3YOw?view_as=subscriber\"],\"logo\":{\"@type\":\"ImageObject\",\"@id\":\"https:\/\/bizalmikor.hu\/blog\/#logo\",\"inLanguage\":\"hu\",\"url\":\"https:\/\/bizalmikor.hu\/blog\/wp-content\/uploads\/2019\/02\/Group-2.png\",\"width\":4033,\"height\":1192,\"caption\":\"Bizalmi K\\u00f6r Kft.\"},\"image\":{\"@id\":\"https:\/\/bizalmikor.hu\/blog\/#logo\"}},{\"@type\":\"WebSite\",\"@id\":\"https:\/\/bizalmikor.hu\/blog\/#website\",\"url\":\"https:\/\/bizalmikor.hu\/blog\/\",\"name\":\"Bizalmi K\\u00f6r blog\",\"description\":\"Egynek minden neh\\u00e9z, soknak semmi sem lehetetlen.\",\"publisher\":{\"@id\":\"https:\/\/bizalmikor.hu\/blog\/#organization\"},\"potentialAction\":[{\"@type\":\"SearchAction\",\"target\":\"https:\/\/bizalmikor.hu\/blog\/?s={search_term_string}\",\"query-input\":\"required name=search_term_string\"}],\"inLanguage\":\"hu\"},{\"@type\":\"ImageObject\",\"@id\":\"https:\/\/bizalmikor.hu\/blog\/2024\/02\/14\/mesterseges-intelligencia-februar-klubesemeny-osszefoglalo\/#primaryimage\",\"inLanguage\":\"hu\",\"url\":\"https:\/\/bizalmikor.hu\/blog\/wp-content\/uploads\/2024\/02\/Frame-1321-scaled.jpg\",\"width\":2560,\"height\":1334},{\"@type\":\"WebPage\",\"@id\":\"https:\/\/bizalmikor.hu\/blog\/2024\/02\/14\/mesterseges-intelligencia-februar-klubesemeny-osszefoglalo\/#webpage\",\"url\":\"https:\/\/bizalmikor.hu\/blog\/2024\/02\/14\/mesterseges-intelligencia-februar-klubesemeny-osszefoglalo\/\",\"name\":\"Mesters\\u00e9ges Intelligencia: \\u00c1ld\\u00e1s vagy \\u00e1tok? \\u2014 a febru\\u00e1ri klubesem\\u00e9nyek marg\\u00f3j\\u00e1ra Mesters\\u00e9ges Intelligencia: \\u00c1ld\\u00e1s vagy \\u00e1tok?\",\"isPartOf\":{\"@id\":\"https:\/\/bizalmikor.hu\/blog\/#website\"},\"primaryImageOfPage\":{\"@id\":\"https:\/\/bizalmikor.hu\/blog\/2024\/02\/14\/mesterseges-intelligencia-februar-klubesemeny-osszefoglalo\/#primaryimage\"},\"datePublished\":\"2024-02-14T09:49:00+00:00\",\"dateModified\":\"2024-02-14T09:49:01+00:00\",\"description\":\"A febru\\u00e1r 7 \\u00e9s 8-\\u00e1n megrendezett Bizalmi K\\u00f6rvezet\\u0151i klubok el\\u0151ad\\u00e1sain a mesters\\u00e9ges inteligencia volt a k\\u00f6z\\u00e9ppontban.\",\"inLanguage\":\"hu\",\"potentialAction\":[{\"@type\":\"ReadAction\",\"target\":[\"https:\/\/bizalmikor.hu\/blog\/2024\/02\/14\/mesterseges-intelligencia-februar-klubesemeny-osszefoglalo\/\"]}]},{\"@type\":\"Article\",\"@id\":\"https:\/\/bizalmikor.hu\/blog\/2024\/02\/14\/mesterseges-intelligencia-februar-klubesemeny-osszefoglalo\/#article\",\"isPartOf\":{\"@id\":\"https:\/\/bizalmikor.hu\/blog\/2024\/02\/14\/mesterseges-intelligencia-februar-klubesemeny-osszefoglalo\/#webpage\"},\"author\":{\"@id\":\"https:\/\/bizalmikor.hu\/blog\/#\/schema\/person\/900f8fade04f1445876464ca8392b3a0\"},\"headline\":\"Mesters\\u00e9ges Intelligencia: \\u00c1ld\\u00e1s vagy \\u00e1tok? \\u2014 a febru\\u00e1ri klubesem\\u00e9nyek marg\\u00f3j\\u00e1ra\",\"datePublished\":\"2024-02-14T09:49:00+00:00\",\"dateModified\":\"2024-02-14T09:49:01+00:00\",\"mainEntityOfPage\":{\"@id\":\"https:\/\/bizalmikor.hu\/blog\/2024\/02\/14\/mesterseges-intelligencia-februar-klubesemeny-osszefoglalo\/#webpage\"},\"publisher\":{\"@id\":\"https:\/\/bizalmikor.hu\/blog\/#organization\"},\"image\":{\"@id\":\"https:\/\/bizalmikor.hu\/blog\/2024\/02\/14\/mesterseges-intelligencia-februar-klubesemeny-osszefoglalo\/#primaryimage\"},\"keywords\":\"bizalmik\\u00f6r,el\\u0151ad\\u00e1s,febru\\u00e1r,klubesem\\u00e9ny,networking,\\u00f6b\\u00f6lh\\u00e1z,\\u00f6sszefoglal\\u00f3,vezet\\u0151i klub\",\"articleSection\":\"Marketing,Rendezv\\u00e9ny,V\\u00e1llalkoz\\u00e1s,Vezet\\u0151i klub\",\"inLanguage\":\"hu\"},{\"@type\":\"Person\",\"@id\":\"https:\/\/bizalmikor.hu\/blog\/#\/schema\/person\/900f8fade04f1445876464ca8392b3a0\",\"name\":\"B\\u00f3dis Tam\\u00e1s\",\"image\":{\"@type\":\"ImageObject\",\"@id\":\"https:\/\/bizalmikor.hu\/blog\/#personlogo\",\"inLanguage\":\"hu\",\"url\":\"https:\/\/secure.gravatar.com\/avatar\/424c0da6ffff0c3ace2283d1d9447f38?s=96&d=mm&r=g\",\"caption\":\"B\\u00f3dis Tam\\u00e1s\"}}]}<\/script>\n<!-- \/ Yoast SEO plugin. -->","_links":{"self":[{"href":"https:\/\/bizalmikor.hu\/blog\/wp-json\/wp\/v2\/posts\/6948"}],"collection":[{"href":"https:\/\/bizalmikor.hu\/blog\/wp-json\/wp\/v2\/posts"}],"about":[{"href":"https:\/\/bizalmikor.hu\/blog\/wp-json\/wp\/v2\/types\/post"}],"author":[{"embeddable":true,"href":"https:\/\/bizalmikor.hu\/blog\/wp-json\/wp\/v2\/users\/8"}],"replies":[{"embeddable":true,"href":"https:\/\/bizalmikor.hu\/blog\/wp-json\/wp\/v2\/comments?post=6948"}],"version-history":[{"count":11,"href":"https:\/\/bizalmikor.hu\/blog\/wp-json\/wp\/v2\/posts\/6948\/revisions"}],"predecessor-version":[{"id":6961,"href":"https:\/\/bizalmikor.hu\/blog\/wp-json\/wp\/v2\/posts\/6948\/revisions\/6961"}],"wp:featuredmedia":[{"embeddable":true,"href":"https:\/\/bizalmikor.hu\/blog\/wp-json\/wp\/v2\/media\/6963"}],"wp:attachment":[{"href":"https:\/\/bizalmikor.hu\/blog\/wp-json\/wp\/v2\/media?parent=6948"}],"wp:term":[{"taxonomy":"category","embeddable":true,"href":"https:\/\/bizalmikor.hu\/blog\/wp-json\/wp\/v2\/categories?post=6948"},{"taxonomy":"post_tag","embeddable":true,"href":"https:\/\/bizalmikor.hu\/blog\/wp-json\/wp\/v2\/tags?post=6948"}],"curies":[{"name":"wp","href":"https:\/\/api.w.org\/{rel}","templated":true}]}}