{"id":6983,"date":"2024-03-12T09:08:49","date_gmt":"2024-03-12T09:08:49","guid":{"rendered":"https:\/\/bizalmikor.hu\/blog\/?p=6983"},"modified":"2024-03-12T14:29:57","modified_gmt":"2024-03-12T14:29:57","slug":"marcius-klubesemeny-osszefoglalo","status":"publish","type":"post","link":"https:\/\/bizalmikor.hu\/blog\/2024\/03\/12\/marcius-klubesemeny-osszefoglalo\/","title":{"rendered":"Lend\u00fcletben a tavasz, meg\u00fajultak a klubesem\u00e9nyek!"},"content":{"rendered":"\n<p><strong>A napokban megrendezt\u00fck a m\u00e1rciusi klubesem\u00e9nyeineket, ahol mind a meg\u00fajult helysz\u00edn, mind a lend\u00fcletes el\u0151ad\u00e1sok \u00f3ri\u00e1si sikert arattak!<\/strong><\/p>\n\n\n\n<p><strong>Im\u00e1dt\u00e1tok a meg\u00fajult helysz\u00ednt \u00e9s a sallangmentes programot!<\/strong><\/p>\n\n\n\n<p>A m\u00e1rcius 5-\u00e9n \u00e9s 6-\u00e1n megrendezett klubesem\u00e9nyeket k\u00f6vet\u0151en sok minden miatt \u00e9rezz\u00fck magunkat h\u00e1l\u00e1snak, de tal\u00e1n a klubtagjaink visszajelz\u00e9sei miatt vagyunk a legboldogabbak, ugyanis az esem\u00e9nyek ut\u00e1n fontos k\u00e9rd\u00e9seket tett\u00fcnk fel a jelenl\u00e9v\u0151knek!&nbsp;<\/p>\n\n\n\n<p>Arra voltunk ugyanis k\u00edv\u00e1ncsiak, hogy a Bizalmi K\u00f6r meg\u00fajult esem\u00e9nyein kinek mi tetszett a legjobban, \u00e9s b\u00fcszk\u00e9n jelentj\u00fck, hogy a sallangmentes programot, a lend\u00fcletes el\u0151ad\u00e1sokat, \u00e9s az exkluz\u00edv helysz\u00ednt is rengetegen eml\u00edtett\u00e9k, ami \u00f3ri\u00e1si \u00f6r\u00f6m\u00f6t jelent a sz\u00e1munkra !<\/p>\n\n\n\n<figure class=\"wp-block-image size-large is-resized\"><img loading=\"lazy\" decoding=\"async\" src=\"https:\/\/bizalmikor.hu\/blog\/wp-content\/uploads\/2024\/03\/BK2024.03.05_012-1024x681.jpg\" alt=\"\" class=\"wp-image-6987\" width=\"701\" height=\"465\" srcset=\"https:\/\/bizalmikor.hu\/blog\/wp-content\/uploads\/2024\/03\/BK2024.03.05_012-1024x681.jpg 1024w, https:\/\/bizalmikor.hu\/blog\/wp-content\/uploads\/2024\/03\/BK2024.03.05_012-300x200.jpg 300w, https:\/\/bizalmikor.hu\/blog\/wp-content\/uploads\/2024\/03\/BK2024.03.05_012-768x511.jpg 768w, https:\/\/bizalmikor.hu\/blog\/wp-content\/uploads\/2024\/03\/BK2024.03.05_012-1536x1022.jpg 1536w\" sizes=\"(max-width: 701px) 100vw, 701px\" \/><\/figure>\n\n\n\n<p><strong>F\u00f3kuszban az el\u0151ad\u00f3k!<\/strong><\/p>\n\n\n\n<p>Kedd d\u00e9lel\u0151tt a Kossuth Klubban <strong>Balogh Petya<\/strong> \u00e9s <strong>P. T\u00f3th Andr\u00e1s<\/strong>, a STRT Akad\u00e9mia vezet\u0151i nyitott\u00e1k meg az esem\u00e9nycunamit egy leny\u0171g\u00f6z\u0151 el\u0151ad\u00e1ssal az AI jelen\u00e9r\u0151l \u00e9s j\u00f6v\u0151beli kil\u00e1t\u00e1sair\u00f3l. D\u00e9lut\u00e1n a Sz\u00e9chenyi Klubban <strong>Vityi P\u00e9ter<\/strong>, a K\u00dcRT Akad\u00e9mia szenior strat\u00e9gia \u00e9s digitaliz\u00e1ci\u00f3s szak\u00e9rt\u0151je vette \u00e1t a staf\u00e9t\u00e1t, aki a v\u00e1llalati t\u0171zolt\u00e1sr\u00f3l, \u00e9s a j\u00f3 szervezetek fel\u00e9p\u00edt\u00e9sr\u0151l, \u00e9s azoknak a tr\u00fckkjeir\u0151l mes\u00e9lt!<\/p>\n\n\n\n<p>Szerda d\u00e9lel\u0151tt a De\u00e1k Klub adott otthont <strong>Pongor-Juh\u00e1sz Attila<\/strong>, a Pongor Group alap\u00edt\u00f3j\u00e1nak el\u0151ad\u00e1s\u00e1nak, aki az operat\u00edv vezet\u0151k fontoss\u00e1g\u00e1ra, \u00e9s vezet\u0151k legnagyobb dilemm\u00e1ira adott v\u00e1laszt. A napot a L\u00e1nch\u00edd Klub z\u00e1rta, ahol <strong>Bene Gerg\u0151<\/strong> \u00e9s <strong>Orovica Szil\u00e1rd<\/strong> az MI gyakorlati alkalmaz\u00e1sainak tr\u00fckkjeibe, \u00e9s a technol\u00f3gia j\u00f6v\u0151j\u00e9be avattak be minket.<\/p>\n\n\n\n<p><strong>\u00d3ri\u00e1si siker a strat\u00e9giai partners\u00e9g!<\/strong><\/p>\n\n\n\n<p>A fentebb eml\u00edtett remek el\u0151ad\u00e1sok nem j\u00f6hettek volna l\u00e9tre az \u00faj strat\u00e9giai partnereink n\u00e9lk\u00fcl, akik \u00faj lend\u00fcletet hoztak a Bizalmi K\u00f6r klubesem\u00e9nyei \u00e9let\u00e9be! K\u00fcl\u00f6n k\u00f6sz\u00f6net a <strong>HVG<\/strong>-nek, a <strong>STRT Akad\u00e9mi\u00e1nak<\/strong>, \u00e9s a <strong>K\u00dcRT Akad\u00e9mi\u00e1nak<\/strong> a gy\u00fcm\u00f6lcs\u00f6z\u0151 egy\u00fcttm\u0171k\u00f6d\u00e9st!<\/p>\n\n\n\n<p><strong>De mire sz\u00e1m\u00edthatunk a k\u00f6vetkez\u0151 alkalommal?<\/strong><\/p>\n\n\n\n<p>\u00c1prilis 9-\u00e9n, 9.30-t\u00f3l Vityi P\u00e9ter a Kossuth Klubnak is bemutatja a gyakorlatias, m\u00e9gis elgondolkodtat\u00f3 el\u0151ad\u00e1s\u00e1t, Bene Gerg\u0151 pedig el\u0151bb kedd 15.30-t\u00f3l a Sz\u00e9chenyi Klub, majd \u00e1prilis 10, szerda d\u00e9lel\u0151tt a De\u00e1k Klub k\u00f6z\u00f6ns\u00e9g\u00e9t ny\u0171g\u00f6zi majd le a hihetetlen AI-m\u00e1gi\u00e1j\u00e1val, amely sor\u00e1n a legmen\u0151bb MI-szoftverek tr\u00fckkjeit mutatja majd be. A L\u00e1nch\u00edd Klub tagjai sem panaszkodhatnak, hiszen egy igazi nagy\u00e1gy\u00fa, <strong>Sur\u00e1nyi Gy\u00f6rgy<\/strong> egyetemi mag\u00e1ntan\u00e1r besz\u00e9l napjaink egyik leg\u00e9get\u0151bb dilemm\u00e1j\u00e1r\u00f3l, a n\u00f6veked\u00e9s\/infl\u00e1ci\u00f3 k\u00e9rd\u00e9sk\u00f6r\u00e9r\u0151l!<\/p>\n\n\n\n<figure class=\"wp-block-image size-large\"><img loading=\"lazy\" decoding=\"async\" width=\"1024\" height=\"681\" src=\"https:\/\/bizalmikor.hu\/blog\/wp-content\/uploads\/2024\/03\/BK2024.03.05_113-1024x681.jpg\" alt=\"\" class=\"wp-image-6988\" srcset=\"https:\/\/bizalmikor.hu\/blog\/wp-content\/uploads\/2024\/03\/BK2024.03.05_113-1024x681.jpg 1024w, https:\/\/bizalmikor.hu\/blog\/wp-content\/uploads\/2024\/03\/BK2024.03.05_113-300x200.jpg 300w, https:\/\/bizalmikor.hu\/blog\/wp-content\/uploads\/2024\/03\/BK2024.03.05_113-768x511.jpg 768w, https:\/\/bizalmikor.hu\/blog\/wp-content\/uploads\/2024\/03\/BK2024.03.05_113-1536x1022.jpg 1536w, https:\/\/bizalmikor.hu\/blog\/wp-content\/uploads\/2024\/03\/BK2024.03.05_113-2048x1363.jpg 2048w\" sizes=\"(max-width: 1024px) 100vw, 1024px\" \/><\/figure>\n\n\n\n<p><strong>Minden\u00fcnk a vezet\u0151i networking!<\/strong><\/p>\n\n\n\n<p>A feljebb felsorolt \u201cfell\u00e9p\u0151lista\u201d minden bizonnyal a legt\u00f6bbek sz\u00e1m\u00e1ra kihagyhatatlannak t\u0171nik, teh\u00e1t, ha lemaradt\u00e1l a m\u00e1rciusi el\u0151ad\u00e1sokr\u00f3l, itt az ideje, hogy \u00e1prilisban csatlakozz hozz\u00e1nk, r\u00e1ad\u00e1sul a j\u00f6v\u0151 h\u00f3napban rem\u00e9lhet\u0151leg az id\u0151 is kifejetetten tavaszias lesz, azaz a j\u00f3 hangulat\u00fa besz\u00e9lget\u00e9seket, \u00e9s a vezet\u0151i networkinget a csod\u00e1s panor\u00e1m\u00e1j\u00fa teraszunkon \u00e9lvezheted!<\/p>\n\n\n\n<p>Nagyon sz\u00e1m\u00edtunk r\u00e1d, hiszen a jelenl\u00e9ted kulcsfontoss\u00e1g\u00fa az esem\u00e9nyeink siker\u00e9hez!<\/p>\n\n\n\n<p><strong>Ne habozz, jelentkezz be m\u00e9g ma az \u00e1prilisi klubesem\u00e9nyeinkre, \u00e9s tal\u00e1lkozzunk a j\u00f6v\u0151 h\u00f3napban is!<\/strong><\/p>\n\n\n\n<p><\/p>\n","protected":false},"excerpt":{"rendered":"<p>A napokban megrendezt\u00fck a m\u00e1rciusi klubesem\u00e9nyeineket, ahol mind a meg\u00fajult helysz\u00edn, mind a lend\u00fcletes el\u0151ad\u00e1sok \u00f3ri\u00e1si sikert arattak!<\/p>\n","protected":false},"author":8,"featured_media":6985,"comment_status":"closed","ping_status":"open","sticky":false,"template":"","format":"standard","meta":{"footnotes":""},"categories":[27,16,21],"tags":[65,55,71,22],"yoast_head":"<!-- This site is optimized with the Yoast SEO plugin v15.4 - https:\/\/yoast.com\/wordpress\/plugins\/seo\/ -->\n<title>Lend\u00fcletben a tavasz, meg\u00fajultak a klubesem\u00e9nyek!<\/title>\n<meta name=\"description\" content=\"A napokban megrendezt\u00fck a m\u00e1rciusi klubesem\u00e9nyeineket, ahol mind a meg\u00fajult helysz\u00edn, mind a lend\u00fcletes el\u0151ad\u00e1sok \u00f3ri\u00e1si sikert arattak!\" \/>\n<meta name=\"robots\" content=\"index, follow, max-snippet:-1, max-image-preview:large, max-video-preview:-1\" \/>\n<link rel=\"canonical\" href=\"https:\/\/bizalmikor.hu\/blog\/2024\/03\/12\/marcius-klubesemeny-osszefoglalo\/\" \/>\n<meta property=\"og:locale\" content=\"hu_HU\" \/>\n<meta property=\"og:type\" content=\"article\" \/>\n<meta property=\"og:title\" content=\"Lend\u00fcletben a tavasz, meg\u00fajultak a klubesem\u00e9nyek!\" \/>\n<meta property=\"og:description\" content=\"A napokban megrendezt\u00fck a m\u00e1rciusi klubesem\u00e9nyeineket, ahol mind a meg\u00fajult helysz\u00edn, mind a lend\u00fcletes el\u0151ad\u00e1sok \u00f3ri\u00e1si sikert arattak!\" \/>\n<meta property=\"og:url\" content=\"https:\/\/bizalmikor.hu\/blog\/2024\/03\/12\/marcius-klubesemeny-osszefoglalo\/\" \/>\n<meta property=\"og:site_name\" content=\"Bizalmi K\u00f6r blog\" \/>\n<meta property=\"article:publisher\" content=\"https:\/\/www.facebook.com\/bizalmikor\" \/>\n<meta property=\"article:published_time\" content=\"2024-03-12T09:08:49+00:00\" \/>\n<meta property=\"article:modified_time\" content=\"2024-03-12T14:29:57+00:00\" \/>\n<meta property=\"og:image\" content=\"https:\/\/bizalmikor.hu\/blog\/wp-content\/uploads\/2024\/03\/BK2024.03.05_148-scaled.jpg\" \/>\n\t<meta property=\"og:image:width\" content=\"2560\" \/>\n\t<meta property=\"og:image:height\" content=\"1703\" \/>\n<meta name=\"twitter:card\" content=\"summary_large_image\" \/>\n<meta name=\"twitter:label1\" content=\"Szerz\u0151:\">\n\t<meta name=\"twitter:data1\" content=\"B\u00f3dis Tam\u00e1s\">\n\t<meta name=\"twitter:label2\" content=\"Becs\u00fclt olvas\u00e1si id\u0151\">\n\t<meta name=\"twitter:data2\" content=\"3 perc\">\n<script type=\"application\/ld+json\" class=\"yoast-schema-graph\">{\"@context\":\"https:\/\/schema.org\",\"@graph\":[{\"@type\":\"Organization\",\"@id\":\"https:\/\/bizalmikor.hu\/blog\/#organization\",\"name\":\"Bizalmi K\\u00f6r Kft.\",\"url\":\"https:\/\/bizalmikor.hu\/blog\/\",\"sameAs\":[\"https:\/\/www.facebook.com\/bizalmikor\",\"https:\/\/www.instagram.com\/bizalmikor\/\",\"https:\/\/www.linkedin.com\/company\/19165894\",\"https:\/\/www.youtube.com\/channel\/UC7fAD3QCIWeSexU5t6F3YOw?view_as=subscriber\"],\"logo\":{\"@type\":\"ImageObject\",\"@id\":\"https:\/\/bizalmikor.hu\/blog\/#logo\",\"inLanguage\":\"hu\",\"url\":\"https:\/\/bizalmikor.hu\/blog\/wp-content\/uploads\/2019\/02\/Group-2.png\",\"width\":4033,\"height\":1192,\"caption\":\"Bizalmi K\\u00f6r Kft.\"},\"image\":{\"@id\":\"https:\/\/bizalmikor.hu\/blog\/#logo\"}},{\"@type\":\"WebSite\",\"@id\":\"https:\/\/bizalmikor.hu\/blog\/#website\",\"url\":\"https:\/\/bizalmikor.hu\/blog\/\",\"name\":\"Bizalmi K\\u00f6r blog\",\"description\":\"Egynek minden neh\\u00e9z, soknak semmi sem lehetetlen.\",\"publisher\":{\"@id\":\"https:\/\/bizalmikor.hu\/blog\/#organization\"},\"potentialAction\":[{\"@type\":\"SearchAction\",\"target\":\"https:\/\/bizalmikor.hu\/blog\/?s={search_term_string}\",\"query-input\":\"required name=search_term_string\"}],\"inLanguage\":\"hu\"},{\"@type\":\"ImageObject\",\"@id\":\"https:\/\/bizalmikor.hu\/blog\/2024\/03\/12\/marcius-klubesemeny-osszefoglalo\/#primaryimage\",\"inLanguage\":\"hu\",\"url\":\"https:\/\/bizalmikor.hu\/blog\/wp-content\/uploads\/2024\/03\/BK2024.03.05_148-scaled.jpg\",\"width\":2560,\"height\":1703},{\"@type\":\"WebPage\",\"@id\":\"https:\/\/bizalmikor.hu\/blog\/2024\/03\/12\/marcius-klubesemeny-osszefoglalo\/#webpage\",\"url\":\"https:\/\/bizalmikor.hu\/blog\/2024\/03\/12\/marcius-klubesemeny-osszefoglalo\/\",\"name\":\"Lend\\u00fcletben a tavasz, meg\\u00fajultak a klubesem\\u00e9nyek!\",\"isPartOf\":{\"@id\":\"https:\/\/bizalmikor.hu\/blog\/#website\"},\"primaryImageOfPage\":{\"@id\":\"https:\/\/bizalmikor.hu\/blog\/2024\/03\/12\/marcius-klubesemeny-osszefoglalo\/#primaryimage\"},\"datePublished\":\"2024-03-12T09:08:49+00:00\",\"dateModified\":\"2024-03-12T14:29:57+00:00\",\"description\":\"A napokban megrendezt\\u00fck a m\\u00e1rciusi klubesem\\u00e9nyeineket, ahol mind a meg\\u00fajult helysz\\u00edn, mind a lend\\u00fcletes el\\u0151ad\\u00e1sok \\u00f3ri\\u00e1si sikert arattak!\",\"inLanguage\":\"hu\",\"potentialAction\":[{\"@type\":\"ReadAction\",\"target\":[\"https:\/\/bizalmikor.hu\/blog\/2024\/03\/12\/marcius-klubesemeny-osszefoglalo\/\"]}]},{\"@type\":\"Article\",\"@id\":\"https:\/\/bizalmikor.hu\/blog\/2024\/03\/12\/marcius-klubesemeny-osszefoglalo\/#article\",\"isPartOf\":{\"@id\":\"https:\/\/bizalmikor.hu\/blog\/2024\/03\/12\/marcius-klubesemeny-osszefoglalo\/#webpage\"},\"author\":{\"@id\":\"https:\/\/bizalmikor.hu\/blog\/#\/schema\/person\/900f8fade04f1445876464ca8392b3a0\"},\"headline\":\"Lend\\u00fcletben a tavasz, meg\\u00fajultak a klubesem\\u00e9nyek!\",\"datePublished\":\"2024-03-12T09:08:49+00:00\",\"dateModified\":\"2024-03-12T14:29:57+00:00\",\"mainEntityOfPage\":{\"@id\":\"https:\/\/bizalmikor.hu\/blog\/2024\/03\/12\/marcius-klubesemeny-osszefoglalo\/#webpage\"},\"publisher\":{\"@id\":\"https:\/\/bizalmikor.hu\/blog\/#organization\"},\"image\":{\"@id\":\"https:\/\/bizalmikor.hu\/blog\/2024\/03\/12\/marcius-klubesemeny-osszefoglalo\/#primaryimage\"},\"keywords\":\"bizalmik\\u00f6r,klubesem\\u00e9ny,m\\u00e1rcius,vezet\\u0151i klub\",\"articleSection\":\"Rendezv\\u00e9ny,V\\u00e1llalkoz\\u00e1s,Vezet\\u0151i klub\",\"inLanguage\":\"hu\"},{\"@type\":\"Person\",\"@id\":\"https:\/\/bizalmikor.hu\/blog\/#\/schema\/person\/900f8fade04f1445876464ca8392b3a0\",\"name\":\"B\\u00f3dis Tam\\u00e1s\",\"image\":{\"@type\":\"ImageObject\",\"@id\":\"https:\/\/bizalmikor.hu\/blog\/#personlogo\",\"inLanguage\":\"hu\",\"url\":\"https:\/\/secure.gravatar.com\/avatar\/424c0da6ffff0c3ace2283d1d9447f38?s=96&d=mm&r=g\",\"caption\":\"B\\u00f3dis Tam\\u00e1s\"}}]}<\/script>\n<!-- \/ Yoast SEO plugin. -->","_links":{"self":[{"href":"https:\/\/bizalmikor.hu\/blog\/wp-json\/wp\/v2\/posts\/6983"}],"collection":[{"href":"https:\/\/bizalmikor.hu\/blog\/wp-json\/wp\/v2\/posts"}],"about":[{"href":"https:\/\/bizalmikor.hu\/blog\/wp-json\/wp\/v2\/types\/post"}],"author":[{"embeddable":true,"href":"https:\/\/bizalmikor.hu\/blog\/wp-json\/wp\/v2\/users\/8"}],"replies":[{"embeddable":true,"href":"https:\/\/bizalmikor.hu\/blog\/wp-json\/wp\/v2\/comments?post=6983"}],"version-history":[{"count":4,"href":"https:\/\/bizalmikor.hu\/blog\/wp-json\/wp\/v2\/posts\/6983\/revisions"}],"predecessor-version":[{"id":6990,"href":"https:\/\/bizalmikor.hu\/blog\/wp-json\/wp\/v2\/posts\/6983\/revisions\/6990"}],"wp:featuredmedia":[{"embeddable":true,"href":"https:\/\/bizalmikor.hu\/blog\/wp-json\/wp\/v2\/media\/6985"}],"wp:attachment":[{"href":"https:\/\/bizalmikor.hu\/blog\/wp-json\/wp\/v2\/media?parent=6983"}],"wp:term":[{"taxonomy":"category","embeddable":true,"href":"https:\/\/bizalmikor.hu\/blog\/wp-json\/wp\/v2\/categories?post=6983"},{"taxonomy":"post_tag","embeddable":true,"href":"https:\/\/bizalmikor.hu\/blog\/wp-json\/wp\/v2\/tags?post=6983"}],"curies":[{"name":"wp","href":"https:\/\/api.w.org\/{rel}","templated":true}]}}