{"id":6991,"date":"2024-03-14T08:49:11","date_gmt":"2024-03-14T08:49:11","guid":{"rendered":"https:\/\/bizalmikor.hu\/blog\/?p=6991"},"modified":"2024-03-14T10:42:39","modified_gmt":"2024-03-14T10:42:39","slug":"aprilis-kossuth-klub-vityi-peter","status":"publish","type":"post","link":"https:\/\/bizalmikor.hu\/blog\/2024\/03\/14\/aprilis-kossuth-klub-vityi-peter\/","title":{"rendered":"Hagyd abba t\u0171zolt\u00e1st! A hat\u00e9kony szervezet\u00e9p\u00edt\u00e9s titkai az \u00e1prilisi Kossuth Klubban!"},"content":{"rendered":"\n<p><strong>\u00c1prilisban ism\u00e9t Kossuth-klubesem\u00e9nyt rendez\u00fcnk, amelynek a k\u00f6zponti t\u00e9m\u00e1ja a modern vezet\u0151k egyik leg\u00e9get\u0151bb probl\u00e9m\u00e1j\u00e1ra ad gy\u00f3gy\u00edrt!<\/strong><\/p>\n\n\n\n<p>Az \u00e1prilis 9-\u00e9n, 9.30-kor kezd\u0151d\u0151 Kossuth-klubesem\u00e9nyen egy k\u00fcl\u00f6nleges el\u0151ad\u00f3, <strong>Vityi P\u00e9ter<\/strong> j\u00f6n el hozz\u00e1nk, aki a K\u00dcRT Akad\u00e9mia szenior strat\u00e9gia \u00e9s digitaliz\u00e1ci\u00f3s szak\u00e9rt\u0151je. P\u00e9ter m\u00e1rciusban m\u00e1r leny\u0171g\u00f6zte Sz\u00e9chenyi Klub k\u00f6z\u00f6ns\u00e9g\u00e9t, pont emiatt \u00fagy gondoltuk, hogy ezt az el\u0151ad\u00e1st a Kossuth Klub tagjainak is hallaniuk kell! P\u00e9ter el\u0151ad\u00e1sa ugyanis egy egyed\u00fcl\u00e1ll\u00f3 lehet\u0151s\u00e9get k\u00edn\u00e1l a klubtagok sz\u00e1m\u00e1ra, hogy \u00faj perspekt\u00edv\u00e1kat saj\u00e1t\u00edthassanak el a v\u00e1llalati t\u0171zolt\u00e1s elker\u00fcl\u00e9s\u00e9r\u0151l \u00e9s a hat\u00e9kony szervezeti strukt\u00far\u00e1k fel\u00e9p\u00edt\u00e9s\u00e9r\u0151l.<\/p>\n\n\n\n<p><strong>Na de mi\u00e9rt is \u00e9rdemes elj\u00f6nn\u00f6d?<\/strong><\/p>\n\n\n\n<p>&nbsp;A v\u00e1lasz nagyon egyszer\u0171: a szak\u00e9rt\u0151i tapasztalat miatt!<\/p>\n\n\n\n<p>Vityi P\u00e9ter ugyanis nem csak elm\u00e9leti tud\u00e1ssal rendelkezik, hanem gazdag gyakorlati tapasztalatokkal is, amelyek seg\u00edtenek a mindennapi \u00fczleti kih\u00edv\u00e1sok meg\u00e9rt\u00e9s\u00e9ben \u00e9s kezel\u00e9s\u00e9ben. Ez az el\u0151ad\u00e1s kiv\u00e1l\u00f3 alkalom arra, hogy k\u00f6zelebbr\u0151l megismerd m\u00e1s v\u00e1llalatok leg\u00e9get\u0151bb k\u00e9rd\u00e9seit, \u00e9s azok innovat\u00edv megold\u00e1sait, ugyanis ezen t\u00f6rt\u00e9netek seg\u00edts\u00e9g\u00e9vel a saj\u00e1t probl\u00e9m\u00e1idat is k\u00f6nnyen orvosolhatod!<\/p>\n\n\n\n<p><strong>Vezet\u0151i networking \u00e9s tud\u00e1smegoszt\u00e1s!<\/strong><\/p>\n\n\n\n<p>Az el\u0151ad\u00e1s mellett azonban a vezet\u0151i networking \u00e9s a tud\u00e1smegoszt\u00e1s is fontos szerepet kap majd! Az esem\u00e9nyen lehet\u0151s\u00e9ged ny\u00edlik \u00faj vezet\u0151i kapcsolatokat \u00e9p\u00edteni, illetve a megl\u00e9v\u0151ket er\u0151s\u00edteni! A Kossuth Klub tal\u00e1lkoz\u00f3i mindig is arr\u00f3l voltak h\u00edresek, hogy inspir\u00e1l\u00f3 emberek tal\u00e1lkoz\u00f3helyei, ahol a tud\u00e1smegoszt\u00e1s \u00e9s a k\u00f6z\u00f6ss\u00e9gi \u00e9lm\u00e9ny egyar\u00e1nt fontos szerepet kap.<\/p>\n\n\n\n<p>Az \u00e1prilisi esem\u00e9ny a tavasz jegy\u00e9ben \u00fajult energi\u00e1val \u00e9s friss\u00edtett programmal v\u00e1r mindenkit. A meg\u00fajult helysz\u00edn \u00e9s a sallangmentes, tartalmas el\u0151ad\u00e1sok garant\u00e1lj\u00e1k, hogy minden r\u00e9sztvev\u0151 \u00e9rt\u00e9kes \u00e9s inspir\u00e1l\u00f3 \u00e9lm\u00e9nyekkel gazdagodjon.<\/p>\n\n\n\n<p><strong>De m\u00e9gis kiknek sz\u00f3l ez az esem\u00e9ny?<\/strong><\/p>\n\n\n\n<p>Nyilv\u00e1n felmer\u00fcl a k\u00e9rd\u00e9s, hogy kiknek lehet hasznos ez a klubesem\u00e9ny? B\u0151vebben: azoknak a klubtagoknak, akik szeretn\u00e9nek naprak\u00e9sz maradni a digit\u00e1lis \u00e1talakul\u00e1s \u00e9s a v\u00e1llalati strat\u00e9gia leg\u00fajabb trendjeir\u0151l, valamint azoknak, akik hisznek a folyamatos tanul\u00e1s \u00e9s szem\u00e9lyes fejl\u0151d\u00e9s fontoss\u00e1g\u00e1ban. R\u00f6viden: mindenkinek!&nbsp;<\/p>\n\n\n\n<p>Ha \u00e9rdekel, hogyan lehet hat\u00e9konyabban kezelni a v\u00e1llalati kih\u00edv\u00e1sokat, \u00e9s szeretn\u00e9l r\u00e9szt venni egy er\u0151s k\u00f6z\u00f6ss\u00e9gi \u00e9lm\u00e9nyben, akkor ez az esem\u00e9ny neked sz\u00f3l.<\/p>\n\n\n\n<p><strong>Jelentkezz be m\u00e9g ma a Bizalmi K\u00f6r-applik\u00e1ci\u00f3n kereszt\u00fcl, \u00e9s ne hagyd ki az \u00e1prilisi Kossuth-klubesem\u00e9nyt! V\u00e1runk szeretettel, hogy k\u00f6z\u00f6sen fedezz\u00fck fel azokat az \u00faj perspekt\u00edv\u00e1kat \u00e9s megold\u00e1sokat, amelyekkel m\u00e9g sikeresebb\u00e9 teheted a c\u00e9gedet. Mi nagyon sz\u00e1m\u00edtunk r\u00e1d!<\/strong><\/p>\n\n\n\n<hr class=\"wp-block-separator is-style-wide\"\/>\n\n\n\n<p class=\"has-text-align-center has-white-color has-text-color has-background\" style=\"background-color:#bc9655\"><strong>Ha szeretn\u00e9l a leginnovat\u00edvabb c\u00e9gvezet\u0151k k\u00f6z\u00e9 tartozni, vend\u00e9gk\u00e9nt elj\u00f6nni valamelyik esem\u00e9ny\u00fcnkre ne habozz, t\u00f6ltsd ki az al\u00e1bbi \u0171rlapot \u00e9s visszah\u00edvunk!<\/strong><\/p>\n\n\n\n<script async=\"\" src=\"https:\/\/r3.minicrm.hu\/api\/minicrm.js?t=1707742343\"><\/script>\n<link rel=\"stylesheet\" href=\"https:\/\/r3.minicrm.hu\/api\/minicrm.css\">\n<style><\/style>\n<form formhash=\"51855-1sl03jl6580kfr7ignab0oj7so5r9e\" action=\"https:\/\/r3.minicrm.hu\/Api\/Signup\" method=\"post\" class=\"TurnKeyCRM\" id=\"Web\">\n                        <fieldset>\n            <legend>\u00c9rdekl\u0151d\u00e9si \u0171rlap<\/legend>\n                                        <div class=\"InputBlock\">\n                    <label for=\"Contact_LastName_2413\" class=\"Required\">Vezet\u00e9kn\u00e9v<\/label>\n                                                                \n                                            <input data-field=\"LastName\" data-table=\"Contact\" data-type=\"Person\" name=\"Contact[2413][LastName]\" id=\"Contact_LastName_2413\" language=\"HU\" type=\"text\">\n                                                        <\/div>\n                            <div class=\"InputBlock\">\n                    <label for=\"Contact_FirstName_2413\" class=\"Required\">Keresztn\u00e9v<\/label>\n                                                                \n                                            <input data-field=\"FirstName\" data-table=\"Contact\" data-type=\"Person\" name=\"Contact[2413][FirstName]\" id=\"Contact_FirstName_2413\" language=\"HU\" type=\"text\">\n                                                        <\/div>\n                            <div class=\"InputBlock\">\n                    <label for=\"Contact_Name_2412\" class=\"Required\">C\u00e9gn\u00e9v<\/label>\n                                                                \n                                            <input data-field=\"Name\" data-table=\"Contact\" data-type=\"Business\" name=\"Contact[2412][Name]\" id=\"Contact_Name_2412\" language=\"HU\" type=\"text\">\n                                                        <\/div>\n                            <div class=\"InputBlock\">\n                    <label for=\"Contact_Phone_2413\" class=\"Required\">Telefonsz\u00e1m<\/label>\n                                                                \n                                            <input data-field=\"Phone\" data-table=\"Contact\" data-type=\"Person\" name=\"Contact[2413][Phone]\" id=\"Contact_Phone_2413\" language=\"HU\" type=\"text\">\n                                                        <\/div>\n                            <div class=\"InputBlock\">\n                    <label for=\"Contact_Email_2413\" class=\"Required\">Email-c\u00edm<\/label>\n                                                                \n                                            <input data-field=\"Email\" data-table=\"Contact\" data-type=\"Person\" name=\"Contact[2413][Email]\" id=\"Contact_Email_2413\" language=\"HU\" type=\"text\">\n                                                        <\/div>\n                            <div class=\"InputBlock\">\n                    <label for=\"ToDo_Comment_2415\">\u00dczenet<\/label>\n                                                                \n                                            <textarea data-field=\"Comment\" data-table=\"ToDo\" data-type=\"\" name=\"ToDo[2415][Comment]\" id=\"ToDo_Comment_2415\" language=\"HU\"><\/textarea>\n                                                        <\/div>\n                                <\/fieldset>\n        \n    <div id=\"Response_51855-1sl03jl6580kfr7ignab0oj7so5r9e\" style=\"display: none;\" class=\"Response\"><\/div>\n    <input id=\"Submit_51855-1sl03jl6580kfr7ignab0oj7so5r9e\" type=\"Submit\" value=\"K\u00fcld\u00e9s\">\n<\/form>\n","protected":false},"excerpt":{"rendered":"<p>\u00c1prilisban ism\u00e9t Kossuth-klubesem\u00e9nyt rendez\u00fcnk, amelynek a k\u00f6zponti t\u00e9m\u00e1ja a modern vezet\u0151k egyik leg\u00e9get\u0151bb probl\u00e9m\u00e1j\u00e1ra ad gy\u00f3gy\u00edrt!<\/p>\n","protected":false},"author":8,"featured_media":6992,"comment_status":"closed","ping_status":"open","sticky":false,"template":"","format":"standard","meta":{"footnotes":""},"categories":[26,32,27,21],"tags":[72,65,55,73],"yoast_head":"<!-- This site is optimized with the Yoast SEO plugin v15.4 - https:\/\/yoast.com\/wordpress\/plugins\/seo\/ -->\n<title>Hagyd abba t\u0171zolt\u00e1st! A hat\u00e9kony szervezet\u00e9p\u00edt\u00e9s titkai az \u00e1prilisi Kossuth Klubban!<\/title>\n<meta name=\"description\" content=\"\u00c1prilisban ism\u00e9t Kossuth-klubesem\u00e9nyt rendez\u00fcnk, amelynek a k\u00f6zponti t\u00e9m\u00e1ja a modern vezet\u0151k egyik leg\u00e9get\u0151bb probl\u00e9m\u00e1j\u00e1ra ad gy\u00f3gy\u00edrt!\" \/>\n<meta name=\"robots\" content=\"index, follow, max-snippet:-1, max-image-preview:large, max-video-preview:-1\" \/>\n<link rel=\"canonical\" href=\"https:\/\/bizalmikor.hu\/blog\/2024\/03\/14\/aprilis-kossuth-klub-vityi-peter\/\" \/>\n<meta property=\"og:locale\" content=\"hu_HU\" \/>\n<meta property=\"og:type\" content=\"article\" \/>\n<meta property=\"og:title\" content=\"Hagyd abba t\u0171zolt\u00e1st! A hat\u00e9kony szervezet\u00e9p\u00edt\u00e9s titkai az \u00e1prilisi Kossuth Klubban!\" \/>\n<meta property=\"og:description\" content=\"\u00c1prilisban ism\u00e9t Kossuth-klubesem\u00e9nyt rendez\u00fcnk, amelynek a k\u00f6zponti t\u00e9m\u00e1ja a modern vezet\u0151k egyik leg\u00e9get\u0151bb probl\u00e9m\u00e1j\u00e1ra ad gy\u00f3gy\u00edrt!\" \/>\n<meta property=\"og:url\" content=\"https:\/\/bizalmikor.hu\/blog\/2024\/03\/14\/aprilis-kossuth-klub-vityi-peter\/\" \/>\n<meta property=\"og:site_name\" content=\"Bizalmi K\u00f6r blog\" \/>\n<meta property=\"article:publisher\" content=\"https:\/\/www.facebook.com\/bizalmikor\" \/>\n<meta property=\"article:published_time\" content=\"2024-03-14T08:49:11+00:00\" \/>\n<meta property=\"article:modified_time\" content=\"2024-03-14T10:42:39+00:00\" \/>\n<meta property=\"og:image\" content=\"https:\/\/bizalmikor.hu\/blog\/wp-content\/uploads\/2024\/03\/5.jpg\" \/>\n\t<meta property=\"og:image:width\" content=\"1920\" \/>\n\t<meta property=\"og:image:height\" content=\"1080\" \/>\n<meta name=\"twitter:card\" content=\"summary_large_image\" \/>\n<meta name=\"twitter:label1\" content=\"Szerz\u0151:\">\n\t<meta name=\"twitter:data1\" content=\"B\u00f3dis Tam\u00e1s\">\n\t<meta name=\"twitter:label2\" content=\"Becs\u00fclt olvas\u00e1si id\u0151\">\n\t<meta name=\"twitter:data2\" content=\"2 perc\">\n<script type=\"application\/ld+json\" class=\"yoast-schema-graph\">{\"@context\":\"https:\/\/schema.org\",\"@graph\":[{\"@type\":\"Organization\",\"@id\":\"https:\/\/bizalmikor.hu\/blog\/#organization\",\"name\":\"Bizalmi K\\u00f6r Kft.\",\"url\":\"https:\/\/bizalmikor.hu\/blog\/\",\"sameAs\":[\"https:\/\/www.facebook.com\/bizalmikor\",\"https:\/\/www.instagram.com\/bizalmikor\/\",\"https:\/\/www.linkedin.com\/company\/19165894\",\"https:\/\/www.youtube.com\/channel\/UC7fAD3QCIWeSexU5t6F3YOw?view_as=subscriber\"],\"logo\":{\"@type\":\"ImageObject\",\"@id\":\"https:\/\/bizalmikor.hu\/blog\/#logo\",\"inLanguage\":\"hu\",\"url\":\"https:\/\/bizalmikor.hu\/blog\/wp-content\/uploads\/2019\/02\/Group-2.png\",\"width\":4033,\"height\":1192,\"caption\":\"Bizalmi K\\u00f6r Kft.\"},\"image\":{\"@id\":\"https:\/\/bizalmikor.hu\/blog\/#logo\"}},{\"@type\":\"WebSite\",\"@id\":\"https:\/\/bizalmikor.hu\/blog\/#website\",\"url\":\"https:\/\/bizalmikor.hu\/blog\/\",\"name\":\"Bizalmi K\\u00f6r blog\",\"description\":\"Egynek minden neh\\u00e9z, soknak semmi sem lehetetlen.\",\"publisher\":{\"@id\":\"https:\/\/bizalmikor.hu\/blog\/#organization\"},\"potentialAction\":[{\"@type\":\"SearchAction\",\"target\":\"https:\/\/bizalmikor.hu\/blog\/?s={search_term_string}\",\"query-input\":\"required name=search_term_string\"}],\"inLanguage\":\"hu\"},{\"@type\":\"ImageObject\",\"@id\":\"https:\/\/bizalmikor.hu\/blog\/2024\/03\/14\/aprilis-kossuth-klub-vityi-peter\/#primaryimage\",\"inLanguage\":\"hu\",\"url\":\"https:\/\/bizalmikor.hu\/blog\/wp-content\/uploads\/2024\/03\/5.jpg\",\"width\":1920,\"height\":1080},{\"@type\":\"WebPage\",\"@id\":\"https:\/\/bizalmikor.hu\/blog\/2024\/03\/14\/aprilis-kossuth-klub-vityi-peter\/#webpage\",\"url\":\"https:\/\/bizalmikor.hu\/blog\/2024\/03\/14\/aprilis-kossuth-klub-vityi-peter\/\",\"name\":\"Hagyd abba t\\u0171zolt\\u00e1st! A hat\\u00e9kony szervezet\\u00e9p\\u00edt\\u00e9s titkai az \\u00e1prilisi Kossuth Klubban!\",\"isPartOf\":{\"@id\":\"https:\/\/bizalmikor.hu\/blog\/#website\"},\"primaryImageOfPage\":{\"@id\":\"https:\/\/bizalmikor.hu\/blog\/2024\/03\/14\/aprilis-kossuth-klub-vityi-peter\/#primaryimage\"},\"datePublished\":\"2024-03-14T08:49:11+00:00\",\"dateModified\":\"2024-03-14T10:42:39+00:00\",\"description\":\"\\u00c1prilisban ism\\u00e9t Kossuth-klubesem\\u00e9nyt rendez\\u00fcnk, amelynek a k\\u00f6zponti t\\u00e9m\\u00e1ja a modern vezet\\u0151k egyik leg\\u00e9get\\u0151bb probl\\u00e9m\\u00e1j\\u00e1ra ad gy\\u00f3gy\\u00edrt!\",\"inLanguage\":\"hu\",\"potentialAction\":[{\"@type\":\"ReadAction\",\"target\":[\"https:\/\/bizalmikor.hu\/blog\/2024\/03\/14\/aprilis-kossuth-klub-vityi-peter\/\"]}]},{\"@type\":\"Article\",\"@id\":\"https:\/\/bizalmikor.hu\/blog\/2024\/03\/14\/aprilis-kossuth-klub-vityi-peter\/#article\",\"isPartOf\":{\"@id\":\"https:\/\/bizalmikor.hu\/blog\/2024\/03\/14\/aprilis-kossuth-klub-vityi-peter\/#webpage\"},\"author\":{\"@id\":\"https:\/\/bizalmikor.hu\/blog\/#\/schema\/person\/900f8fade04f1445876464ca8392b3a0\"},\"headline\":\"Hagyd abba t\\u0171zolt\\u00e1st! A hat\\u00e9kony szervezet\\u00e9p\\u00edt\\u00e9s titkai az \\u00e1prilisi Kossuth Klubban!\",\"datePublished\":\"2024-03-14T08:49:11+00:00\",\"dateModified\":\"2024-03-14T10:42:39+00:00\",\"mainEntityOfPage\":{\"@id\":\"https:\/\/bizalmikor.hu\/blog\/2024\/03\/14\/aprilis-kossuth-klub-vityi-peter\/#webpage\"},\"publisher\":{\"@id\":\"https:\/\/bizalmikor.hu\/blog\/#organization\"},\"image\":{\"@id\":\"https:\/\/bizalmikor.hu\/blog\/2024\/03\/14\/aprilis-kossuth-klub-vityi-peter\/#primaryimage\"},\"keywords\":\"\\u00e1prilis,bizalmik\\u00f6r,klubesem\\u00e9ny,vityi p\\u00e9ter\",\"articleSection\":\"K\\u00f6zlem\\u00e9ny,Marketing,Rendezv\\u00e9ny,Vezet\\u0151i klub\",\"inLanguage\":\"hu\"},{\"@type\":\"Person\",\"@id\":\"https:\/\/bizalmikor.hu\/blog\/#\/schema\/person\/900f8fade04f1445876464ca8392b3a0\",\"name\":\"B\\u00f3dis Tam\\u00e1s\",\"image\":{\"@type\":\"ImageObject\",\"@id\":\"https:\/\/bizalmikor.hu\/blog\/#personlogo\",\"inLanguage\":\"hu\",\"url\":\"https:\/\/secure.gravatar.com\/avatar\/424c0da6ffff0c3ace2283d1d9447f38?s=96&d=mm&r=g\",\"caption\":\"B\\u00f3dis Tam\\u00e1s\"}}]}<\/script>\n<!-- \/ Yoast SEO plugin. -->","_links":{"self":[{"href":"https:\/\/bizalmikor.hu\/blog\/wp-json\/wp\/v2\/posts\/6991"}],"collection":[{"href":"https:\/\/bizalmikor.hu\/blog\/wp-json\/wp\/v2\/posts"}],"about":[{"href":"https:\/\/bizalmikor.hu\/blog\/wp-json\/wp\/v2\/types\/post"}],"author":[{"embeddable":true,"href":"https:\/\/bizalmikor.hu\/blog\/wp-json\/wp\/v2\/users\/8"}],"replies":[{"embeddable":true,"href":"https:\/\/bizalmikor.hu\/blog\/wp-json\/wp\/v2\/comments?post=6991"}],"version-history":[{"count":3,"href":"https:\/\/bizalmikor.hu\/blog\/wp-json\/wp\/v2\/posts\/6991\/revisions"}],"predecessor-version":[{"id":6995,"href":"https:\/\/bizalmikor.hu\/blog\/wp-json\/wp\/v2\/posts\/6991\/revisions\/6995"}],"wp:featuredmedia":[{"embeddable":true,"href":"https:\/\/bizalmikor.hu\/blog\/wp-json\/wp\/v2\/media\/6992"}],"wp:attachment":[{"href":"https:\/\/bizalmikor.hu\/blog\/wp-json\/wp\/v2\/media?parent=6991"}],"wp:term":[{"taxonomy":"category","embeddable":true,"href":"https:\/\/bizalmikor.hu\/blog\/wp-json\/wp\/v2\/categories?post=6991"},{"taxonomy":"post_tag","embeddable":true,"href":"https:\/\/bizalmikor.hu\/blog\/wp-json\/wp\/v2\/tags?post=6991"}],"curies":[{"name":"wp","href":"https:\/\/api.w.org\/{rel}","templated":true}]}}