{"id":7013,"date":"2024-06-07T12:31:25","date_gmt":"2024-06-07T12:31:25","guid":{"rendered":"https:\/\/bizalmikor.hu\/blog\/?p=7013"},"modified":"2024-06-07T12:33:10","modified_gmt":"2024-06-07T12:33:10","slug":"hajnal-adam-interju-elnokse","status":"publish","type":"post","link":"https:\/\/bizalmikor.hu\/blog\/2024\/06\/07\/hajnal-adam-interju-elnokse\/","title":{"rendered":"\u201cEzt a temp\u00f3t kiz\u00e1r\u00f3lag a sebess\u00e9get v\u00e1lt\u00f3 vezet\u0151k fogj\u00e1k tudni tartani\u201d &#8211; interj\u00fa a Sz\u00e9chenyi Klub \u00faj eln\u00f6ks\u00e9gi tagj\u00e1val, Hajnal \u00c1d\u00e1mmal"},"content":{"rendered":"\n<p><strong>Milyen fiatal v\u00e1llalkoz\u00f3k\u00e9nt \u00e9rv\u00e9nyes\u00fclni a mai \u00fczleti k\u00f6rnyezetben? Egy\u00e1ltal\u00e1n hogyan boldogulnak majd a j\u00f6v\u0151 d\u00f6nt\u00e9shoz\u00f3i ebben a felgyorsult vil\u00e1gban? Az al\u00e1bbi interj\u00faban t\u00f6bbek k\u00f6z\u00f6tt ezekr\u0151l a k\u00e9rd\u00e9sekr\u0151l besz\u00e9lgett\u00fcnk a Sz\u00e9chenyi Klub \u00faj eln\u00f6ks\u00e9gi tagj\u00e1val, Hajnal \u00c1d\u00e1mmal.<\/strong><\/p>\n\n\n\n<p><strong>\u00c1d\u00e1m, a Te megl\u00e1t\u00e1sod szerint mi az a h\u00e1rom tulajdons\u00e1g, amivel egy j\u00f3 vezet\u0151nek mindenk\u00e9pp rendelkeznie kell?<\/strong><\/p>\n\n\n\n<p>Hajnal \u00c1d\u00e1m: Sz\u00e1momra a legfontosabb tulajdons\u00e1gok egy vezet\u0151 tekintet\u00e9ben a p\u00e9ldamutat\u00e1s, a kitart\u00e1s, \u00e9s a karizma. Ezek n\u00e9lk\u00fcl\u00f6zhetetlenek a hat\u00e9kony \u00e9s inspir\u00e1l\u00f3 vezet\u00e9shez.<\/p>\n\n\n\n<p><strong>Mi\u00e9rt pont ezeket a tulajdons\u00e1gokat eml\u00edtetted? Mi\u00e9rt olyan fontosak ezek sz\u00e1modra?<\/strong><\/p>\n\n\n\n<p>H.\u00c1.: A p\u00e9ldamutat\u00e1s kulcsfontoss\u00e1g\u00fa, mert egy vezet\u0151nek minden helyzetben \u00f6nazonosnak kell maradnia \u00e9s magabiztoss\u00e1got kell sug\u00e1roznia. A kitart\u00e1s a saj\u00e1t karakteremb\u0151l fakad, nem adom fel k\u00f6nnyen. A karizma pedig seg\u00edt az emberek el\u0151tt val\u00f3 hat\u00e9kony fell\u00e9p\u00e9sben, \u00e9s abban, hogy pozit\u00edv hat\u00e1st gyakoroljak m\u00e1sokra.<\/p>\n\n\n\n<p><strong>Val\u00f3sz\u00edn\u0171leg nem t\u00falz\u00e1s azt \u00e1ll\u00edtani, hogy a fiatal vezet\u0151k \u201ccsoportj\u00e1ba\u201d tartozol. Mit gondolsz, miben kellett a legt\u00f6bbet fejl\u0151dn\u00f6d, ami\u00f3ta d\u00f6nt\u00e9shoz\u00f3v\u00e1 v\u00e1lt\u00e1l?<\/strong><\/p>\n\n\n\n<p>H.\u00c1.: Szerintem a kor\u00e1bban m\u00e1r eml\u00edtett karizma tekintet\u00e9ben kellett a legt\u00f6bbet fejl\u0151dn\u00f6m. Kezdetben nem \u00e9reztem magam el\u00e9g magabiztosnak a nyilv\u00e1nos szerepl\u00e9sek alkalm\u00e1val, ez viszont elengedhetetlen egy vezet\u0151 sz\u00e1m\u00e1ra. Megtanultam, hogy a karizma nem csup\u00e1n term\u00e9szetes adotts\u00e1g, hanem olyan k\u00e9szs\u00e9g is, amit lehet fejleszteni \u00e9s finom\u00edtani a tudatos gyakorl\u00e1s \u00e9s az \u00f6nismeret \u00e1ltal. \u00dagy gondolom, hogy az elm\u00falt \u00e9vek sor\u00e1n komoly l\u00e9p\u00e9seket tettem el\u0151re ebben a tekintetben, \u00e9s ami szint\u00e9n fontos, hogy megtanultam felv\u00e1llalni a kev\u00e9sb\u00e9 n\u00e9pszer\u0171, m\u00e9gis fontos szitu\u00e1ci\u00f3kat \u00e9s d\u00f6nt\u00e9seimet is!<\/p>\n\n\n\n<p><strong>Ha m\u00e1r az el\u0151bb sz\u00f3ba ker\u00fclt a fiatals\u00e1g, az Y \u00e9s Z gener\u00e1ci\u00f3s vezet\u0151k eset\u00e9ben sokak szerint komoly neh\u00e9zs\u00e9get jelent a \u201ct\u00falp\u00f6rg\u00e9s\u201d probl\u00e9m\u00e1ja. Te mennyire tapasztalod magadon ezt a jelens\u00e9get?<\/strong><\/p>\n\n\n\n<p>H.\u00c1.: R\u00e1tapintott\u00e1l a l\u00e9nyegre (nevet). Nagyon-nagyon p\u00f6rg\u0151s ember vagyok, gyakorlatilag k\u00e9ptelen vagyok teljesen megnyugodni. Ennek az az \u00e1rnyoldala, hogy az ember sokszor nem tal\u00e1lja a f\u00f3kuszt, \u00e9s bizonytalan abban, mibe \u00e9rdemes val\u00f3s energi\u00e1t fektetnie. Ez sajnos r\u00e1m is igaz, de szerintem ebben is nagyon sokat fejl\u0151dtem. Igyekszem mindig rendezni a gondolataimat, a c\u00e9g, illetve a munkat\u00e1rsaim fel\u00e9 pedig \u00fagy kommunik\u00e1lni az \u00f6tleteimet, hogy mindenki tudja, mit \u00e9s hogyan kell csin\u00e1lni.<\/p>\n\n\n\n<p><strong>T\u00e9rj\u00fcnk \u00e1t egy m\u00e1sik t\u00e9m\u00e1ra! A c\u00e9ged, az Alias Innovations szoftverfejleszt\u00e9ssel foglalkozik, ennek ok\u00e1n fokozottan ki vagy t\u00e9ve az AI \u00e9s a digitaliz\u00e1ci\u00f3 miatti v\u00e1ltoz\u00e1soknak. Hogyan l\u00e1tod a j\u00f6v\u0151 technol\u00f3giai kih\u00edv\u00e1sait a vezet\u0151k \u00e9s a v\u00e1llalatok szempontj\u00e1b\u00f3l?<\/strong><\/p>\n\n\n\n<p>H.\u00c1: A digit\u00e1lis \u00e1t\u00e1ll\u00e1s \u00e9s az AI terjed\u00e9se kulcsfontoss\u00e1g\u00fa lesz a j\u00f6v\u0151 v\u00e1llalatai sz\u00e1m\u00e1ra. Az egyik legnagyobb kih\u00edv\u00e1st az emberek hozz\u00e1\u00e1ll\u00e1sa jelenti. Sokszor tapasztalom, hogy a munkav\u00e1llal\u00f3k picit irt\u00f3znak ett\u0151l az \u00faj\u00edt\u00e1st\u00f3l, ami akad\u00e1lyozza a technol\u00f3giai fejl\u0151d\u00e9st. Ez\u00e9rt fontos, hogy mint vezet\u0151k, megfelel\u0151en kommunik\u00e1ljuk \u00e9s oktassuk a munkat\u00e1rsainkat arr\u00f3l, hogy ezek az \u00faj eszk\u00f6z\u00f6k hogyan seg\u00edthetik, \u00e9s mik\u00e9nt tehetik hat\u00e9konyabb\u00e1 a h\u00e9tk\u00f6znapjaikat. Az oktat\u00e1s \u00e9s a tudatoss\u00e1g n\u00f6vel\u00e9se a digit\u00e1lis eszk\u00f6z\u00f6k haszn\u00e1lat\u00e1ban kulcsfontoss\u00e1g\u00fa l\u00e9p\u00e9s a sikeres \u00e1t\u00e1ll\u00e1shoz. Az eduk\u00e1ci\u00f3s programok \u00e9s a folyamatos tanul\u00e1s el\u0151seg\u00edthetik az emberek k\u00e9szs\u00e9geinek fejleszt\u00e9s\u00e9t, \u00edgy k\u00f6nnyebben alkalmazkodhatnak az \u00faj digit\u00e1lis k\u00f6rnyezethez.<\/p>\n\n\n\n<p><strong>Aprop\u00f3 j\u00f6v\u0151, szerinted milyen kih\u00edv\u00e1sokkal kell majd megk\u00fczdenie a holnap vezet\u0151inek?<\/strong><\/p>\n\n\n\n<p>H.\u00c1.: A vil\u00e1ggazdas\u00e1g rendk\u00edv\u00fcli m\u00f3don v\u00e1ltozik, \u00e9s ezt a temp\u00f3t kiz\u00e1r\u00f3lag a sebess\u00e9get v\u00e1lt\u00f3 vezet\u0151k fogj\u00e1k tudni tartani. P\u00e9ld\u00e1ul \u00f3ri\u00e1si kih\u00edv\u00e1s lesz a nehezen mozd\u00edthat\u00f3 rendszerek gyors \u00e1talak\u00edt\u00e1sa. \u00dagy gondolom, hogy azok, akik m\u00e9g az \u00e9p\u00edtkez\u00e9si f\u00e1zisban vannak, sokkal tudatosabban fognak erre f\u00f3kusz\u00e1lni. \u00c9n m\u00e9g ebben a helyzetben vagyok, \u00fagyhogy szerencs\u00e9snek tartom magam, mert ezekkel a dolgokkal egy\u00fctt tudok \u00e9lni \u00e9s dolgozni, illetve egy v\u00e1ltoz\u00f3 k\u00f6rnyezetben szocializ\u00e1l\u00f3dom.<\/p>\n\n\n\n<p><strong>A j\u00f6v\u0151b\u0151l kicsit kanyarodjunk vissza a jelenbe, eg\u00e9sz pontosan a Bizalmi K\u00f6rh\u00f6z. Sz\u00e1modra mi a legfontosabb ebben a k\u00f6z\u00f6ss\u00e9gben?<\/strong><\/p>\n\n\n\n<p>H.\u00c1.: Szerintem a Bizalmi K\u00f6r \u00f3ri\u00e1si \u00e9rt\u00e9ket k\u00e9pvisel, ezen bel\u00fcl is a vezet\u0151i networkinget emeln\u00e9m ki! Fiatal v\u00e1llalkoz\u00f3k\u00e9nt nekem k\u00fcl\u00f6n \u00f6r\u00f6m, hogy m\u00e1s, n\u00e1lam tapasztaltabb v\u00e1llalkoz\u00f3kkal besz\u00e9lhetek, \u00e9s gyakorlatilag \u00e9vsz\u00e1zados tud\u00e1st k\u00e9pesek nekem \u00e1tadni. Mindezek mellett szoftverfejleszt\u0151k\u00e9nt k\u00fcl\u00f6n\u00f6sen szimpatikus az, hogy a Bizalmi K\u00f6r eset\u00e9ben egy nagyon profi \u00e9s \u00e1tgondolt digit\u00e1lis fejleszt\u00e9si koncepci\u00f3t l\u00e1tok megval\u00f3sulni, ami p\u00e9ld\u00e1ul az applik\u00e1ci\u00f3ban is tetten \u00e9rhet\u0151.<\/p>\n\n\n\n<p><strong>Nemr\u00e9giben a Sz\u00e9chenyi Klub eln\u00f6ks\u00e9gi tagja lett\u00e9l. Mi az a specifikus dolog ami miatt ennyire fontos sz\u00e1modra ez a klub?<\/strong><\/p>\n\n\n\n<p>H.\u00c1: Im\u00e1dom, hogy ennyire soksz\u00edn\u0171. Ez azt jelenti, hogy ebben a klubban a betonoz\u00f3t\u00f3l az \u00e9ttermesen \u00e1t eg\u00e9szen a szoftverfejleszt\u0151ig minden piaci szerepl\u0151 k\u00e9pviselteti mag\u00e1t, \u00e9s borzaszt\u00f3 \u00e9rdekes l\u00e1tni azt, hogy ett\u0151l f\u00fcggetlen\u00fcl a probl\u00e9m\u00e1k egy\u00e9bk\u00e9nt nagyon hasonl\u00f3ak.&nbsp;<\/p>\n\n\n\n<p><strong>\u00c9s Te szoftverfejleszt\u0151k\u00e9nt mondjuk egy \u00e9ttermest\u0151l tudsz olyan tippeket kapni, amit felhaszn\u00e1lhatsz a c\u00e9ged m\u0171k\u00f6d\u00e9se sor\u00e1n?<\/strong><\/p>\n\n\n\n<p>H.\u00c1.: Abszol\u00fat, ez benne a sz\u00e9p. P\u00e9ld\u00e1ul sok \u00e9ttermesn\u00e9l l\u00e1tom, hogy a k\u00fcl\u00f6nb\u00f6z\u0151 teljes\u00edtm\u00e9ny\u00e9rt\u00e9kel\u0151 vagy motiv\u00e1l\u00f3 elemeket nagyon tudatosan \u00e9p\u00edtik bele a rendszer\u00fckbe. Ilyen szempontb\u00f3l a szoftverfejleszt\u0151 is hasonl\u00f3an m\u0171k\u00f6dik, mint a felszolg\u00e1l\u00f3. Az embert ugyan\u00fagy motiv\u00e1lni kell, \u00e9s ugyanazok a pszichol\u00f3giai elemek m\u0171k\u00f6dnek itt is, \u00e9s ott is. Enn\u00e9l fogva rengeteg tud\u00e1sra tehetek szert m\u00e1s szektorok v\u00e1llalkoz\u00f3it\u00f3l is.<\/p>\n\n\n\n<p><strong>Mi motiv\u00e1lt abban, hogy elv\u00e1llald az eln\u00f6ks\u00e9gi poz\u00edci\u00f3t?<\/strong><\/p>\n\n\n\n<p>H.\u00c1.: T\u00f6bb okot is ki tudok emelni! Egyr\u00e9szt szeretn\u00e9m a lehet\u0151 legt\u00f6bbet t\u00e1mogatni a klubtagokat, legyen sz\u00f3 a szoftverfejleszt\u00e9si tapasztalatomr\u00f3l, de ugyan\u00edgy mondhatn\u00e1m az emberi oldalt is. Ha mondjuk egy \u00e9v m\u00falva kapn\u00e9k n\u00e9h\u00e1ny olyan visszajelz\u00e9st, ami szerint siker\u00fclt seg\u00edtenem n\u00e9h\u00e1ny klubt\u00e1rsamnak, akkor m\u00e1r nagyon boldog lenn\u00e9k! Emellett pedig m\u00e9g egyszer szeretn\u00e9m kiemelni azt, hogy a Bizalmi K\u00f6r digit\u00e1lis strat\u00e9gi\u00e1j\u00e1t t\u00e9nyleg nagyon sokra tartom, s\u0151t, p\u00e9lda\u00e9rt\u00e9k\u0171nek tal\u00e1lom! \u00c9n pedig szeretem a t\u00e1mogatni a j\u00f3 p\u00e9ld\u00e1val szolg\u00e1l\u00f3 v\u00e1llalkoz\u00e1sokat!<\/p>\n\n\n\n<hr class=\"wp-block-separator is-style-wide\"\/>\n\n\n\n<p class=\"has-text-align-center has-white-color has-text-color has-background\" style=\"background-color:#bc9655\"><strong>Ha szeretn\u00e9l a leginnovat\u00edvabb c\u00e9gvezet\u0151k k\u00f6z\u00e9 tartozni, vend\u00e9gk\u00e9nt elj\u00f6nni valamelyik esem\u00e9ny\u00fcnkre ne habozz, t\u00f6ltsd ki az al\u00e1bbi \u0171rlapot \u00e9s visszah\u00edvunk!<\/strong><\/p>\n\n\n\n<script async=\"\" src=\"https:\/\/r3.minicrm.hu\/api\/minicrm.js?t=1707742343\"><\/script>\n<link rel=\"stylesheet\" href=\"https:\/\/r3.minicrm.hu\/api\/minicrm.css\">\n<style><\/style>\n<form formhash=\"51855-1sl03jl6580kfr7ignab0oj7so5r9e\" action=\"https:\/\/r3.minicrm.hu\/Api\/Signup\" method=\"post\" class=\"TurnKeyCRM\" id=\"Web\">\n                        <fieldset>\n            <legend>\u00c9rdekl\u0151d\u00e9si \u0171rlap<\/legend>\n                                        <div class=\"InputBlock\">\n                    <label for=\"Contact_LastName_2413\" class=\"Required\">Vezet\u00e9kn\u00e9v<\/label>\n                                                                \n                                            <input data-field=\"LastName\" data-table=\"Contact\" data-type=\"Person\" name=\"Contact[2413][LastName]\" id=\"Contact_LastName_2413\" language=\"HU\" type=\"text\">\n                                                        <\/div>\n                            <div class=\"InputBlock\">\n                    <label for=\"Contact_FirstName_2413\" class=\"Required\">Keresztn\u00e9v<\/label>\n                                                                \n                                            <input data-field=\"FirstName\" data-table=\"Contact\" data-type=\"Person\" name=\"Contact[2413][FirstName]\" id=\"Contact_FirstName_2413\" language=\"HU\" type=\"text\">\n                                                        <\/div>\n                            <div class=\"InputBlock\">\n                    <label for=\"Contact_Name_2412\" class=\"Required\">C\u00e9gn\u00e9v<\/label>\n                                                                \n                                            <input data-field=\"Name\" data-table=\"Contact\" data-type=\"Business\" name=\"Contact[2412][Name]\" id=\"Contact_Name_2412\" language=\"HU\" type=\"text\">\n                                                        <\/div>\n                            <div class=\"InputBlock\">\n                    <label for=\"Contact_Phone_2413\" class=\"Required\">Telefonsz\u00e1m<\/label>\n                                                                \n                                            <input data-field=\"Phone\" data-table=\"Contact\" data-type=\"Person\" name=\"Contact[2413][Phone]\" id=\"Contact_Phone_2413\" language=\"HU\" type=\"text\">\n                                                        <\/div>\n                            <div class=\"InputBlock\">\n                    <label for=\"Contact_Email_2413\" class=\"Required\">Email-c\u00edm<\/label>\n                                                                \n                                            <input data-field=\"Email\" data-table=\"Contact\" data-type=\"Person\" name=\"Contact[2413][Email]\" id=\"Contact_Email_2413\" language=\"HU\" type=\"text\">\n                                                        <\/div>\n                            <div class=\"InputBlock\">\n                    <label for=\"ToDo_Comment_2415\">\u00dczenet<\/label>\n                                                                \n                                            <textarea data-field=\"Comment\" data-table=\"ToDo\" data-type=\"\" name=\"ToDo[2415][Comment]\" id=\"ToDo_Comment_2415\" language=\"HU\"><\/textarea>\n                                                        <\/div>\n                                <\/fieldset>\n        \n    <div id=\"Response_51855-1sl03jl6580kfr7ignab0oj7so5r9e\" style=\"display: none;\" class=\"Response\"><\/div>\n    <input id=\"Submit_51855-1sl03jl6580kfr7ignab0oj7so5r9e\" type=\"Submit\" value=\"K\u00fcld\u00e9s\">\n<\/form>\n\n\n\n<p><\/p>\n","protected":false},"excerpt":{"rendered":"<p>Milyen fiatal v\u00e1llalkoz\u00f3k\u00e9nt \u00e9rv\u00e9nyes\u00fclni a mai \u00fczleti k\u00f6rnyezetben? Egy\u00e1ltal\u00e1n hogyan boldogulnak majd a j\u00f6v\u0151 d\u00f6nt\u00e9shoz\u00f3i ebben a felgyorsult vil\u00e1gban? Az al\u00e1bbi interj\u00faban t\u00f6bbek k\u00f6z\u00f6tt ezekr\u0151l a k\u00e9rd\u00e9sekr\u0151l besz\u00e9lgett\u00fcnk a Sz\u00e9chenyi Klub \u00faj eln\u00f6ks\u00e9gi tagj\u00e1val, Hajnal \u00c1d\u00e1mmal.<\/p>\n","protected":false},"author":8,"featured_media":7014,"comment_status":"closed","ping_status":"open","sticky":false,"template":"","format":"standard","meta":{"footnotes":""},"categories":[23,16,21],"tags":[79,65,50,80,78],"yoast_head":"<!-- This site is optimized with the Yoast SEO plugin v15.4 - https:\/\/yoast.com\/wordpress\/plugins\/seo\/ -->\n<title>\u201cEzt a temp\u00f3t kiz\u00e1r\u00f3lag a sebess\u00e9get v\u00e1lt\u00f3 vezet\u0151k fogj\u00e1k tudni tartani\u201d - interj\u00fa a Sz\u00e9chenyi Klub \u00faj eln\u00f6ks\u00e9gi tagj\u00e1val, Hajnal \u00c1d\u00e1mmal<\/title>\n<meta name=\"description\" content=\"Milyen fiatal v\u00e1llalkoz\u00f3k\u00e9nt \u00e9rv\u00e9nyes\u00fclni a mai \u00fczleti k\u00f6rnyezetben? Err\u0151l a k\u00e9rd\u00e9sr\u0151l besz\u00e9lgett\u00fcnk a Sz\u00e9chenyi Klub \u00faj eln\u00f6ks\u00e9gi tagj\u00e1val, Hajnal \u00c1d\u00e1mmal.\" \/>\n<meta name=\"robots\" content=\"index, follow, max-snippet:-1, max-image-preview:large, max-video-preview:-1\" \/>\n<link rel=\"canonical\" href=\"https:\/\/bizalmikor.hu\/blog\/2024\/06\/07\/hajnal-adam-interju-elnokse\/\" \/>\n<meta property=\"og:locale\" content=\"hu_HU\" \/>\n<meta property=\"og:type\" content=\"article\" \/>\n<meta property=\"og:title\" content=\"\u201cEzt a temp\u00f3t kiz\u00e1r\u00f3lag a sebess\u00e9get v\u00e1lt\u00f3 vezet\u0151k fogj\u00e1k tudni tartani\u201d - interj\u00fa a Sz\u00e9chenyi Klub \u00faj eln\u00f6ks\u00e9gi tagj\u00e1val, Hajnal \u00c1d\u00e1mmal\" \/>\n<meta property=\"og:description\" content=\"Milyen fiatal v\u00e1llalkoz\u00f3k\u00e9nt \u00e9rv\u00e9nyes\u00fclni a mai \u00fczleti k\u00f6rnyezetben? Err\u0151l a k\u00e9rd\u00e9sr\u0151l besz\u00e9lgett\u00fcnk a Sz\u00e9chenyi Klub \u00faj eln\u00f6ks\u00e9gi tagj\u00e1val, Hajnal \u00c1d\u00e1mmal.\" \/>\n<meta property=\"og:url\" content=\"https:\/\/bizalmikor.hu\/blog\/2024\/06\/07\/hajnal-adam-interju-elnokse\/\" \/>\n<meta property=\"og:site_name\" content=\"Bizalmi K\u00f6r blog\" \/>\n<meta property=\"article:publisher\" content=\"https:\/\/www.facebook.com\/bizalmikor\" \/>\n<meta property=\"article:published_time\" content=\"2024-06-07T12:31:25+00:00\" \/>\n<meta property=\"article:modified_time\" content=\"2024-06-07T12:33:10+00:00\" \/>\n<meta property=\"og:image\" content=\"https:\/\/bizalmikor.hu\/blog\/wp-content\/uploads\/2024\/04\/portre_HajnalAdam_Alias-scaled-e1712218967487.jpg\" \/>\n\t<meta property=\"og:image:width\" content=\"2560\" \/>\n\t<meta property=\"og:image:height\" content=\"1651\" \/>\n<meta name=\"twitter:card\" content=\"summary_large_image\" \/>\n<meta name=\"twitter:label1\" content=\"Szerz\u0151:\">\n\t<meta name=\"twitter:data1\" content=\"B\u00f3dis Tam\u00e1s\">\n\t<meta name=\"twitter:label2\" content=\"Becs\u00fclt olvas\u00e1si id\u0151\">\n\t<meta name=\"twitter:data2\" content=\"5 perc\">\n<script type=\"application\/ld+json\" class=\"yoast-schema-graph\">{\"@context\":\"https:\/\/schema.org\",\"@graph\":[{\"@type\":\"Organization\",\"@id\":\"https:\/\/bizalmikor.hu\/blog\/#organization\",\"name\":\"Bizalmi K\\u00f6r Kft.\",\"url\":\"https:\/\/bizalmikor.hu\/blog\/\",\"sameAs\":[\"https:\/\/www.facebook.com\/bizalmikor\",\"https:\/\/www.instagram.com\/bizalmikor\/\",\"https:\/\/www.linkedin.com\/company\/19165894\",\"https:\/\/www.youtube.com\/channel\/UC7fAD3QCIWeSexU5t6F3YOw?view_as=subscriber\"],\"logo\":{\"@type\":\"ImageObject\",\"@id\":\"https:\/\/bizalmikor.hu\/blog\/#logo\",\"inLanguage\":\"hu\",\"url\":\"https:\/\/bizalmikor.hu\/blog\/wp-content\/uploads\/2019\/02\/Group-2.png\",\"width\":4033,\"height\":1192,\"caption\":\"Bizalmi K\\u00f6r Kft.\"},\"image\":{\"@id\":\"https:\/\/bizalmikor.hu\/blog\/#logo\"}},{\"@type\":\"WebSite\",\"@id\":\"https:\/\/bizalmikor.hu\/blog\/#website\",\"url\":\"https:\/\/bizalmikor.hu\/blog\/\",\"name\":\"Bizalmi K\\u00f6r blog\",\"description\":\"Egynek minden neh\\u00e9z, soknak semmi sem lehetetlen.\",\"publisher\":{\"@id\":\"https:\/\/bizalmikor.hu\/blog\/#organization\"},\"potentialAction\":[{\"@type\":\"SearchAction\",\"target\":\"https:\/\/bizalmikor.hu\/blog\/?s={search_term_string}\",\"query-input\":\"required name=search_term_string\"}],\"inLanguage\":\"hu\"},{\"@type\":\"ImageObject\",\"@id\":\"https:\/\/bizalmikor.hu\/blog\/2024\/06\/07\/hajnal-adam-interju-elnokse\/#primaryimage\",\"inLanguage\":\"hu\",\"url\":\"https:\/\/bizalmikor.hu\/blog\/wp-content\/uploads\/2024\/04\/portre_HajnalAdam_Alias-scaled-e1712218967487.jpg\",\"width\":2560,\"height\":1651},{\"@type\":\"WebPage\",\"@id\":\"https:\/\/bizalmikor.hu\/blog\/2024\/06\/07\/hajnal-adam-interju-elnokse\/#webpage\",\"url\":\"https:\/\/bizalmikor.hu\/blog\/2024\/06\/07\/hajnal-adam-interju-elnokse\/\",\"name\":\"\\u201cEzt a temp\\u00f3t kiz\\u00e1r\\u00f3lag a sebess\\u00e9get v\\u00e1lt\\u00f3 vezet\\u0151k fogj\\u00e1k tudni tartani\\u201d - interj\\u00fa a Sz\\u00e9chenyi Klub \\u00faj eln\\u00f6ks\\u00e9gi tagj\\u00e1val, Hajnal \\u00c1d\\u00e1mmal\",\"isPartOf\":{\"@id\":\"https:\/\/bizalmikor.hu\/blog\/#website\"},\"primaryImageOfPage\":{\"@id\":\"https:\/\/bizalmikor.hu\/blog\/2024\/06\/07\/hajnal-adam-interju-elnokse\/#primaryimage\"},\"datePublished\":\"2024-06-07T12:31:25+00:00\",\"dateModified\":\"2024-06-07T12:33:10+00:00\",\"description\":\"Milyen fiatal v\\u00e1llalkoz\\u00f3k\\u00e9nt \\u00e9rv\\u00e9nyes\\u00fclni a mai \\u00fczleti k\\u00f6rnyezetben? Err\\u0151l a k\\u00e9rd\\u00e9sr\\u0151l besz\\u00e9lgett\\u00fcnk a Sz\\u00e9chenyi Klub \\u00faj eln\\u00f6ks\\u00e9gi tagj\\u00e1val, Hajnal \\u00c1d\\u00e1mmal.\",\"inLanguage\":\"hu\",\"potentialAction\":[{\"@type\":\"ReadAction\",\"target\":[\"https:\/\/bizalmikor.hu\/blog\/2024\/06\/07\/hajnal-adam-interju-elnokse\/\"]}]},{\"@type\":\"Article\",\"@id\":\"https:\/\/bizalmikor.hu\/blog\/2024\/06\/07\/hajnal-adam-interju-elnokse\/#article\",\"isPartOf\":{\"@id\":\"https:\/\/bizalmikor.hu\/blog\/2024\/06\/07\/hajnal-adam-interju-elnokse\/#webpage\"},\"author\":{\"@id\":\"https:\/\/bizalmikor.hu\/blog\/#\/schema\/person\/900f8fade04f1445876464ca8392b3a0\"},\"headline\":\"\\u201cEzt a temp\\u00f3t kiz\\u00e1r\\u00f3lag a sebess\\u00e9get v\\u00e1lt\\u00f3 vezet\\u0151k fogj\\u00e1k tudni tartani\\u201d &#8211; interj\\u00fa a Sz\\u00e9chenyi Klub \\u00faj eln\\u00f6ks\\u00e9gi tagj\\u00e1val, Hajnal \\u00c1d\\u00e1mmal\",\"datePublished\":\"2024-06-07T12:31:25+00:00\",\"dateModified\":\"2024-06-07T12:33:10+00:00\",\"mainEntityOfPage\":{\"@id\":\"https:\/\/bizalmikor.hu\/blog\/2024\/06\/07\/hajnal-adam-interju-elnokse\/#webpage\"},\"publisher\":{\"@id\":\"https:\/\/bizalmikor.hu\/blog\/#organization\"},\"image\":{\"@id\":\"https:\/\/bizalmikor.hu\/blog\/2024\/06\/07\/hajnal-adam-interju-elnokse\/#primaryimage\"},\"keywords\":\"bemutat\\u00e1s,bizalmik\\u00f6r,eln\\u00f6ks\\u00e9g,hajnal \\u00e1d\\u00e1m,tag\",\"articleSection\":\"Klubtagok bemutat\\u00e1sa,V\\u00e1llalkoz\\u00e1s,Vezet\\u0151i klub\",\"inLanguage\":\"hu\"},{\"@type\":\"Person\",\"@id\":\"https:\/\/bizalmikor.hu\/blog\/#\/schema\/person\/900f8fade04f1445876464ca8392b3a0\",\"name\":\"B\\u00f3dis Tam\\u00e1s\",\"image\":{\"@type\":\"ImageObject\",\"@id\":\"https:\/\/bizalmikor.hu\/blog\/#personlogo\",\"inLanguage\":\"hu\",\"url\":\"https:\/\/secure.gravatar.com\/avatar\/424c0da6ffff0c3ace2283d1d9447f38?s=96&d=mm&r=g\",\"caption\":\"B\\u00f3dis Tam\\u00e1s\"}}]}<\/script>\n<!-- \/ Yoast SEO plugin. -->","_links":{"self":[{"href":"https:\/\/bizalmikor.hu\/blog\/wp-json\/wp\/v2\/posts\/7013"}],"collection":[{"href":"https:\/\/bizalmikor.hu\/blog\/wp-json\/wp\/v2\/posts"}],"about":[{"href":"https:\/\/bizalmikor.hu\/blog\/wp-json\/wp\/v2\/types\/post"}],"author":[{"embeddable":true,"href":"https:\/\/bizalmikor.hu\/blog\/wp-json\/wp\/v2\/users\/8"}],"replies":[{"embeddable":true,"href":"https:\/\/bizalmikor.hu\/blog\/wp-json\/wp\/v2\/comments?post=7013"}],"version-history":[{"count":7,"href":"https:\/\/bizalmikor.hu\/blog\/wp-json\/wp\/v2\/posts\/7013\/revisions"}],"predecessor-version":[{"id":7063,"href":"https:\/\/bizalmikor.hu\/blog\/wp-json\/wp\/v2\/posts\/7013\/revisions\/7063"}],"wp:featuredmedia":[{"embeddable":true,"href":"https:\/\/bizalmikor.hu\/blog\/wp-json\/wp\/v2\/media\/7014"}],"wp:attachment":[{"href":"https:\/\/bizalmikor.hu\/blog\/wp-json\/wp\/v2\/media?parent=7013"}],"wp:term":[{"taxonomy":"category","embeddable":true,"href":"https:\/\/bizalmikor.hu\/blog\/wp-json\/wp\/v2\/categories?post=7013"},{"taxonomy":"post_tag","embeddable":true,"href":"https:\/\/bizalmikor.hu\/blog\/wp-json\/wp\/v2\/tags?post=7013"}],"curies":[{"name":"wp","href":"https:\/\/api.w.org\/{rel}","templated":true}]}}