{"id":7018,"date":"2024-04-12T10:58:00","date_gmt":"2024-04-12T10:58:00","guid":{"rendered":"https:\/\/bizalmikor.hu\/blog\/?p=7018"},"modified":"2024-06-07T12:32:08","modified_gmt":"2024-06-07T12:32:08","slug":"jaszberenyi-ivett-interju-elnokseg","status":"publish","type":"post","link":"https:\/\/bizalmikor.hu\/blog\/2024\/04\/12\/jaszberenyi-ivett-interju-elnokseg\/","title":{"rendered":"\u201cAz MI egy \u00f3ri\u00e1si dolog, amit a c\u00e9gvezet\u0151knek ki kell haszn\u00e1lniuk!\u201d &#8211; interj\u00fa J\u00e1szber\u00e9nyi Ivettel, a Sz\u00e9chenyi Klub \u00faj eln\u00f6ks\u00e9gi tagj\u00e1val"},"content":{"rendered":"\n<p><strong>Megfelel\u0151 c\u00e9gvezet\u0151i k\u00e9szs\u00e9gek, mesters\u00e9ges intelligencia, \u00e9s a Bizalmi K\u00f6r. T\u00f6bbek k\u00f6z\u00f6tt ezekr\u0151l a t\u00e9m\u00e1kr\u00f3l besz\u00e9lgett\u00fcnk az <a href=\"https:\/\/optitax.hu\/\" target=\"_blank\" rel=\"noreferrer noopener\">OPTITAX Sz\u00e1mviteli Kft. <\/a>\u00fcgyvezet\u0151j\u00e9vel, J\u00e1szber\u00e9nyi Ivettel, aki nemr\u00e9giben a Sz\u00e9chenyi Klub eln\u00f6ks\u00e9gi tagja lett.&nbsp;<\/strong><\/p>\n\n\n\n<p><strong>Ivett, szerinted mi a legf\u0151bb k\u00fcl\u00f6nbs\u00e9g a j\u00f3, \u00e9s a kev\u00e9sb\u00e9 j\u00f3 vezet\u0151k k\u00f6z\u00f6tt?<\/strong><\/p>\n\n\n\n<p>J\u00e1szber\u00e9nyi Ivett: A k\u00fcl\u00f6nbs\u00e9g a j\u00f3 \u00e9s a kev\u00e9sb\u00e9 j\u00f3 vezet\u0151k k\u00f6z\u00f6tt sz\u00e1momra els\u0151sorban a c\u00e9lok meghat\u00e1roz\u00e1s\u00e1ban \u00e9s a szervezetstrukt\u00far\u00e1ban mutatkozik meg. Egy j\u00f3 vezet\u0151nek vil\u00e1gosan megfogalmazott r\u00f6vid, k\u00f6z\u00e9p, \u00e9s hossz\u00fa t\u00e1v\u00fa c\u00e9lokkal kell rendelkeznie, amelyek alapj\u00e1n k\u00e9pes a v\u00e1llalkoz\u00e1s\u00e1t piaci alapokon, szil\u00e1rdan m\u0171k\u00f6dtetni.<\/p>\n\n\n\n<p><strong>\u00c9s ha ugyanezt a k\u00e9rd\u00e9st nem szakmai, hanem a szem\u00e9lyis\u00e9gjegyek vonatkoz\u00e1s\u00e1ban vizsg\u00e1ljuk?&nbsp;<\/strong><\/p>\n\n\n\n<p>J.I.: \u00c9n \u00fagy gondolom, hogy egy j\u00f3 c\u00e9gvezet\u0151 eset\u00e9ben fontos a hat\u00e1rozotts\u00e1g. Teh\u00e1t az, aki minden egyes v\u00e9lem\u00e9nyre a sz\u00e9lr\u00f3zsa m\u00e1sik ir\u00e1ny\u00e1ba fordul, azaz nincs meg a kell\u0151 hat\u00e1rozotts\u00e1ga, az biztos, hogy nem lesz j\u00f3 c\u00e9gvezet\u0151. Emellett fontos, hogy az illet\u0151 j\u00f3l tudjon m\u00e9rlegelni, illetve a hely\u00e9n tudja kezelni az adott szitu\u00e1ci\u00f3kat. R\u00f6viden teh\u00e1t a hat\u00e1rozotts\u00e1got, a c\u00e9ltudatoss\u00e1got, a d\u00f6nt\u00e9sk\u00e9pess\u00e9get, \u00e9s a tiszt\u00e1nl\u00e1t\u00e1st emeln\u00e9m ki.<\/p>\n\n\n\n<p><strong>Milyen tan\u00e1csokkal l\u00e1tn\u00e1d el a kezd\u0151 vezet\u0151 \u00f6nmagadat? Mit csin\u00e1ln\u00e1l ma m\u00e1sk\u00e9nt?&nbsp;<\/strong><\/p>\n\n\n\n<p>J.I.: Ha minden gondolatomat felsoroln\u00e1m, itt lenn\u00e9nk egy darabig! (nevet)<\/p>\n\n\n\n<p><strong>Akkor csak 2-3 p\u00e9ld\u00e1t mondj k\u00e9rlek.<\/strong><\/p>\n\n\n\n<p>J.I.: Mindenekel\u0151tt, sokkal b\u00e1trabban \u00e9s nagyobb tervekkel kezdtem volna. Az olyan \u00fczleti k\u00f6z\u00f6ss\u00e9gek, mint a Bizalmi K\u00f6r fontoss\u00e1g\u00e1t is hamarabb felismertem volna, hiszen ezek a klubok kiv\u00e1l\u00f3 lehet\u0151s\u00e9get ny\u00fajtanak a tanul\u00e1sra \u00e9s a kapcsolat\u00e9p\u00edt\u00e9sre. Az ilyen t\u00edpus\u00fa k\u00f6z\u00f6ss\u00e9gekben val\u00f3 akt\u00edv r\u00e9szv\u00e9tel gyors\u00edtja a fejl\u0151d\u00e9st, \u00e9s seg\u00edt a v\u00e1llalkoz\u00e1s dinamikus b\u0151v\u00edt\u00e9s\u00e9ben.<\/p>\n\n\n\n<p><strong>A vezet\u00e9sr\u0151l kanyarodjunk el kicsit a j\u00f6v\u0151 fel\u00e9. Te jelenleg is egy k\u00f6nyvel\u0151iroda els\u0151 embere vagy, mit gondolsz, hogyan hatott a digit\u00e1lis \u00e1talakul\u00e1s \u00e9s az AI erre a szakm\u00e1ra, illetve a c\u00e9gedre?<\/strong><\/p>\n\n\n\n<p>J.I.: \u00c9n ezt egy abszol\u00fat pozit\u00edv tendenci\u00e1nak tartom! Az AI \u00e9s a digitaliz\u00e1ci\u00f3 kifejezetten j\u00f3 hat\u00e1ssal volt a munk\u00e1nkra, k\u00fcl\u00f6n\u00f6sen igaz ez az automatiz\u00e1l\u00e1sra. Az id\u0151ig\u00e9nyes adminisztrat\u00edv feladatok automatiz\u00e1l\u00e1sa lehet\u0151v\u00e9 tette sz\u00e1munkra, hogy t\u00f6bb id\u0151t ford\u00edthassunk a v\u00e1llalkoz\u00e1sok sz\u00e1m\u00e1ra val\u00f3ban \u00e9rt\u00e9ket teremt\u0151 tev\u00e9kenys\u00e9gekre. Szerintem ez egy \u00f3ri\u00e1si dolog, \u00e9s a c\u00e9gvezet\u0151knek ezt felt\u00e9tlen\u00fcl ki kell haszn\u00e1lniuk!<\/p>\n\n\n\n<p><strong>Kor\u00e1bban m\u00e1r eml\u00edtetted a Bizalmi K\u00f6rben rejl\u0151 lehet\u0151s\u00e9geket. Sz\u00e1modra mi az a plusz, ami k\u00fcl\u00f6nlegess\u00e9 teszi ezt a k\u00f6z\u00f6ss\u00e9get?<\/strong><\/p>\n\n\n\n<p>J.I.: \u00c9n nagyon nagyra \u00e9rt\u00e9kelem, hogy a<a href=\"http:\/\/bizalmikor.hu\"> Bizalmi K\u00f6rben <\/a>egy pezsg\u0151 \u00fczleti k\u00f6z\u00f6ss\u00e9g alakult ki! Megmondom \u0151szint\u00e9n el\u0151sz\u00f6r azt gondoltam, hogy ez a klub egy j\u00f3 hangulat\u00fa hely, ahov\u00e1 a v\u00e1llalkoz\u00f3k szeretnek elj\u00e1rni egy kicsit bulizni. De a Mastermind-tal\u00e1lkoz\u00f3k, illetve a folyamatosan fejl\u0151d\u0151 klubesem\u00e9nyek megv\u00e1ltoztatt\u00e1k a v\u00e9lem\u00e9nyemet. Ez olyannyira igaz, hogy m\u00e1ra az emberi kapcsolatok mellett egy\u00e9rtelm\u0171en a szakmais\u00e1g jut eszembe a klub kapcs\u00e1n!<\/p>\n\n\n\n<p><strong>M\u00e1rcius \u00f3ta r\u00e1ad\u00e1sul a tags\u00e1g mellett a Sz\u00e9chenyi Klub eln\u00f6ks\u00e9g\u00e9ben is fontos szerepet t\u00f6ltesz be! Mi motiv\u00e1lt legink\u00e1bb abban, hogy elv\u00e1llald ezt a poz\u00edci\u00f3t?<\/strong><\/p>\n\n\n\n<p>J.I.: Neh\u00e9z egy okot mondani, hiszen az el\u0151bb eml\u00edtett fejl\u0151d\u00e9s, \u00e9s a v\u00e1llalkoz\u00f3k folyamatos t\u00e1mogat\u00e1sa is komoly szerepet j\u00e1tszott a d\u00f6nt\u00e9semben! Emellett az is motiv\u00e1lt, hogy r\u00e9szt vehetek egy olyan k\u00f6z\u00f6ss\u00e9g fejl\u0151d\u00e9s\u00e9ben \u00e9s t\u00e1mogat\u00e1s\u00e1ban, amely val\u00f3di \u00e9rt\u00e9ket ny\u00fajt a tagjainak. Az eln\u00f6ks\u00e9gi tags\u00e1g lehet\u0151s\u00e9get ad arra, hogy akt\u00edvan hozz\u00e1j\u00e1ruljak a klub tov\u00e1bbi b\u0151v\u00fcl\u00e9s\u00e9hez \u00e9s fejl\u0151d\u00e9s\u00e9hez.<\/p>\n\n\n\n<p><strong>V\u00e9gezet\u00fcl, milyen eredm\u00e9nyekkel lenn\u00e9l el\u00e9gedett, ha napra pontosan egy \u00e9v m\u00falva besz\u00e9lgetn\u00e9nk az eln\u00f6ks\u00e9g kapcs\u00e1n?<\/strong><\/p>\n\n\n\n<p>J.I.: Ha a k\u00f6z\u00f6ss\u00e9g tov\u00e1bb b\u0151v\u00fclne olyan tagokkal, akik illeszkednek a Bizalmi K\u00f6r szellemis\u00e9g\u00e9hez \u00e9s \u00e9rt\u00e9keihez, az m\u00e1r az \u00f6nmag\u00e1ban nagy siker lenne. Fontos sz\u00e1momra, hogy a klub tagjai val\u00f3di hozz\u00e1adott \u00e9rt\u00e9ket kapjanak, amely seg\u00edti \u0151ket \u00fczleti \u00e9s szem\u00e9lyes fejl\u0151d\u00e9s\u00fckben.<\/p>\n\n\n\n<p><\/p>\n\n\n\n<hr class=\"wp-block-separator is-style-wide\"\/>\n\n\n\n<p class=\"has-text-align-center has-white-color has-text-color has-background\" style=\"background-color:#bc9655\"><strong>Ha szeretn\u00e9l a leginnovat\u00edvabb c\u00e9gvezet\u0151k k\u00f6z\u00e9 tartozni, vend\u00e9gk\u00e9nt elj\u00f6nni valamelyik esem\u00e9ny\u00fcnkre ne habozz, t\u00f6ltsd ki az al\u00e1bbi \u0171rlapot \u00e9s visszah\u00edvunk!<\/strong><\/p>\n\n\n\n<script async=\"\" src=\"https:\/\/r3.minicrm.hu\/api\/minicrm.js?t=1707742343\"><\/script>\n<link rel=\"stylesheet\" href=\"https:\/\/r3.minicrm.hu\/api\/minicrm.css\">\n<style><\/style>\n<form formhash=\"51855-1sl03jl6580kfr7ignab0oj7so5r9e\" action=\"https:\/\/r3.minicrm.hu\/Api\/Signup\" method=\"post\" class=\"TurnKeyCRM\" id=\"Web\">\n                        <fieldset>\n            <legend>\u00c9rdekl\u0151d\u00e9si \u0171rlap<\/legend>\n                                        <div class=\"InputBlock\">\n                    <label for=\"Contact_LastName_2413\" class=\"Required\">Vezet\u00e9kn\u00e9v<\/label>\n                                                                \n                                            <input data-field=\"LastName\" data-table=\"Contact\" data-type=\"Person\" name=\"Contact[2413][LastName]\" id=\"Contact_LastName_2413\" language=\"HU\" type=\"text\">\n                                                        <\/div>\n                            <div class=\"InputBlock\">\n                    <label for=\"Contact_FirstName_2413\" class=\"Required\">Keresztn\u00e9v<\/label>\n                                                                \n                                            <input data-field=\"FirstName\" data-table=\"Contact\" data-type=\"Person\" name=\"Contact[2413][FirstName]\" id=\"Contact_FirstName_2413\" language=\"HU\" type=\"text\">\n                                                        <\/div>\n                            <div class=\"InputBlock\">\n                    <label for=\"Contact_Name_2412\" class=\"Required\">C\u00e9gn\u00e9v<\/label>\n                                                                \n                                            <input data-field=\"Name\" data-table=\"Contact\" data-type=\"Business\" name=\"Contact[2412][Name]\" id=\"Contact_Name_2412\" language=\"HU\" type=\"text\">\n                                                        <\/div>\n                            <div class=\"InputBlock\">\n                    <label for=\"Contact_Phone_2413\" class=\"Required\">Telefonsz\u00e1m<\/label>\n                                                                \n                                            <input data-field=\"Phone\" data-table=\"Contact\" data-type=\"Person\" name=\"Contact[2413][Phone]\" id=\"Contact_Phone_2413\" language=\"HU\" type=\"text\">\n                                                        <\/div>\n                            <div class=\"InputBlock\">\n                    <label for=\"Contact_Email_2413\" class=\"Required\">Email-c\u00edm<\/label>\n                                                                \n                                            <input data-field=\"Email\" data-table=\"Contact\" data-type=\"Person\" name=\"Contact[2413][Email]\" id=\"Contact_Email_2413\" language=\"HU\" type=\"text\">\n                                                        <\/div>\n                            <div class=\"InputBlock\">\n                    <label for=\"ToDo_Comment_2415\">\u00dczenet<\/label>\n                                                                \n                                            <textarea data-field=\"Comment\" data-table=\"ToDo\" data-type=\"\" name=\"ToDo[2415][Comment]\" id=\"ToDo_Comment_2415\" language=\"HU\"><\/textarea>\n                                                        <\/div>\n                                <\/fieldset>\n        \n    <div id=\"Response_51855-1sl03jl6580kfr7ignab0oj7so5r9e\" style=\"display: none;\" class=\"Response\"><\/div>\n    <input id=\"Submit_51855-1sl03jl6580kfr7ignab0oj7so5r9e\" type=\"Submit\" value=\"K\u00fcld\u00e9s\">\n<\/form>\n","protected":false},"excerpt":{"rendered":"<p>Megfelel\u0151 c\u00e9gvezet\u0151i k\u00e9szs\u00e9gek, mesters\u00e9ges intelligencia, \u00e9s a Bizalmi K\u00f6r. T\u00f6bbek k\u00f6z\u00f6tt ezekr\u0151l a t\u00e9m\u00e1kr\u00f3l besz\u00e9lgett\u00fcnk az OPTITAX Sz\u00e1mviteli Kft. \u00fcgyvezet\u0151j\u00e9vel, J\u00e1szber\u00e9nyi Ivettel, aki nemr\u00e9giben a Sz\u00e9chenyi Klub eln\u00f6ks\u00e9gi tagja lett.&nbsp; Ivett, szerinted mi a legf\u0151bb k\u00fcl\u00f6nbs\u00e9g a j\u00f3, \u00e9s a kev\u00e9sb\u00e9 j\u00f3 vezet\u0151k k\u00f6z\u00f6tt? J\u00e1szber\u00e9nyi Ivett: A k\u00fcl\u00f6nbs\u00e9g a j\u00f3 \u00e9s a kev\u00e9sb\u00e9 j\u00f3 vezet\u0151k [&hellip;]<\/p>\n","protected":false},"author":8,"featured_media":7019,"comment_status":"closed","ping_status":"open","sticky":false,"template":"","format":"standard","meta":{"footnotes":""},"categories":[23,34,16,21],"tags":[65,50,70,81],"yoast_head":"<!-- This site is optimized with the Yoast SEO plugin v15.4 - https:\/\/yoast.com\/wordpress\/plugins\/seo\/ -->\n<title>\u201cAz MI egy \u00f3ri\u00e1si dolog, amit a c\u00e9gvezet\u0151knek ki kell haszn\u00e1lniuk!\u201d - interj\u00fa J\u00e1szber\u00e9nyi Ivettel, a Sz\u00e9chenyi Klub \u00faj eln\u00f6ks\u00e9gi tagj\u00e1val<\/title>\n<meta name=\"description\" content=\"Megfelel\u0151 c\u00e9gvezet\u0151i k\u00e9szs\u00e9gek, mesters\u00e9ges intelligencia, \u00e9s a Bizalmi K\u00f6r. Ezekr\u0151l a t\u00e9m\u00e1kr\u00f3l besz\u00e9lgett\u00fcnk J\u00e1szber\u00e9nyi Ivettel.\" \/>\n<meta name=\"robots\" content=\"index, follow, max-snippet:-1, max-image-preview:large, max-video-preview:-1\" \/>\n<link rel=\"canonical\" href=\"https:\/\/bizalmikor.hu\/blog\/2024\/04\/12\/jaszberenyi-ivett-interju-elnokseg\/\" \/>\n<meta property=\"og:locale\" content=\"hu_HU\" \/>\n<meta property=\"og:type\" content=\"article\" \/>\n<meta property=\"og:title\" content=\"\u201cAz MI egy \u00f3ri\u00e1si dolog, amit a c\u00e9gvezet\u0151knek ki kell haszn\u00e1lniuk!\u201d - interj\u00fa J\u00e1szber\u00e9nyi Ivettel, a Sz\u00e9chenyi Klub \u00faj eln\u00f6ks\u00e9gi tagj\u00e1val\" \/>\n<meta property=\"og:description\" content=\"Megfelel\u0151 c\u00e9gvezet\u0151i k\u00e9szs\u00e9gek, mesters\u00e9ges intelligencia, \u00e9s a Bizalmi K\u00f6r. Ezekr\u0151l a t\u00e9m\u00e1kr\u00f3l besz\u00e9lgett\u00fcnk J\u00e1szber\u00e9nyi Ivettel.\" \/>\n<meta property=\"og:url\" content=\"https:\/\/bizalmikor.hu\/blog\/2024\/04\/12\/jaszberenyi-ivett-interju-elnokseg\/\" \/>\n<meta property=\"og:site_name\" content=\"Bizalmi K\u00f6r blog\" \/>\n<meta property=\"article:publisher\" content=\"https:\/\/www.facebook.com\/bizalmikor\" \/>\n<meta property=\"article:published_time\" content=\"2024-04-12T10:58:00+00:00\" \/>\n<meta property=\"article:modified_time\" content=\"2024-06-07T12:32:08+00:00\" \/>\n<meta property=\"og:image\" content=\"https:\/\/bizalmikor.hu\/blog\/wp-content\/uploads\/2024\/04\/Ivett-foto-ok-e1712226980787.jpg\" \/>\n\t<meta property=\"og:image:width\" content=\"801\" \/>\n\t<meta property=\"og:image:height\" content=\"702\" \/>\n<meta name=\"twitter:card\" content=\"summary_large_image\" \/>\n<meta name=\"twitter:label1\" content=\"Szerz\u0151:\">\n\t<meta name=\"twitter:data1\" content=\"B\u00f3dis Tam\u00e1s\">\n\t<meta name=\"twitter:label2\" content=\"Becs\u00fclt olvas\u00e1si id\u0151\">\n\t<meta name=\"twitter:data2\" content=\"4 perc\">\n<script type=\"application\/ld+json\" class=\"yoast-schema-graph\">{\"@context\":\"https:\/\/schema.org\",\"@graph\":[{\"@type\":\"Organization\",\"@id\":\"https:\/\/bizalmikor.hu\/blog\/#organization\",\"name\":\"Bizalmi K\\u00f6r Kft.\",\"url\":\"https:\/\/bizalmikor.hu\/blog\/\",\"sameAs\":[\"https:\/\/www.facebook.com\/bizalmikor\",\"https:\/\/www.instagram.com\/bizalmikor\/\",\"https:\/\/www.linkedin.com\/company\/19165894\",\"https:\/\/www.youtube.com\/channel\/UC7fAD3QCIWeSexU5t6F3YOw?view_as=subscriber\"],\"logo\":{\"@type\":\"ImageObject\",\"@id\":\"https:\/\/bizalmikor.hu\/blog\/#logo\",\"inLanguage\":\"hu\",\"url\":\"https:\/\/bizalmikor.hu\/blog\/wp-content\/uploads\/2019\/02\/Group-2.png\",\"width\":4033,\"height\":1192,\"caption\":\"Bizalmi K\\u00f6r Kft.\"},\"image\":{\"@id\":\"https:\/\/bizalmikor.hu\/blog\/#logo\"}},{\"@type\":\"WebSite\",\"@id\":\"https:\/\/bizalmikor.hu\/blog\/#website\",\"url\":\"https:\/\/bizalmikor.hu\/blog\/\",\"name\":\"Bizalmi K\\u00f6r blog\",\"description\":\"Egynek minden neh\\u00e9z, soknak semmi sem lehetetlen.\",\"publisher\":{\"@id\":\"https:\/\/bizalmikor.hu\/blog\/#organization\"},\"potentialAction\":[{\"@type\":\"SearchAction\",\"target\":\"https:\/\/bizalmikor.hu\/blog\/?s={search_term_string}\",\"query-input\":\"required name=search_term_string\"}],\"inLanguage\":\"hu\"},{\"@type\":\"ImageObject\",\"@id\":\"https:\/\/bizalmikor.hu\/blog\/2024\/04\/12\/jaszberenyi-ivett-interju-elnokseg\/#primaryimage\",\"inLanguage\":\"hu\",\"url\":\"https:\/\/bizalmikor.hu\/blog\/wp-content\/uploads\/2024\/04\/Ivett-foto-ok-e1712226980787.jpg\",\"width\":801,\"height\":702},{\"@type\":\"WebPage\",\"@id\":\"https:\/\/bizalmikor.hu\/blog\/2024\/04\/12\/jaszberenyi-ivett-interju-elnokseg\/#webpage\",\"url\":\"https:\/\/bizalmikor.hu\/blog\/2024\/04\/12\/jaszberenyi-ivett-interju-elnokseg\/\",\"name\":\"\\u201cAz MI egy \\u00f3ri\\u00e1si dolog, amit a c\\u00e9gvezet\\u0151knek ki kell haszn\\u00e1lniuk!\\u201d - interj\\u00fa J\\u00e1szber\\u00e9nyi Ivettel, a Sz\\u00e9chenyi Klub \\u00faj eln\\u00f6ks\\u00e9gi tagj\\u00e1val\",\"isPartOf\":{\"@id\":\"https:\/\/bizalmikor.hu\/blog\/#website\"},\"primaryImageOfPage\":{\"@id\":\"https:\/\/bizalmikor.hu\/blog\/2024\/04\/12\/jaszberenyi-ivett-interju-elnokseg\/#primaryimage\"},\"datePublished\":\"2024-04-12T10:58:00+00:00\",\"dateModified\":\"2024-06-07T12:32:08+00:00\",\"description\":\"Megfelel\\u0151 c\\u00e9gvezet\\u0151i k\\u00e9szs\\u00e9gek, mesters\\u00e9ges intelligencia, \\u00e9s a Bizalmi K\\u00f6r. Ezekr\\u0151l a t\\u00e9m\\u00e1kr\\u00f3l besz\\u00e9lgett\\u00fcnk J\\u00e1szber\\u00e9nyi Ivettel.\",\"inLanguage\":\"hu\",\"potentialAction\":[{\"@type\":\"ReadAction\",\"target\":[\"https:\/\/bizalmikor.hu\/blog\/2024\/04\/12\/jaszberenyi-ivett-interju-elnokseg\/\"]}]},{\"@type\":\"Article\",\"@id\":\"https:\/\/bizalmikor.hu\/blog\/2024\/04\/12\/jaszberenyi-ivett-interju-elnokseg\/#article\",\"isPartOf\":{\"@id\":\"https:\/\/bizalmikor.hu\/blog\/2024\/04\/12\/jaszberenyi-ivett-interju-elnokseg\/#webpage\"},\"author\":{\"@id\":\"https:\/\/bizalmikor.hu\/blog\/#\/schema\/person\/900f8fade04f1445876464ca8392b3a0\"},\"headline\":\"\\u201cAz MI egy \\u00f3ri\\u00e1si dolog, amit a c\\u00e9gvezet\\u0151knek ki kell haszn\\u00e1lniuk!\\u201d &#8211; interj\\u00fa J\\u00e1szber\\u00e9nyi Ivettel, a Sz\\u00e9chenyi Klub \\u00faj eln\\u00f6ks\\u00e9gi tagj\\u00e1val\",\"datePublished\":\"2024-04-12T10:58:00+00:00\",\"dateModified\":\"2024-06-07T12:32:08+00:00\",\"mainEntityOfPage\":{\"@id\":\"https:\/\/bizalmikor.hu\/blog\/2024\/04\/12\/jaszberenyi-ivett-interju-elnokseg\/#webpage\"},\"publisher\":{\"@id\":\"https:\/\/bizalmikor.hu\/blog\/#organization\"},\"image\":{\"@id\":\"https:\/\/bizalmikor.hu\/blog\/2024\/04\/12\/jaszberenyi-ivett-interju-elnokseg\/#primaryimage\"},\"keywords\":\"bizalmik\\u00f6r,eln\\u00f6ks\\u00e9g,interj\\u00fa,j\\u00e1szber\\u00e9nyi ivett\",\"articleSection\":\"Klubtagok bemutat\\u00e1sa,Magazin,V\\u00e1llalkoz\\u00e1s,Vezet\\u0151i klub\",\"inLanguage\":\"hu\"},{\"@type\":\"Person\",\"@id\":\"https:\/\/bizalmikor.hu\/blog\/#\/schema\/person\/900f8fade04f1445876464ca8392b3a0\",\"name\":\"B\\u00f3dis Tam\\u00e1s\",\"image\":{\"@type\":\"ImageObject\",\"@id\":\"https:\/\/bizalmikor.hu\/blog\/#personlogo\",\"inLanguage\":\"hu\",\"url\":\"https:\/\/secure.gravatar.com\/avatar\/424c0da6ffff0c3ace2283d1d9447f38?s=96&d=mm&r=g\",\"caption\":\"B\\u00f3dis Tam\\u00e1s\"}}]}<\/script>\n<!-- \/ Yoast SEO plugin. -->","_links":{"self":[{"href":"https:\/\/bizalmikor.hu\/blog\/wp-json\/wp\/v2\/posts\/7018"}],"collection":[{"href":"https:\/\/bizalmikor.hu\/blog\/wp-json\/wp\/v2\/posts"}],"about":[{"href":"https:\/\/bizalmikor.hu\/blog\/wp-json\/wp\/v2\/types\/post"}],"author":[{"embeddable":true,"href":"https:\/\/bizalmikor.hu\/blog\/wp-json\/wp\/v2\/users\/8"}],"replies":[{"embeddable":true,"href":"https:\/\/bizalmikor.hu\/blog\/wp-json\/wp\/v2\/comments?post=7018"}],"version-history":[{"count":7,"href":"https:\/\/bizalmikor.hu\/blog\/wp-json\/wp\/v2\/posts\/7018\/revisions"}],"predecessor-version":[{"id":7056,"href":"https:\/\/bizalmikor.hu\/blog\/wp-json\/wp\/v2\/posts\/7018\/revisions\/7056"}],"wp:featuredmedia":[{"embeddable":true,"href":"https:\/\/bizalmikor.hu\/blog\/wp-json\/wp\/v2\/media\/7019"}],"wp:attachment":[{"href":"https:\/\/bizalmikor.hu\/blog\/wp-json\/wp\/v2\/media?parent=7018"}],"wp:term":[{"taxonomy":"category","embeddable":true,"href":"https:\/\/bizalmikor.hu\/blog\/wp-json\/wp\/v2\/categories?post=7018"},{"taxonomy":"post_tag","embeddable":true,"href":"https:\/\/bizalmikor.hu\/blog\/wp-json\/wp\/v2\/tags?post=7018"}],"curies":[{"name":"wp","href":"https:\/\/api.w.org\/{rel}","templated":true}]}}