{"id":7028,"date":"2024-06-01T12:35:52","date_gmt":"2024-06-01T12:35:52","guid":{"rendered":"https:\/\/bizalmikor.hu\/blog\/?p=7028"},"modified":"2024-06-07T12:37:35","modified_gmt":"2024-06-07T12:37:35","slug":"kormany-tamas-interju-elnokseg","status":"publish","type":"post","link":"https:\/\/bizalmikor.hu\/blog\/2024\/06\/01\/kormany-tamas-interju-elnokseg\/","title":{"rendered":"\u201cItt olyan vezet\u0151kkel ismerkedtem meg, akik lehet, hogy egy\u00e9bk\u00e9nt soha nem j\u00f6nn\u00e9nek be a t\u00e1rgyal\u00f3mba\u201d &#8211; interj\u00fa Korm\u00e1ny Tam\u00e1ssal, a Sz\u00e9chenyi Klub \u00faj eln\u00f6ks\u00e9gi tagj\u00e1val"},"content":{"rendered":"\n<p><strong>M\u00falt, jelen, j\u00f6v\u0151 a c\u00e9gvezet\u00e9sben. De m\u00e9gis mi v\u00e1ltozott az elm\u00falt 30 \u00e9vben a v\u00e1llalatok, \u00e9s a d\u00f6nt\u00e9shoz\u00f3k szempontj\u00e1b\u00f3l, illetve mi\u00e9rt fontos a tan\u00e1csad\u00f3i szakma? Ezekr\u0151l a k\u00e9rd\u00e9sekr\u0151l besz\u00e9lgett\u00fcnk a Sz\u00e9chenyi Klub \u00faj eln\u00f6ks\u00e9gi tagj\u00e1val, Korm\u00e1ny Tam\u00e1ssal.<\/strong><\/p>\n\n\n\n<p><\/p>\n\n\n\n<p><strong>Tam\u00e1s, a c\u00e9ged, a CONTROLL Holding Zrt. gyakorlatilag egyid\u0151s a rendszerv\u00e1lt\u00e1ssal. Mit gondolsz, miben m\u00e1s ma v\u00e1llalatot alap\u00edtani, mint a \u201880-as \u00e9vek legv\u00e9g\u00e9n.<\/strong><\/p>\n\n\n\n<p>K.T.: Nagyon m\u00e1s 2024-ben l\u00e9trehozni egy c\u00e9get, mint akkor! J\u00f3 p\u00e9lda erre az a ma m\u00e1r furcs\u00e1n hangz\u00f3 dolog, hogy akkoriban az \u00c1FA egy ismeretlen fogalom volt. A neh\u00e9zs\u00e9gek k\u00f6z\u00e9 tartozott viszont, hogy akkoriban m\u00e9g a korl\u00e1tolt felel\u0151ss\u00e9g\u0171 t\u00e1rsas\u00e1gok alap\u00edt\u00e1sa is komoly kih\u00edv\u00e1st jelentett. Emellett nem ilyen volt a bankrendszer\u00fcnk, mint manaps\u00e1g, nem l\u00e9tezett norm\u00e1lis hum\u00e1ner\u0151forr\u00e1s-szolg\u00e1ltat\u00e1s, teh\u00e1t az embernek vad\u00e1sznia kellett a koll\u00e9g\u00e1kat. Ma m\u00e1r egy m\u0171k\u00f6d\u0151 rendszer \u00e1ll a v\u00e1llalkoz\u00f3k rendelkez\u00e9s\u00e9re, de az ipar\u00e1gak t\u00faltel\u00edtetts\u00e9ge \u00faj kih\u00edv\u00e1sok el\u00e9 \u00e1ll\u00edt minket, ami sokszor \u00f3ri\u00e1si neh\u00e9zs\u00e9geket okoz.<\/p>\n\n\n\n<p><strong>\u00c9s a v\u00e1llalatvezet\u00e9s miben v\u00e1ltozott a legt\u00f6bbet az elm\u00falt \u00e9vtizedekben?<\/strong><\/p>\n\n\n\n<p>K.T.: Na l\u00e1tod, ez a k\u00e9rd\u00e9sk\u00f6r egy teljes egyetemi kurzust meg\u00e9rdemelne! A vezet\u00e9si st\u00edlusok \u00e9s eszk\u00f6z\u00f6k is jelent\u0151sen \u00e1talakultak. A digit\u00e1lis kommunik\u00e1ci\u00f3 lehet\u0151s\u00e9gei teljesen \u00faj dimenzi\u00f3t nyitottak meg a v\u00e1llalatvezet\u00e9sben. A felel\u0151ss\u00e9geloszt\u00e1s \u00e9s a deleg\u00e1l\u00e1s ma m\u00e1r elengedhetetlen, ezek a feladatok viszont r\u00e9gen sokkal kev\u00e9sb\u00e9 voltak hangs\u00falyosak. K\u00fcl\u00f6n \u00e9rdekess\u00e9g, hogy mi m\u00e1r a &#8217;97-t\u0151l kezdve, teh\u00e1t j\u00f3val a COVID el\u0151tt, t\u00e1voli munkav\u00e9gz\u00e9si lehet\u0151s\u00e9geket biztos\u00edtottunk a tan\u00e1csad\u00f3ink sz\u00e1m\u00e1ra.<\/p>\n\n\n\n<p><strong>Te ugye a v\u00e1llalati tan\u00e1csad\u00e1s ter\u00fclet\u00e9n mozogsz, szerinted mi ennek az ipar\u00e1gnak a legf\u0151bb szerepe?<\/strong><\/p>\n\n\n\n<p>K.T.: A tan\u00e1csad\u00e1s, mint m\u0171faj nagyon r\u00e9gi, mondhatn\u00e1nk t\u00f6bb ezer \u00e9ves, hiszen a tapasztalat \u00e1tad\u00e1sa, a tud\u00e1smegoszt\u00e1s \u0151sid\u0151k \u00f3ta megjelenik szinte minden ter\u00fcleten. \u00c9n azt szoktam mondani, hogy a tan\u00e1csad\u00e1s egy hitb\u00e9li k\u00e9rd\u00e9s. A tan\u00e1csad\u00f3 az a szerepl\u0151, aki elmagyar\u00e1zza mondjuk egy alv\u00e1llalkoz\u00f3nak, hogy mik az elv\u00e1r\u00e1sok, \u00e9s ezut\u00e1n pedig seg\u00edti annak a teljes\u00fcl\u00e9s\u00e9t. L\u00e9nyeg\u00e9ben k\u00f6zvet\u00edt\u0151k vagyunk.&nbsp;<\/p>\n\n\n\n<p><strong>Ez manaps\u00e1g is igaz?<\/strong><\/p>\n\n\n\n<p>K.T.: Igen, ez ma sincs m\u00e1sk\u00e9pp, azonban ez a ter\u00fclet is \u00f3ri\u00e1si m\u00e9rt\u00e9kben fejl\u0151d\u00f6tt, j\u00f3 p\u00e9lda erre, hogy 30-35 \u00e9vvel ezel\u0151tt csak p\u00e1r olyan c\u00e9gr\u0151l tudtunk, akik ilyen t\u00edpus\u00fa szolg\u00e1ltat\u00e1st vettek ig\u00e9nybe, ma pedig neh\u00e9z olyan v\u00e1llalatot tal\u00e1lni, akinek ne lenne legal\u00e1bb egy tan\u00e1csad\u00f3ja.<\/p>\n\n\n\n<p><strong>A szakm\u00e1dat \u00e9rint\u0151 k\u00e9rd\u00e9sek ut\u00e1n t\u00e9rj\u00fcnk \u00e1t a Bizalmi K\u00f6rre, hiszen a Te esetedben szerintem az egy k\u00fcl\u00f6n \u00e9rdekess\u00e9g, hogy t\u00f6bb \u00e9vtizedes tapasztalattal rendelkez\u0151 c\u00e9gvezet\u0151k\u00e9nt l\u00e9pt\u00e9l be a klubba. Mik azok a dolgok, amiket itt tanult\u00e1l meg?<\/strong><\/p>\n\n\n\n<p>K.T.: Azt kell, hogy mondjam, a Bizalmi K\u00f6r abban \u00f3ri\u00e1si el\u0151rel\u00e9p\u00e9st jelentett nekem, hogy olyan vezet\u0151kkel ismerkedtem meg, akiknek az eset\u00e9ben egy\u00e1ltal\u00e1n nem t\u00f6rv\u00e9nyszer\u0171, hogy bej\u00f6nnek a t\u00e1rgyal\u00f3mba. Ez pedig komoly tanuls\u00e1g volt sz\u00e1momra mind emberileg, mind szakmailag. R\u00e1j\u00f6ttem ugyanis, hogy tan\u00e1csad\u00e1ssal foglalkoz\u00f3 v\u00e1llalkoz\u00f3k\u00e9nt nem lehet hagyom\u00e1nyos hirdet\u00e9sekkel \u00e9rv\u00e9nyes\u00fclni. Az igazi \u00e9rt\u00e9k a szem\u00e9lyes kapcsolatokon \u00e9s a bizalmon alapul. A Bizalmi K\u00f6rbe val\u00f3 bel\u00e9p\u00e9sem \u00f3ta sz\u00e1mos \u00faj \u00fczleti \u00e9s szem\u00e9lyes kapcsolatot alak\u00edtottam ki, ami \u00faj dimenzi\u00f3kat nyitott meg sz\u00e1momra \u00e9s v\u00e1llalkoz\u00e1som sz\u00e1m\u00e1ra is. Emellett remek emberi kapcsolatokra tettem szert, t\u00f6bb olyan haverom van itt, akivel p\u00e9ld\u00e1ul egy\u00fctt szoktunk vitorl\u00e1zni.<\/p>\n\n\n\n<p><strong>A bar\u00e1ti besz\u00e9lget\u00e9sek mellett azonban most \u00faj feladatok v\u00e1rnak R\u00e1d, hiszen nemr\u00e9g a Sz\u00e9chenyi Klub eln\u00f6ks\u00e9gi tagja lett\u00e9l. Miket tartasz a legf\u0151bb feladataidnak az eln\u00f6ks\u00e9gben?<\/strong><\/p>\n\n\n\n<p>K.T.: \u00cdgy van, nagyon \u00f6r\u00fcltem, hogy felk\u00e9rtek erre a tiszts\u00e9gre! \u00dagy gondolom, hogy az ilyen \u00fczleti k\u00f6z\u00f6ss\u00e9geknek sz\u00fcks\u00e9ge van a hozz\u00e1m hasonl\u00f3 \u201c\u00f6reg vadakra\u201d, hiszen az eln\u00f6ks\u00e9g egyik legfontosabb feladata az \u00faj tagok megsz\u0171r\u00e9se. A klub min\u0151s\u00e9ge \u00e9s j\u00f6v\u0151je szempontj\u00e1b\u00f3l nagyon fontos, hogy az \u00e9rkez\u0151k szakmailag megfelel\u0151 m\u00f3don \u201cszem\u00fcgyre legyenek v\u00e9ve\u201d, hiszen a Bizalmi K\u00f6r ma m\u00e1r egy olyan polcon van, ahol ez a fajta alaposs\u00e1g nagyon is indokolt. Ugye kor\u00e1bban m\u00e1r eml\u00edtettem a tud\u00e1smegoszt\u00e1st, mint nagy \u00e9rt\u00e9ket, ez azonban csak akkor k\u00f6vetkezhet be, hogyha olyan szem\u00e9lyis\u00e9gek, olyan szerepl\u0151k jelennek meg a Mastermind-tal\u00e1lkoz\u00f3kon, vagy a klubesem\u00e9nyeken, akik valamiben t\u00f6bbek \u00e9s jobbak, mint az \u00e1tlag.<\/p>\n\n\n\n<p><\/p>\n\n\n\n<hr class=\"wp-block-separator is-style-wide\"\/>\n\n\n\n<p class=\"has-text-align-center has-white-color has-text-color has-background\" style=\"background-color:#bc9655\"><strong>Ha szeretn\u00e9l a leginnovat\u00edvabb c\u00e9gvezet\u0151k k\u00f6z\u00e9 tartozni, vend\u00e9gk\u00e9nt elj\u00f6nni valamelyik esem\u00e9ny\u00fcnkre ne habozz, t\u00f6ltsd ki az al\u00e1bbi \u0171rlapot \u00e9s visszah\u00edvunk!<\/strong><\/p>\n\n\n\n<script async=\"\" src=\"https:\/\/r3.minicrm.hu\/api\/minicrm.js?t=1707742343\"><\/script>\n<link rel=\"stylesheet\" href=\"https:\/\/r3.minicrm.hu\/api\/minicrm.css\">\n<style><\/style>\n<form formhash=\"51855-1sl03jl6580kfr7ignab0oj7so5r9e\" action=\"https:\/\/r3.minicrm.hu\/Api\/Signup\" method=\"post\" class=\"TurnKeyCRM\" id=\"Web\">\n                        <fieldset>\n            <legend>\u00c9rdekl\u0151d\u00e9si \u0171rlap<\/legend>\n                                        <div class=\"InputBlock\">\n                    <label for=\"Contact_LastName_2413\" class=\"Required\">Vezet\u00e9kn\u00e9v<\/label>\n                                                                \n                                            <input data-field=\"LastName\" data-table=\"Contact\" data-type=\"Person\" name=\"Contact[2413][LastName]\" id=\"Contact_LastName_2413\" language=\"HU\" type=\"text\">\n                                                        <\/div>\n                            <div class=\"InputBlock\">\n                    <label for=\"Contact_FirstName_2413\" class=\"Required\">Keresztn\u00e9v<\/label>\n                                                                \n                                            <input data-field=\"FirstName\" data-table=\"Contact\" data-type=\"Person\" name=\"Contact[2413][FirstName]\" id=\"Contact_FirstName_2413\" language=\"HU\" type=\"text\">\n                                                        <\/div>\n                            <div class=\"InputBlock\">\n                    <label for=\"Contact_Name_2412\" class=\"Required\">C\u00e9gn\u00e9v<\/label>\n                                                                \n                                            <input data-field=\"Name\" data-table=\"Contact\" data-type=\"Business\" name=\"Contact[2412][Name]\" id=\"Contact_Name_2412\" language=\"HU\" type=\"text\">\n                                                        <\/div>\n                            <div class=\"InputBlock\">\n                    <label for=\"Contact_Phone_2413\" class=\"Required\">Telefonsz\u00e1m<\/label>\n                                                                \n                                            <input data-field=\"Phone\" data-table=\"Contact\" data-type=\"Person\" name=\"Contact[2413][Phone]\" id=\"Contact_Phone_2413\" language=\"HU\" type=\"text\">\n                                                        <\/div>\n                            <div class=\"InputBlock\">\n                    <label for=\"Contact_Email_2413\" class=\"Required\">Email-c\u00edm<\/label>\n                                                                \n                                            <input data-field=\"Email\" data-table=\"Contact\" data-type=\"Person\" name=\"Contact[2413][Email]\" id=\"Contact_Email_2413\" language=\"HU\" type=\"text\">\n                                                        <\/div>\n                            <div class=\"InputBlock\">\n                    <label for=\"ToDo_Comment_2415\">\u00dczenet<\/label>\n                                                                \n                                            <textarea data-field=\"Comment\" data-table=\"ToDo\" data-type=\"\" name=\"ToDo[2415][Comment]\" id=\"ToDo_Comment_2415\" language=\"HU\"><\/textarea>\n                                                        <\/div>\n                                <\/fieldset>\n        \n    <div id=\"Response_51855-1sl03jl6580kfr7ignab0oj7so5r9e\" style=\"display: none;\" class=\"Response\"><\/div>\n    <input id=\"Submit_51855-1sl03jl6580kfr7ignab0oj7so5r9e\" type=\"Submit\" value=\"K\u00fcld\u00e9s\">\n<\/form>\n","protected":false},"excerpt":{"rendered":"<p>M\u00falt, jelen, j\u00f6v\u0151 a c\u00e9gvezet\u00e9sben. De m\u00e9gis mi v\u00e1ltozott az elm\u00falt 30 \u00e9vben a v\u00e1llalatok, \u00e9s a d\u00f6nt\u00e9shoz\u00f3k szempontj\u00e1b\u00f3l, \u00e9s mi\u00e9rt fontos a tan\u00e1csad\u00f3i szakma? Ezekr\u0151l a k\u00e9rd\u00e9sekr\u0151l besz\u00e9lgett\u00fcnk a Sz\u00e9chenyi Klub \u00faj eln\u00f6ks\u00e9gi tagj\u00e1val, Korm\u00e1ny Tam\u00e1ssal.<\/p>\n","protected":false},"author":8,"featured_media":7029,"comment_status":"closed","ping_status":"open","sticky":false,"template":"","format":"standard","meta":{"footnotes":""},"categories":[23,32,16,21],"tags":[65,50,70,82],"yoast_head":"<!-- This site is optimized with the Yoast SEO plugin v15.4 - https:\/\/yoast.com\/wordpress\/plugins\/seo\/ -->\n<title>\u201cItt olyan vezet\u0151kkel ismerkedtem meg, akik lehet, hogy egy\u00e9bk\u00e9nt soha nem j\u00f6nn\u00e9nek be a t\u00e1rgyal\u00f3mba\u201d - interj\u00fa Korm\u00e1ny Tam\u00e1ssal, a Sz\u00e9chenyi Klub \u00faj eln\u00f6ks\u00e9gi tagj\u00e1val<\/title>\n<meta name=\"description\" content=\"M\u00falt, jelen, j\u00f6v\u0151 a c\u00e9gvezet\u00e9sben. Ezekr\u0151l a k\u00e9rd\u00e9sekr\u0151l besz\u00e9lgett\u00fcnk a Sz\u00e9chenyi Klub \u00faj eln\u00f6ks\u00e9gi tagj\u00e1val, Korm\u00e1ny Tam\u00e1ssal.\" \/>\n<meta name=\"robots\" content=\"index, follow, max-snippet:-1, max-image-preview:large, max-video-preview:-1\" \/>\n<link rel=\"canonical\" href=\"https:\/\/bizalmikor.hu\/blog\/2024\/06\/01\/kormany-tamas-interju-elnokseg\/\" \/>\n<meta property=\"og:locale\" content=\"hu_HU\" \/>\n<meta property=\"og:type\" content=\"article\" \/>\n<meta property=\"og:title\" content=\"\u201cItt olyan vezet\u0151kkel ismerkedtem meg, akik lehet, hogy egy\u00e9bk\u00e9nt soha nem j\u00f6nn\u00e9nek be a t\u00e1rgyal\u00f3mba\u201d - interj\u00fa Korm\u00e1ny Tam\u00e1ssal, a Sz\u00e9chenyi Klub \u00faj eln\u00f6ks\u00e9gi tagj\u00e1val\" \/>\n<meta property=\"og:description\" content=\"M\u00falt, jelen, j\u00f6v\u0151 a c\u00e9gvezet\u00e9sben. Ezekr\u0151l a k\u00e9rd\u00e9sekr\u0151l besz\u00e9lgett\u00fcnk a Sz\u00e9chenyi Klub \u00faj eln\u00f6ks\u00e9gi tagj\u00e1val, Korm\u00e1ny Tam\u00e1ssal.\" \/>\n<meta property=\"og:url\" content=\"https:\/\/bizalmikor.hu\/blog\/2024\/06\/01\/kormany-tamas-interju-elnokseg\/\" \/>\n<meta property=\"og:site_name\" content=\"Bizalmi K\u00f6r blog\" \/>\n<meta property=\"article:publisher\" content=\"https:\/\/www.facebook.com\/bizalmikor\" \/>\n<meta property=\"article:published_time\" content=\"2024-06-01T12:35:52+00:00\" \/>\n<meta property=\"article:modified_time\" content=\"2024-06-07T12:37:35+00:00\" \/>\n<meta property=\"og:image\" content=\"https:\/\/bizalmikor.hu\/blog\/wp-content\/uploads\/2024\/04\/image0.jpeg\" \/>\n\t<meta property=\"og:image:width\" content=\"1284\" \/>\n\t<meta property=\"og:image:height\" content=\"831\" \/>\n<meta name=\"twitter:card\" content=\"summary_large_image\" \/>\n<meta name=\"twitter:label1\" content=\"Szerz\u0151:\">\n\t<meta name=\"twitter:data1\" content=\"B\u00f3dis Tam\u00e1s\">\n\t<meta name=\"twitter:label2\" content=\"Becs\u00fclt olvas\u00e1si id\u0151\">\n\t<meta name=\"twitter:data2\" content=\"4 perc\">\n<script type=\"application\/ld+json\" class=\"yoast-schema-graph\">{\"@context\":\"https:\/\/schema.org\",\"@graph\":[{\"@type\":\"Organization\",\"@id\":\"https:\/\/bizalmikor.hu\/blog\/#organization\",\"name\":\"Bizalmi K\\u00f6r Kft.\",\"url\":\"https:\/\/bizalmikor.hu\/blog\/\",\"sameAs\":[\"https:\/\/www.facebook.com\/bizalmikor\",\"https:\/\/www.instagram.com\/bizalmikor\/\",\"https:\/\/www.linkedin.com\/company\/19165894\",\"https:\/\/www.youtube.com\/channel\/UC7fAD3QCIWeSexU5t6F3YOw?view_as=subscriber\"],\"logo\":{\"@type\":\"ImageObject\",\"@id\":\"https:\/\/bizalmikor.hu\/blog\/#logo\",\"inLanguage\":\"hu\",\"url\":\"https:\/\/bizalmikor.hu\/blog\/wp-content\/uploads\/2019\/02\/Group-2.png\",\"width\":4033,\"height\":1192,\"caption\":\"Bizalmi K\\u00f6r Kft.\"},\"image\":{\"@id\":\"https:\/\/bizalmikor.hu\/blog\/#logo\"}},{\"@type\":\"WebSite\",\"@id\":\"https:\/\/bizalmikor.hu\/blog\/#website\",\"url\":\"https:\/\/bizalmikor.hu\/blog\/\",\"name\":\"Bizalmi K\\u00f6r blog\",\"description\":\"Egynek minden neh\\u00e9z, soknak semmi sem lehetetlen.\",\"publisher\":{\"@id\":\"https:\/\/bizalmikor.hu\/blog\/#organization\"},\"potentialAction\":[{\"@type\":\"SearchAction\",\"target\":\"https:\/\/bizalmikor.hu\/blog\/?s={search_term_string}\",\"query-input\":\"required name=search_term_string\"}],\"inLanguage\":\"hu\"},{\"@type\":\"ImageObject\",\"@id\":\"https:\/\/bizalmikor.hu\/blog\/2024\/06\/01\/kormany-tamas-interju-elnokseg\/#primaryimage\",\"inLanguage\":\"hu\",\"url\":\"https:\/\/bizalmikor.hu\/blog\/wp-content\/uploads\/2024\/04\/image0.jpeg\",\"width\":1284,\"height\":831},{\"@type\":\"WebPage\",\"@id\":\"https:\/\/bizalmikor.hu\/blog\/2024\/06\/01\/kormany-tamas-interju-elnokseg\/#webpage\",\"url\":\"https:\/\/bizalmikor.hu\/blog\/2024\/06\/01\/kormany-tamas-interju-elnokseg\/\",\"name\":\"\\u201cItt olyan vezet\\u0151kkel ismerkedtem meg, akik lehet, hogy egy\\u00e9bk\\u00e9nt soha nem j\\u00f6nn\\u00e9nek be a t\\u00e1rgyal\\u00f3mba\\u201d - interj\\u00fa Korm\\u00e1ny Tam\\u00e1ssal, a Sz\\u00e9chenyi Klub \\u00faj eln\\u00f6ks\\u00e9gi tagj\\u00e1val\",\"isPartOf\":{\"@id\":\"https:\/\/bizalmikor.hu\/blog\/#website\"},\"primaryImageOfPage\":{\"@id\":\"https:\/\/bizalmikor.hu\/blog\/2024\/06\/01\/kormany-tamas-interju-elnokseg\/#primaryimage\"},\"datePublished\":\"2024-06-01T12:35:52+00:00\",\"dateModified\":\"2024-06-07T12:37:35+00:00\",\"description\":\"M\\u00falt, jelen, j\\u00f6v\\u0151 a c\\u00e9gvezet\\u00e9sben. Ezekr\\u0151l a k\\u00e9rd\\u00e9sekr\\u0151l besz\\u00e9lgett\\u00fcnk a Sz\\u00e9chenyi Klub \\u00faj eln\\u00f6ks\\u00e9gi tagj\\u00e1val, Korm\\u00e1ny Tam\\u00e1ssal.\",\"inLanguage\":\"hu\",\"potentialAction\":[{\"@type\":\"ReadAction\",\"target\":[\"https:\/\/bizalmikor.hu\/blog\/2024\/06\/01\/kormany-tamas-interju-elnokseg\/\"]}]},{\"@type\":\"Article\",\"@id\":\"https:\/\/bizalmikor.hu\/blog\/2024\/06\/01\/kormany-tamas-interju-elnokseg\/#article\",\"isPartOf\":{\"@id\":\"https:\/\/bizalmikor.hu\/blog\/2024\/06\/01\/kormany-tamas-interju-elnokseg\/#webpage\"},\"author\":{\"@id\":\"https:\/\/bizalmikor.hu\/blog\/#\/schema\/person\/900f8fade04f1445876464ca8392b3a0\"},\"headline\":\"\\u201cItt olyan vezet\\u0151kkel ismerkedtem meg, akik lehet, hogy egy\\u00e9bk\\u00e9nt soha nem j\\u00f6nn\\u00e9nek be a t\\u00e1rgyal\\u00f3mba\\u201d &#8211; interj\\u00fa Korm\\u00e1ny Tam\\u00e1ssal, a Sz\\u00e9chenyi Klub \\u00faj eln\\u00f6ks\\u00e9gi tagj\\u00e1val\",\"datePublished\":\"2024-06-01T12:35:52+00:00\",\"dateModified\":\"2024-06-07T12:37:35+00:00\",\"mainEntityOfPage\":{\"@id\":\"https:\/\/bizalmikor.hu\/blog\/2024\/06\/01\/kormany-tamas-interju-elnokseg\/#webpage\"},\"publisher\":{\"@id\":\"https:\/\/bizalmikor.hu\/blog\/#organization\"},\"image\":{\"@id\":\"https:\/\/bizalmikor.hu\/blog\/2024\/06\/01\/kormany-tamas-interju-elnokseg\/#primaryimage\"},\"keywords\":\"bizalmik\\u00f6r,eln\\u00f6ks\\u00e9g,interj\\u00fa,korm\\u00e1ny tam\\u00e1s\",\"articleSection\":\"Klubtagok bemutat\\u00e1sa,Marketing,V\\u00e1llalkoz\\u00e1s,Vezet\\u0151i klub\",\"inLanguage\":\"hu\"},{\"@type\":\"Person\",\"@id\":\"https:\/\/bizalmikor.hu\/blog\/#\/schema\/person\/900f8fade04f1445876464ca8392b3a0\",\"name\":\"B\\u00f3dis Tam\\u00e1s\",\"image\":{\"@type\":\"ImageObject\",\"@id\":\"https:\/\/bizalmikor.hu\/blog\/#personlogo\",\"inLanguage\":\"hu\",\"url\":\"https:\/\/secure.gravatar.com\/avatar\/424c0da6ffff0c3ace2283d1d9447f38?s=96&d=mm&r=g\",\"caption\":\"B\\u00f3dis Tam\\u00e1s\"}}]}<\/script>\n<!-- \/ Yoast SEO plugin. -->","_links":{"self":[{"href":"https:\/\/bizalmikor.hu\/blog\/wp-json\/wp\/v2\/posts\/7028"}],"collection":[{"href":"https:\/\/bizalmikor.hu\/blog\/wp-json\/wp\/v2\/posts"}],"about":[{"href":"https:\/\/bizalmikor.hu\/blog\/wp-json\/wp\/v2\/types\/post"}],"author":[{"embeddable":true,"href":"https:\/\/bizalmikor.hu\/blog\/wp-json\/wp\/v2\/users\/8"}],"replies":[{"embeddable":true,"href":"https:\/\/bizalmikor.hu\/blog\/wp-json\/wp\/v2\/comments?post=7028"}],"version-history":[{"count":6,"href":"https:\/\/bizalmikor.hu\/blog\/wp-json\/wp\/v2\/posts\/7028\/revisions"}],"predecessor-version":[{"id":7065,"href":"https:\/\/bizalmikor.hu\/blog\/wp-json\/wp\/v2\/posts\/7028\/revisions\/7065"}],"wp:featuredmedia":[{"embeddable":true,"href":"https:\/\/bizalmikor.hu\/blog\/wp-json\/wp\/v2\/media\/7029"}],"wp:attachment":[{"href":"https:\/\/bizalmikor.hu\/blog\/wp-json\/wp\/v2\/media?parent=7028"}],"wp:term":[{"taxonomy":"category","embeddable":true,"href":"https:\/\/bizalmikor.hu\/blog\/wp-json\/wp\/v2\/categories?post=7028"},{"taxonomy":"post_tag","embeddable":true,"href":"https:\/\/bizalmikor.hu\/blog\/wp-json\/wp\/v2\/tags?post=7028"}],"curies":[{"name":"wp","href":"https:\/\/api.w.org\/{rel}","templated":true}]}}