{"id":7066,"date":"2024-06-10T14:21:21","date_gmt":"2024-06-10T14:21:21","guid":{"rendered":"https:\/\/bizalmikor.hu\/blog\/?p=7066"},"modified":"2024-06-12T12:17:21","modified_gmt":"2024-06-12T12:17:21","slug":"lakatos-peter-es-gazsi-zoltan-nem-az-orok-eletre-kell-torekedni-hanem-az-ertelmes-eletre-ilyen-volt-nyarnyito-klubtalalkozonk","status":"publish","type":"post","link":"https:\/\/bizalmikor.hu\/blog\/2024\/06\/10\/lakatos-peter-es-gazsi-zoltan-nem-az-orok-eletre-kell-torekedni-hanem-az-ertelmes-eletre-ilyen-volt-nyarnyito-klubtalalkozonk\/","title":{"rendered":"Lakatos P\u00e9ter \u00e9s Gazsi Zolt\u00e1n: Nem az \u00f6r\u00f6k \u00e9letre kell t\u00f6rekedni, hanem az \u00e9rtelmes \u00e9letre &#8211; ilyen volt ny\u00e1rnyit\u00f3 klubtal\u00e1lkoz\u00f3nk"},"content":{"rendered":"\n<figure class=\"wp-block-image size-large is-style-default\"><img loading=\"lazy\" decoding=\"async\" width=\"1024\" height=\"682\" src=\"https:\/\/bizalmikor.hu\/blog\/wp-content\/uploads\/2024\/06\/obol2-1024x682.jpeg\" alt=\"\" class=\"wp-image-7068\" srcset=\"https:\/\/bizalmikor.hu\/blog\/wp-content\/uploads\/2024\/06\/obol2-1024x682.jpeg 1024w, https:\/\/bizalmikor.hu\/blog\/wp-content\/uploads\/2024\/06\/obol2-300x200.jpeg 300w, https:\/\/bizalmikor.hu\/blog\/wp-content\/uploads\/2024\/06\/obol2-768x511.jpeg 768w, https:\/\/bizalmikor.hu\/blog\/wp-content\/uploads\/2024\/06\/obol2-1536x1022.jpeg 1536w, https:\/\/bizalmikor.hu\/blog\/wp-content\/uploads\/2024\/06\/obol2.jpeg 2048w\" sizes=\"(max-width: 1024px) 100vw, 1024px\" \/><figcaption>A sz\u00ednpadon Lakatos P\u00e9ter (balra), Gangel P\u00e9ter (k\u00f6z\u00e9pen) \u00e9s Gazsi Zolt\u00e1n (jobb)<\/figcaption><\/figure>\n\n\n\n<p>Nincs nagyobb \u00f6sszetart\u00f3 er\u0151, mint a bizalom alap\u00fa kapcsolatok, \u00e9s a <a href=\"http:\/\/bizalmikor.hu\">Bizalmi K\u00f6r<\/a> k\u00f6z\u00f6ss\u00e9ge ezt a k\u00f6tel\u00e9ket \u00e1polja minden egyes klubtal\u00e1lkoz\u00f3n. J\u00fanius 6-\u00e1n egy k\u00fcl\u00f6nleges esem\u00e9nnyel z\u00e1rtuk a szezont, majd 200 v\u00e1llalkoz\u00f3 tal\u00e1lkozott az \u00d6b\u00f6lH\u00e1zban. A \u201eHealth is the New Wealth\u201d ny\u00e1rind\u00edt\u00f3 esem\u00e9nye nemcsak a Duna-parti naplement\u00e9r\u0151l \u00e9s a grill vacsor\u00e1r\u00f3l sz\u00f3lt, hanem arr\u00f3l is, hogy klubtagjaink kapcsol\u00f3djank \u00e9s felt\u00f6lt\u0151djenek. <\/p>\n\n\n\n<h2 class=\"wp-block-heading\">Az igazi csapatszellem megm\u00e9rettet\u00e9se: S\u00e1rk\u00e1nyhaj\u00f3z\u00e1s a Duna hull\u00e1main<\/h2>\n\n\n\n<p>Az esem\u00e9ny egyik legizgalmasabb programja a s\u00e1rk\u00e1nyhaj\u00f3 verseny volt, ahol 20 f\u0151s csapatok m\u00e9rt\u00e9k \u00f6ssze erej\u00fcket \u00e9s csapatszellem\u00fcket a Duna hull\u00e1main. A verseny hihetetlen energi\u00e1kat szabad\u00edtott fel, a csapatok k\u00f6zti rivaliz\u00e1l\u00e1s pedig \u00faj szintre emelte a k\u00f6z\u00f6ss\u00e9gi \u00e9lm\u00e9nyt. Sokak sz\u00e1m\u00e1ra ez az \u00e9lm\u00e9ny bizony\u00edtotta, hogy a k\u00f6z\u00f6s c\u00e9l \u00e9s a csapatszellem mekkora er\u0151t adhat.<\/p>\n\n\n\n<figure class=\"wp-block-image size-large is-style-default\"><img loading=\"lazy\" decoding=\"async\" width=\"1024\" height=\"682\" src=\"https:\/\/bizalmikor.hu\/blog\/wp-content\/uploads\/2024\/06\/obol3-1024x682.jpeg\" alt=\"\" class=\"wp-image-7069\" srcset=\"https:\/\/bizalmikor.hu\/blog\/wp-content\/uploads\/2024\/06\/obol3-1024x682.jpeg 1024w, https:\/\/bizalmikor.hu\/blog\/wp-content\/uploads\/2024\/06\/obol3-300x200.jpeg 300w, https:\/\/bizalmikor.hu\/blog\/wp-content\/uploads\/2024\/06\/obol3-768x511.jpeg 768w, https:\/\/bizalmikor.hu\/blog\/wp-content\/uploads\/2024\/06\/obol3-1536x1022.jpeg 1536w, https:\/\/bizalmikor.hu\/blog\/wp-content\/uploads\/2024\/06\/obol3.jpeg 2048w\" sizes=\"(max-width: 1024px) 100vw, 1024px\" \/><\/figure>\n\n\n\n<h2 class=\"wp-block-heading\">Eg\u00e9szs\u00e9g \u00e9s vezet\u00e9s: Gazsi Zolt\u00e1n \u00e9s Lakatos P\u00e9ter el\u0151ad\u00e1sa<\/h2>\n\n\n\n<p>Az esem\u00e9ny m\u00e1sik f\u00e9nypontja <a href=\"http:\/\/Gazsi Zolt\u00e1n - T\u00e9nyleg boldog egy sikeres vezet\u0151? \/ Apaid\u0151 ... YouTube \u00b7 Apaid\u0151 Apr 6, 2024\">Gazsi Zolt\u00e1n <\/a>\u00e9s <a href=\"http:\/\/Lakatos P\u00e9ter - er\u0151nl\u00e9ti szak\u00e9rt\u0151  Lakatos P\u00e9ter https:\/\/peterlakatos.hu\">Lakatos P\u00e9ter<\/a> besz\u00e9lget\u00e9se volt. Gazsi Zolt\u00e1n, az Eisberg Hungary \u00fcgyvezet\u0151je \u00e9s Lakatos P\u00e9ter, er\u0151nl\u00e9ti szak\u00e9rt\u0151 olyan m\u00e9ly \u00e9s inspir\u00e1l\u00f3 gondolatokat osztottak meg, amelyek minden r\u00e9sztvev\u0151t elgondolkodtattak. Zolt\u00e1n saj\u00e1t p\u00e9ld\u00e1j\u00e1n kereszt\u00fcl mutatta be az eg\u00e9szs\u00e9g fontoss\u00e1g\u00e1t, \u00e9s hogy hogyan lehet egy betegs\u00e9gb\u0151l val\u00f3 fel\u00e9p\u00fcl\u00e9s egy \u00e9letre sz\u00f3l\u00f3 tanuls\u00e1g.<\/p>\n\n\n\n<blockquote class=\"wp-block-quote is-layout-flow wp-block-quote-is-layout-flow\"><p> &#8220;Az ember szok\u00e1sait k\u00e9t okb\u00f3l v\u00e1ltoztatja meg: vagy az\u00e9rt, mert f\u00e1j neki, vagy mert \u00f6r\u00f6mmel j\u00e1r. Az identit\u00e1sunk form\u00e1l\u00e1sa m\u00e9ly tudatoss\u00e1got ig\u00e9nyel, mert az hat\u00e1rozza meg, hogy kik vagyunk \u00e9s milyen d\u00f6nt\u00e9seket hozunk&#8221; \u2013 mondta Zolt\u00e1n. Hangs\u00falyozta, hogy &#8220;nem az \u00f6r\u00f6k \u00e9letre kell t\u00f6rekedni, hanem az \u00e9rtelmes \u00e9letre. Lehet, hogy kevesebb id\u0151d van, de az legyen jobban megt\u00f6ltve tartalommal.&#8221;<\/p><\/blockquote>\n\n\n\n<p>Lakatos P\u00e9ter pedig az eg\u00e9szs\u00e9ges \u00e9letm\u00f3d \u00e9s a sikeres c\u00e9gvezet\u00e9s k\u00f6z\u00f6tti kapcsolatot boncolgatta, hangs\u00falyozva a fizikai \u00e9s ment\u00e1lis egyens\u00faly megteremt\u00e9s\u00e9nek sz\u00fcks\u00e9gess\u00e9g\u00e9t. <\/p>\n\n\n\n<blockquote class=\"wp-block-quote is-layout-flow wp-block-quote-is-layout-flow\"><p>&#8220;Abban a pillanatban, amikor megk\u00e9rdezem magamt\u00f3l, hogy most jelen vagyok-e, az visszahoz az itt \u00e9s mostba, \u00e9s jobb d\u00f6nt\u00e9sekre leszek k\u00e9pes.&#8221; <\/p><p>P\u00e9ter arra is kit\u00e9rt, hogy &#8220;foglalkozni kell azzal, hogy mit tegyenek a vezet\u0151k, hogy a sportra is id\u0151t szak\u00edtsanak, hogy megtegy\u00e9k a napi l\u00e9p\u00e9seket. A szok\u00e1sok kialak\u00edt\u00e1sa id\u0151t \u00e9s tudatoss\u00e1got ig\u00e9nyel.<\/p><\/blockquote>\n\n\n\n<figure class=\"wp-block-image size-large is-style-default\"><img loading=\"lazy\" decoding=\"async\" width=\"1024\" height=\"681\" src=\"https:\/\/bizalmikor.hu\/blog\/wp-content\/uploads\/2024\/06\/304-1024x681.jpg\" alt=\"\" class=\"wp-image-7071\" srcset=\"https:\/\/bizalmikor.hu\/blog\/wp-content\/uploads\/2024\/06\/304-1024x681.jpg 1024w, https:\/\/bizalmikor.hu\/blog\/wp-content\/uploads\/2024\/06\/304-300x200.jpg 300w, https:\/\/bizalmikor.hu\/blog\/wp-content\/uploads\/2024\/06\/304-768x511.jpg 768w, https:\/\/bizalmikor.hu\/blog\/wp-content\/uploads\/2024\/06\/304-1536x1022.jpg 1536w, https:\/\/bizalmikor.hu\/blog\/wp-content\/uploads\/2024\/06\/304-2048x1362.jpg 2048w\" sizes=\"(max-width: 1024px) 100vw, 1024px\" \/><\/figure>\n\n\n\n<h2 class=\"wp-block-heading\">K\u00f6z\u00f6ss\u00e9g \u00e9s kapcsolat\u00e9p\u00edt\u00e9s<\/h2>\n\n\n\n<p>Az esem\u00e9nyen \u00f6t klub tagjai tudtak k\u00f6tetlen\u00fcl kapcsol\u00f3dni, \u00e9s ez volt az este val\u00f3di f\u00e9nypontja. A Bizalmi K\u00f6r \u00fczleti k\u00f6z\u00f6ss\u00e9ge egyed\u00fcl\u00e1ll\u00f3 lehet\u0151s\u00e9geket biztos\u00edt a tagok sz\u00e1m\u00e1ra, hiszen nincs olyan probl\u00e9ma, amit ne lehetne megoldani a megfelel\u0151 kapcsolatok \u00e9s k\u00f6z\u00f6s gondolkod\u00e1s r\u00e9v\u00e9n. Network n\u00e9lk\u00fcl nincs siker \u00e9s itt olyan emberek gondolatmenet\u00e9t, sikereit \u00e9s kudarcait hallhatj\u00e1k meg a tagok, akik m\u00e1r sok mindent el\u00e9rtek \u00e9s tapasztaltak az \u00fczleti \u00e9letben. <\/p>\n\n\n\n<figure class=\"wp-block-image size-large is-style-default\"><img loading=\"lazy\" decoding=\"async\" width=\"1024\" height=\"681\" src=\"https:\/\/bizalmikor.hu\/blog\/wp-content\/uploads\/2024\/06\/146-1024x681.jpg\" alt=\"\" class=\"wp-image-7072\" srcset=\"https:\/\/bizalmikor.hu\/blog\/wp-content\/uploads\/2024\/06\/146-1024x681.jpg 1024w, https:\/\/bizalmikor.hu\/blog\/wp-content\/uploads\/2024\/06\/146-300x200.jpg 300w, https:\/\/bizalmikor.hu\/blog\/wp-content\/uploads\/2024\/06\/146-768x511.jpg 768w, https:\/\/bizalmikor.hu\/blog\/wp-content\/uploads\/2024\/06\/146-1536x1022.jpg 1536w, https:\/\/bizalmikor.hu\/blog\/wp-content\/uploads\/2024\/06\/146-2048x1362.jpg 2048w\" sizes=\"(max-width: 1024px) 100vw, 1024px\" \/><\/figure>\n\n\n\n<p>A klub esem\u00e9nyei a kapcsolat\u00e9p\u00edt\u00e9s sz\u00e9less\u00e9g\u00e9t biztos\u00edtj\u00e1k, ahol a tags\u00e1g r\u00e9v\u00e9n olyan kapcsolatokat lehet ki\u00e9p\u00edteni, amelyekhez a val\u00f3 \u00e9letben nagyon neh\u00e9z hozz\u00e1jutni. A Mastermind csoportok pedig a klub m\u00e9lys\u00e9g\u00e9t jelentik, ahol a vezet\u0151i k\u00e9szs\u00e9gek \u00e9s k\u00e9pess\u00e9gek fejleszt\u00e9se t\u00f6rt\u00e9nik, ami elengedhetetlen a c\u00e9gvezet\u0151i sikeress\u00e9ghez.<\/p>\n\n\n\n<figure class=\"wp-block-image size-large is-style-default\"><img loading=\"lazy\" decoding=\"async\" width=\"1024\" height=\"682\" src=\"https:\/\/bizalmikor.hu\/blog\/wp-content\/uploads\/2024\/06\/obol5-1024x682.jpeg\" alt=\"\" class=\"wp-image-7070\" srcset=\"https:\/\/bizalmikor.hu\/blog\/wp-content\/uploads\/2024\/06\/obol5-1024x682.jpeg 1024w, https:\/\/bizalmikor.hu\/blog\/wp-content\/uploads\/2024\/06\/obol5-300x200.jpeg 300w, https:\/\/bizalmikor.hu\/blog\/wp-content\/uploads\/2024\/06\/obol5-768x511.jpeg 768w, https:\/\/bizalmikor.hu\/blog\/wp-content\/uploads\/2024\/06\/obol5-1536x1022.jpeg 1536w, https:\/\/bizalmikor.hu\/blog\/wp-content\/uploads\/2024\/06\/obol5.jpeg 2048w\" sizes=\"(max-width: 1024px) 100vw, 1024px\" \/><figcaption>A sz\u00ednpadon a s\u00e1rk\u00e1nyhaj\u00f3 verseny gy\u0151ztes csapata<\/figcaption><\/figure>\n\n\n\n<p>A vezet\u0151k t\u00f6bb sz\u00e1z vagy ak\u00e1r ezer munka\u00f3r\u00e1nyi tapasztalatot \u00e9s tud\u00e1st hoztak magukkal, amit a vezet\u0151i networking alatt k\u00f6nnyed\u00e9n el\u00e9rhettek a r\u00e9sztvev\u0151k.<\/p>\n\n\n\n<h2 class=\"wp-block-heading\">Gasztro kalandoz\u00e1sok \u00e9s vezet\u0151i networking<\/h2>\n\n\n\n<p>A besz\u00e9lget\u00e9s ut\u00e1n a r\u00e9sztvev\u0151k \u00e9lvezhett\u00e9k a d\u00e9l-amerikai f\u0171szeres rumokat, a Duna-parti grill vacsor\u00e1t \u00e9s az \u00e9l\u0151zen\u00e9t, ami t\u00f6k\u00e9letes h\u00e1tteret biztos\u00edtott a k\u00f6tetlen besz\u00e9lget\u00e9sekhez.<\/p>\n\n\n\n<figure class=\"wp-block-image size-large is-style-default\"><img loading=\"lazy\" decoding=\"async\" width=\"1024\" height=\"681\" src=\"https:\/\/bizalmikor.hu\/blog\/wp-content\/uploads\/2024\/06\/193-1024x681.jpg\" alt=\"\" class=\"wp-image-7073\" srcset=\"https:\/\/bizalmikor.hu\/blog\/wp-content\/uploads\/2024\/06\/193-1024x681.jpg 1024w, https:\/\/bizalmikor.hu\/blog\/wp-content\/uploads\/2024\/06\/193-300x200.jpg 300w, https:\/\/bizalmikor.hu\/blog\/wp-content\/uploads\/2024\/06\/193-768x511.jpg 768w, https:\/\/bizalmikor.hu\/blog\/wp-content\/uploads\/2024\/06\/193-1536x1022.jpg 1536w, https:\/\/bizalmikor.hu\/blog\/wp-content\/uploads\/2024\/06\/193-2048x1362.jpg 2048w\" sizes=\"(max-width: 1024px) 100vw, 1024px\" \/><\/figure>\n\n\n\n<h2 class=\"wp-block-heading\">Az este \u00fczenete<\/h2>\n\n\n\n<p>Az esem\u00e9ny nem csak sz\u00f3rakoztat\u00f3 volt, hanem m\u00e9lyen inspir\u00e1l\u00f3 is. Gazsi Zolt\u00e1n \u00e9s Lakatos P\u00e9ter gondolatai arra \u00f6szt\u00f6n\u00f6zt\u00e9k a r\u00e9sztvev\u0151ket, hogy figyeljenek jobban az eg\u00e9szs\u00e9g\u00fckre, mert \u201eha Te j\u00f3l vagy, a c\u00e9ged is j\u00f3l van\u201d. Az el\u0151ad\u00e1s r\u00e1vil\u00e1g\u00edtott arra, hogy az eg\u00e9szs\u00e9g nem csak egy\u00e9ni, hanem v\u00e1llalati szinten is kiemelked\u0151en fontos, \u00e9s hogy a vezet\u0151k felel\u0151ss\u00e9ge p\u00e9ld\u00e1t mutatni ezen a t\u00e9ren.<\/p>\n\n\n\n<h2 class=\"wp-block-heading\">El\u0151retekint\u00e9s<\/h2>\n\n\n\n<p>A j\u00fanius 6-i esem\u00e9ny egy k\u00fcl\u00f6nleges, s\u00e1rk\u00e1nyhaj\u00f3z\u00f3s, grill vacsis, Duna-parti naplement\u00e9s \u00f6sszevont esem\u00e9nnyel z\u00e1rta a klubesem\u00e9nyek tavaszi szezonj\u00e1t. Az esem\u00e9ny hangulata, a r\u00e9sztvev\u0151k lelkesed\u00e9se \u00e9s a m\u00e9lyrehat\u00f3 besz\u00e9lget\u00e9sek mind hozz\u00e1j\u00e1rultak ahhoz, hogy ez a nap val\u00f3ban eml\u00e9kezetes maradjon. Az \u0151szi szezon m\u00e9g messze van, de az augusztus 23-i exkluz\u00edv ny\u00e1rz\u00e1r\u00f3 esem\u00e9ny r\u00e9szleteit m\u00e1r a j\u00faniusi tal\u00e1lkoz\u00f3kon elkezdt\u00fck felfedni, \u00edgy van mire v\u00e1rniuk a tagoknak a ny\u00e1r v\u00e9g\u00e9n is. <\/p>\n\n\n\n<figure class=\"wp-block-image size-large is-style-default\"><img loading=\"lazy\" decoding=\"async\" width=\"1024\" height=\"682\" src=\"https:\/\/bizalmikor.hu\/blog\/wp-content\/uploads\/2024\/06\/obol-1024x682.jpeg\" alt=\"\" class=\"wp-image-7074\" srcset=\"https:\/\/bizalmikor.hu\/blog\/wp-content\/uploads\/2024\/06\/obol-1024x682.jpeg 1024w, https:\/\/bizalmikor.hu\/blog\/wp-content\/uploads\/2024\/06\/obol-300x200.jpeg 300w, https:\/\/bizalmikor.hu\/blog\/wp-content\/uploads\/2024\/06\/obol-768x511.jpeg 768w, https:\/\/bizalmikor.hu\/blog\/wp-content\/uploads\/2024\/06\/obol-1536x1022.jpeg 1536w, https:\/\/bizalmikor.hu\/blog\/wp-content\/uploads\/2024\/06\/obol.jpeg 2048w\" sizes=\"(max-width: 1024px) 100vw, 1024px\" \/><\/figure>\n\n\n\n<h3 class=\"wp-block-heading\">Z\u00e1r\u00f3 gondolatok<\/h3>\n\n\n\n<p>Az \u00d6b\u00f6lH\u00e1zban t\u00f6lt\u00f6tt este egy\u00e9rtelm\u0171en bebizony\u00edtotta, hogy a Bizalmi K\u00f6rben t\u00f6lt\u00f6tt id\u0151 nemcsak hasznos, hanem felejthetetlen is. Az, hogy itt kikkel, milyen nevekkel tudtak egy\u00fctt gondolkozni \u00e9s kapcsol\u00f3dni a vezet\u0151k, az egyik nagyon fontos \u00e9rt\u00e9ke a klubnak. Az \u00d6b\u00f6lH\u00e1z pedig adta a k\u00f6tetlen hangulatot, az el\u0151ad\u00e1s az inspir\u00e1ci\u00f3t, a k\u00f6z\u00f6ss\u00e9g pedig az \u00f6sszetartoz\u00e1s \u00e9lm\u00e9ny\u00e9t. A klub \u00f6sszes tagja legk\u00f6zelebb augusztus 23.-\u00e1n tal\u00e1lkozik Etyeken, a R\u00f3kusfalvy birtokon. <\/p>\n","protected":false},"excerpt":{"rendered":"<p>Nincs nagyobb \u00f6sszetart\u00f3 er\u0151, mint a bizalom alap\u00fa kapcsolatok, \u00e9s a Bizalmi K\u00f6r k\u00f6z\u00f6ss\u00e9ge ezt a k\u00f6tel\u00e9ket \u00e1polja minden egyes klubtal\u00e1lkoz\u00f3n. J\u00fanius 6-\u00e1n egy k\u00fcl\u00f6nleges esem\u00e9nnyel z\u00e1rtuk a szezont, majd 200 v\u00e1llalkoz\u00f3 tal\u00e1lkozott az \u00d6b\u00f6lH\u00e1zban. A \u201eHealth is the New Wealth\u201d ny\u00e1rind\u00edt\u00f3 esem\u00e9nye nemcsak a Duna-parti naplement\u00e9r\u0151l \u00e9s a grill vacsor\u00e1r\u00f3l sz\u00f3lt, hanem arr\u00f3l is, hogy klubtagjaink kapcsol\u00f3djank \u00e9s felt\u00f6lt\u0151djenek<\/p>\n","protected":false},"author":9,"featured_media":7076,"comment_status":"closed","ping_status":"open","sticky":true,"template":"","format":"standard","meta":{"footnotes":""},"categories":[27],"tags":[],"yoast_head":"<!-- This site is optimized with the Yoast SEO plugin v15.4 - https:\/\/yoast.com\/wordpress\/plugins\/seo\/ -->\n<title>Lakatos P\u00e9ter \u00e9s Gazsi Zolt\u00e1n: nem az \u00f6r\u00f6k \u00e9letre kell t\u00f6rekedni, hanem az \u00e9rtelmesre<\/title>\n<meta name=\"description\" content=\"Lakatos P\u00e9ter \u00e9s Gazsi Zolt\u00e1n besz\u00e9lt a vezet\u00e9s \u00e9s eg\u00e9szs\u00e9g kapcsolat\u00e1r\u00f3l a Bizalmi K\u00f6r szezonz\u00e1r\u00f3 \u00f6sszevont klubesem\u00e9ny\u00e9n.\" \/>\n<meta name=\"robots\" content=\"index, follow, max-snippet:-1, max-image-preview:large, max-video-preview:-1\" \/>\n<link rel=\"canonical\" href=\"https:\/\/bizalmikor.hu\/blog\/2024\/06\/10\/lakatos-peter-es-gazsi-zoltan-nem-az-orok-eletre-kell-torekedni-hanem-az-ertelmes-eletre-ilyen-volt-nyarnyito-klubtalalkozonk\/\" \/>\n<meta property=\"og:locale\" content=\"hu_HU\" \/>\n<meta property=\"og:type\" content=\"article\" \/>\n<meta property=\"og:title\" content=\"Lakatos P\u00e9ter \u00e9s Gazsi Zolt\u00e1n: nem az \u00f6r\u00f6k \u00e9letre kell t\u00f6rekedni, hanem az \u00e9rtelmesre\" \/>\n<meta property=\"og:description\" content=\"Lakatos P\u00e9ter \u00e9s Gazsi Zolt\u00e1n besz\u00e9lt a vezet\u00e9s \u00e9s eg\u00e9szs\u00e9g kapcsolat\u00e1r\u00f3l a Bizalmi K\u00f6r szezonz\u00e1r\u00f3 \u00f6sszevont klubesem\u00e9ny\u00e9n.\" \/>\n<meta property=\"og:url\" content=\"https:\/\/bizalmikor.hu\/blog\/2024\/06\/10\/lakatos-peter-es-gazsi-zoltan-nem-az-orok-eletre-kell-torekedni-hanem-az-ertelmes-eletre-ilyen-volt-nyarnyito-klubtalalkozonk\/\" \/>\n<meta property=\"og:site_name\" content=\"Bizalmi K\u00f6r blog\" \/>\n<meta property=\"article:publisher\" content=\"https:\/\/www.facebook.com\/bizalmikor\" \/>\n<meta property=\"article:published_time\" content=\"2024-06-10T14:21:21+00:00\" \/>\n<meta property=\"article:modified_time\" content=\"2024-06-12T12:17:21+00:00\" \/>\n<meta property=\"og:image\" content=\"https:\/\/bizalmikor.hu\/blog\/wp-content\/uploads\/2024\/06\/obol6.jpeg\" \/>\n\t<meta property=\"og:image:width\" content=\"2048\" \/>\n\t<meta property=\"og:image:height\" content=\"1363\" \/>\n<meta name=\"twitter:card\" content=\"summary_large_image\" \/>\n<meta name=\"twitter:label1\" content=\"Szerz\u0151:\">\n\t<meta name=\"twitter:data1\" content=\"T\u00f3th Vill\u0151\">\n\t<meta name=\"twitter:label2\" content=\"Becs\u00fclt olvas\u00e1si id\u0151\">\n\t<meta name=\"twitter:data2\" content=\"4 perc\">\n<script type=\"application\/ld+json\" class=\"yoast-schema-graph\">{\"@context\":\"https:\/\/schema.org\",\"@graph\":[{\"@type\":\"Organization\",\"@id\":\"https:\/\/bizalmikor.hu\/blog\/#organization\",\"name\":\"Bizalmi K\\u00f6r Kft.\",\"url\":\"https:\/\/bizalmikor.hu\/blog\/\",\"sameAs\":[\"https:\/\/www.facebook.com\/bizalmikor\",\"https:\/\/www.instagram.com\/bizalmikor\/\",\"https:\/\/www.linkedin.com\/company\/19165894\",\"https:\/\/www.youtube.com\/channel\/UC7fAD3QCIWeSexU5t6F3YOw?view_as=subscriber\"],\"logo\":{\"@type\":\"ImageObject\",\"@id\":\"https:\/\/bizalmikor.hu\/blog\/#logo\",\"inLanguage\":\"hu\",\"url\":\"https:\/\/bizalmikor.hu\/blog\/wp-content\/uploads\/2019\/02\/Group-2.png\",\"width\":4033,\"height\":1192,\"caption\":\"Bizalmi K\\u00f6r Kft.\"},\"image\":{\"@id\":\"https:\/\/bizalmikor.hu\/blog\/#logo\"}},{\"@type\":\"WebSite\",\"@id\":\"https:\/\/bizalmikor.hu\/blog\/#website\",\"url\":\"https:\/\/bizalmikor.hu\/blog\/\",\"name\":\"Bizalmi K\\u00f6r blog\",\"description\":\"Egynek minden neh\\u00e9z, soknak semmi sem lehetetlen.\",\"publisher\":{\"@id\":\"https:\/\/bizalmikor.hu\/blog\/#organization\"},\"potentialAction\":[{\"@type\":\"SearchAction\",\"target\":\"https:\/\/bizalmikor.hu\/blog\/?s={search_term_string}\",\"query-input\":\"required name=search_term_string\"}],\"inLanguage\":\"hu\"},{\"@type\":\"ImageObject\",\"@id\":\"https:\/\/bizalmikor.hu\/blog\/2024\/06\/10\/lakatos-peter-es-gazsi-zoltan-nem-az-orok-eletre-kell-torekedni-hanem-az-ertelmes-eletre-ilyen-volt-nyarnyito-klubtalalkozonk\/#primaryimage\",\"inLanguage\":\"hu\",\"url\":\"https:\/\/bizalmikor.hu\/blog\/wp-content\/uploads\/2024\/06\/obol6.jpeg\",\"width\":2048,\"height\":1363},{\"@type\":\"WebPage\",\"@id\":\"https:\/\/bizalmikor.hu\/blog\/2024\/06\/10\/lakatos-peter-es-gazsi-zoltan-nem-az-orok-eletre-kell-torekedni-hanem-az-ertelmes-eletre-ilyen-volt-nyarnyito-klubtalalkozonk\/#webpage\",\"url\":\"https:\/\/bizalmikor.hu\/blog\/2024\/06\/10\/lakatos-peter-es-gazsi-zoltan-nem-az-orok-eletre-kell-torekedni-hanem-az-ertelmes-eletre-ilyen-volt-nyarnyito-klubtalalkozonk\/\",\"name\":\"Lakatos P\\u00e9ter \\u00e9s Gazsi Zolt\\u00e1n: nem az \\u00f6r\\u00f6k \\u00e9letre kell t\\u00f6rekedni, hanem az \\u00e9rtelmesre\",\"isPartOf\":{\"@id\":\"https:\/\/bizalmikor.hu\/blog\/#website\"},\"primaryImageOfPage\":{\"@id\":\"https:\/\/bizalmikor.hu\/blog\/2024\/06\/10\/lakatos-peter-es-gazsi-zoltan-nem-az-orok-eletre-kell-torekedni-hanem-az-ertelmes-eletre-ilyen-volt-nyarnyito-klubtalalkozonk\/#primaryimage\"},\"datePublished\":\"2024-06-10T14:21:21+00:00\",\"dateModified\":\"2024-06-12T12:17:21+00:00\",\"description\":\"Lakatos P\\u00e9ter \\u00e9s Gazsi Zolt\\u00e1n besz\\u00e9lt a vezet\\u00e9s \\u00e9s eg\\u00e9szs\\u00e9g kapcsolat\\u00e1r\\u00f3l a Bizalmi K\\u00f6r szezonz\\u00e1r\\u00f3 \\u00f6sszevont klubesem\\u00e9ny\\u00e9n.\",\"inLanguage\":\"hu\",\"potentialAction\":[{\"@type\":\"ReadAction\",\"target\":[\"https:\/\/bizalmikor.hu\/blog\/2024\/06\/10\/lakatos-peter-es-gazsi-zoltan-nem-az-orok-eletre-kell-torekedni-hanem-az-ertelmes-eletre-ilyen-volt-nyarnyito-klubtalalkozonk\/\"]}]},{\"@type\":\"Article\",\"@id\":\"https:\/\/bizalmikor.hu\/blog\/2024\/06\/10\/lakatos-peter-es-gazsi-zoltan-nem-az-orok-eletre-kell-torekedni-hanem-az-ertelmes-eletre-ilyen-volt-nyarnyito-klubtalalkozonk\/#article\",\"isPartOf\":{\"@id\":\"https:\/\/bizalmikor.hu\/blog\/2024\/06\/10\/lakatos-peter-es-gazsi-zoltan-nem-az-orok-eletre-kell-torekedni-hanem-az-ertelmes-eletre-ilyen-volt-nyarnyito-klubtalalkozonk\/#webpage\"},\"author\":{\"@id\":\"https:\/\/bizalmikor.hu\/blog\/#\/schema\/person\/a7db6af961d4c1e38c8e8be8c9dfa522\"},\"headline\":\"Lakatos P\\u00e9ter \\u00e9s Gazsi Zolt\\u00e1n: Nem az \\u00f6r\\u00f6k \\u00e9letre kell t\\u00f6rekedni, hanem az \\u00e9rtelmes \\u00e9letre &#8211; ilyen volt ny\\u00e1rnyit\\u00f3 klubtal\\u00e1lkoz\\u00f3nk\",\"datePublished\":\"2024-06-10T14:21:21+00:00\",\"dateModified\":\"2024-06-12T12:17:21+00:00\",\"mainEntityOfPage\":{\"@id\":\"https:\/\/bizalmikor.hu\/blog\/2024\/06\/10\/lakatos-peter-es-gazsi-zoltan-nem-az-orok-eletre-kell-torekedni-hanem-az-ertelmes-eletre-ilyen-volt-nyarnyito-klubtalalkozonk\/#webpage\"},\"publisher\":{\"@id\":\"https:\/\/bizalmikor.hu\/blog\/#organization\"},\"image\":{\"@id\":\"https:\/\/bizalmikor.hu\/blog\/2024\/06\/10\/lakatos-peter-es-gazsi-zoltan-nem-az-orok-eletre-kell-torekedni-hanem-az-ertelmes-eletre-ilyen-volt-nyarnyito-klubtalalkozonk\/#primaryimage\"},\"articleSection\":\"Rendezv\\u00e9ny\",\"inLanguage\":\"hu\"},{\"@type\":\"Person\",\"@id\":\"https:\/\/bizalmikor.hu\/blog\/#\/schema\/person\/a7db6af961d4c1e38c8e8be8c9dfa522\",\"name\":\"T\\u00f3th Vill\\u0151\",\"image\":{\"@type\":\"ImageObject\",\"@id\":\"https:\/\/bizalmikor.hu\/blog\/#personlogo\",\"inLanguage\":\"hu\",\"url\":\"https:\/\/secure.gravatar.com\/avatar\/6156c6a85e0f711de85777ac55cb531b?s=96&d=mm&r=g\",\"caption\":\"T\\u00f3th Vill\\u0151\"}}]}<\/script>\n<!-- \/ Yoast SEO plugin. -->","_links":{"self":[{"href":"https:\/\/bizalmikor.hu\/blog\/wp-json\/wp\/v2\/posts\/7066"}],"collection":[{"href":"https:\/\/bizalmikor.hu\/blog\/wp-json\/wp\/v2\/posts"}],"about":[{"href":"https:\/\/bizalmikor.hu\/blog\/wp-json\/wp\/v2\/types\/post"}],"author":[{"embeddable":true,"href":"https:\/\/bizalmikor.hu\/blog\/wp-json\/wp\/v2\/users\/9"}],"replies":[{"embeddable":true,"href":"https:\/\/bizalmikor.hu\/blog\/wp-json\/wp\/v2\/comments?post=7066"}],"version-history":[{"count":4,"href":"https:\/\/bizalmikor.hu\/blog\/wp-json\/wp\/v2\/posts\/7066\/revisions"}],"predecessor-version":[{"id":7080,"href":"https:\/\/bizalmikor.hu\/blog\/wp-json\/wp\/v2\/posts\/7066\/revisions\/7080"}],"wp:featuredmedia":[{"embeddable":true,"href":"https:\/\/bizalmikor.hu\/blog\/wp-json\/wp\/v2\/media\/7076"}],"wp:attachment":[{"href":"https:\/\/bizalmikor.hu\/blog\/wp-json\/wp\/v2\/media?parent=7066"}],"wp:term":[{"taxonomy":"category","embeddable":true,"href":"https:\/\/bizalmikor.hu\/blog\/wp-json\/wp\/v2\/categories?post=7066"},{"taxonomy":"post_tag","embeddable":true,"href":"https:\/\/bizalmikor.hu\/blog\/wp-json\/wp\/v2\/tags?post=7066"}],"curies":[{"name":"wp","href":"https:\/\/api.w.org\/{rel}","templated":true}]}}